{"id":761067,"date":"2026-01-31T13:10:11","date_gmt":"2026-01-31T13:10:11","guid":{"rendered":"https:\/\/www.europesays.com\/de\/761067\/"},"modified":"2026-01-31T13:10:11","modified_gmt":"2026-01-31T13:10:11","slug":"demonstration-in-wuppertal-solidaritaet-mit-rojava","status":"publish","type":"post","link":"https:\/\/www.europesays.com\/de\/761067\/","title":{"rendered":"Demonstration in Wuppertal: \u201eSolidarit\u00e4t mit Rojava\u201c"},"content":{"rendered":"<p class=\"text_ohne_einzug richtext text-em-55 !leading-serif mx-6 desktop:mx-0\">Unter dem Titel Solidarit\u00e4t mit Rojava\u201c gibt es am Samstag, 31. Januar, eine Demonstration. Los geht es um 14 Uhr auf dem Johannes-Rau-Platz in Barmen. \u00dcber innerst\u00e4dtische Stra\u00dfen und Teile der B7 soll der Demonstrationszug Richtung Elberfeld ziehen. Die Aktion endet gegen 17 Uhr auf dem Laurentiusplatz. Die private Anmelderin erwarte 1000 Teilnehmer. Die Polizei Wuppertal ist mit starken Kr\u00e4ften vor Ort. Laut Polizei finden \u00e4hnliche Aktionen in mehreren St\u00e4dten in NRW statt.<\/p>\n","protected":false},"excerpt":{"rendered":"Unter dem Titel Solidarit\u00e4t mit Rojava\u201c gibt es am Samstag, 31. Januar, eine Demonstration. Los geht es um&hellip;\n","protected":false},"author":2,"featured_media":761068,"comment_status":"","ping_status":"","sticky":false,"template":"","format":"standard","meta":{"footnotes":"","_share_on_mastodon":"0"},"categories":[1840],"tags":[3951,3364,507,15157,29,30,1209,167183,14129,10517,4418],"class_list":["post-761067","post","type-post","status-publish","format-standard","has-post-thumbnail","category-wuppertal","tag-aktion","tag-de","tag-demonstration","tag-demonstrationszug","tag-deutschland","tag-germany","tag-nordrhein-westfalen","tag-rojava","tag-samstag","tag-solidaritaet","tag-wuppertal"],"share_on_mastodon":{"url":"https:\/\/pubeurope.com\/@de\/115989880942580774","error":""},"_links":{"self":[{"href":"https:\/\/www.europesays.com\/de\/wp-json\/wp\/v2\/posts\/761067","targetHints":{"allow":["GET"]}}],"collection":[{"href":"https:\/\/www.europesays.com\/de\/wp-json\/wp\/v2\/posts"}],"about":[{"href":"https:\/\/www.europesays.com\/de\/wp-json\/wp\/v2\/types\/post"}],"author":[{"embeddable":true,"href":"https:\/\/www.europesays.com\/de\/wp-json\/wp\/v2\/users\/2"}],"replies":[{"embeddable":true,"href":"https:\/\/www.europesays.com\/de\/wp-json\/wp\/v2\/comments?post=761067"}],"version-history":[{"count":0,"href":"https:\/\/www.europesays.com\/de\/wp-json\/wp\/v2\/posts\/761067\/revisions"}],"wp:featuredmedia":[{"embeddable":true,"href":"https:\/\/www.europesays.com\/de\/wp-json\/wp\/v2\/media\/761068"}],"wp:attachment":[{"href":"https:\/\/www.europesays.com\/de\/wp-json\/wp\/v2\/media?parent=761067"}],"wp:term":[{"taxonomy":"category","embeddable":true,"href":"https:\/\/www.europesays.com\/de\/wp-json\/wp\/v2\/categories?post=761067"},{"taxonomy":"post_tag","embeddable":true,"href":"https:\/\/www.europesays.com\/de\/wp-json\/wp\/v2\/tags?post=761067"}],"curies":[{"name":"wp","href":"https:\/\/api.w.org\/{rel}","templated":true}]}}