{"id":761129,"date":"2026-01-31T13:44:11","date_gmt":"2026-01-31T13:44:11","guid":{"rendered":"https:\/\/www.europesays.com\/de\/761129\/"},"modified":"2026-01-31T13:44:11","modified_gmt":"2026-01-31T13:44:11","slug":"warnung-vor-glaette-im-rems-murr-kreis-und-stuttgart-in-der-nacht-auf-sonntag-nachrichten-aus-dem-rems-murr-kreis","status":"publish","type":"post","link":"https:\/\/www.europesays.com\/de\/761129\/","title":{"rendered":"Warnung vor Gl\u00e4tte im Rems-Murr-Kreis und Stuttgart in der Nacht auf Sonntag &#8211; Nachrichten aus dem Rems-Murr-Kreis"},"content":{"rendered":"<p><strong>Rems-Murr-Kreis.\u00a0<\/strong> Der Deutsche Wetterdienst (DWD) warnt vor Gl\u00e4tte in der Nacht von Samstag (31.01.) auf Sonntag (01.02.). Die Warnung gilt f\u00fcr den  Rems-Murr-Kreis sowie f\u00fcr die Stadt Stuttgart von Samstag, 19 Uhr bis Sonntag, 11 Uhr ( Stand: 12.30 Uhr).<\/p>\n<p>Es besteht eine Gl\u00e4ttegefahr der Stufe eins von vier. Der DWD weist auf Rutschgefahr hin. Zudem gilt f\u00fcr den Zeitraum eine Warnung vor Frost (Stufe eins von zwei).<\/p>\n","protected":false},"excerpt":{"rendered":"Rems-Murr-Kreis.\u00a0 Der Deutsche Wetterdienst (DWD) warnt vor Gl\u00e4tte in der Nacht von Samstag (31.01.) auf Sonntag (01.02.). Die&hellip;\n","protected":false},"author":2,"featured_media":761130,"comment_status":"","ping_status":"","sticky":false,"template":"","format":"standard","meta":{"footnotes":"","_share_on_mastodon":"0"},"categories":[1830],"tags":[1634,3364,29,4906,30,42751,140600,1441,23290],"class_list":["post-761129","post","type-post","status-publish","format-standard","has-post-thumbnail","category-stuttgart","tag-baden-wuerttemberg","tag-de","tag-deutschland","tag-dwd","tag-germany","tag-glaette","tag-glaettewarnung","tag-stuttgart","tag-warnung"],"share_on_mastodon":{"url":"https:\/\/pubeurope.com\/@de\/115990014664230022","error":""},"_links":{"self":[{"href":"https:\/\/www.europesays.com\/de\/wp-json\/wp\/v2\/posts\/761129","targetHints":{"allow":["GET"]}}],"collection":[{"href":"https:\/\/www.europesays.com\/de\/wp-json\/wp\/v2\/posts"}],"about":[{"href":"https:\/\/www.europesays.com\/de\/wp-json\/wp\/v2\/types\/post"}],"author":[{"embeddable":true,"href":"https:\/\/www.europesays.com\/de\/wp-json\/wp\/v2\/users\/2"}],"replies":[{"embeddable":true,"href":"https:\/\/www.europesays.com\/de\/wp-json\/wp\/v2\/comments?post=761129"}],"version-history":[{"count":0,"href":"https:\/\/www.europesays.com\/de\/wp-json\/wp\/v2\/posts\/761129\/revisions"}],"wp:featuredmedia":[{"embeddable":true,"href":"https:\/\/www.europesays.com\/de\/wp-json\/wp\/v2\/media\/761130"}],"wp:attachment":[{"href":"https:\/\/www.europesays.com\/de\/wp-json\/wp\/v2\/media?parent=761129"}],"wp:term":[{"taxonomy":"category","embeddable":true,"href":"https:\/\/www.europesays.com\/de\/wp-json\/wp\/v2\/categories?post=761129"},{"taxonomy":"post_tag","embeddable":true,"href":"https:\/\/www.europesays.com\/de\/wp-json\/wp\/v2\/tags?post=761129"}],"curies":[{"name":"wp","href":"https:\/\/api.w.org\/{rel}","templated":true}]}}