{"id":761238,"date":"2026-01-31T14:45:14","date_gmt":"2026-01-31T14:45:14","guid":{"rendered":"https:\/\/www.europesays.com\/de\/761238\/"},"modified":"2026-01-31T14:45:14","modified_gmt":"2026-01-31T14:45:14","slug":"handball-em-daenen-trainer-nikolaj-jacobsen-macht-deutschland-druck-ansage-sport","status":"publish","type":"post","link":"https:\/\/www.europesays.com\/de\/761238\/","title":{"rendered":"Handball-EM: D\u00e4nen-Trainer Nikolaj Jacobsen macht Deutschland Druck-Ansage | Sport"},"content":{"rendered":"<p><b>D\u00e4nemark steht im EM-Finale \u2013 und ausgerechnet jetzt wackelt der Top-Favorit. Im Halbfinale im Jyske Bank Boxen setzte sich der Favorit mit 31:28 gegen Island durch, zuvor hatte <\/b><a href=\"https:\/\/www.bild.de\/sport\/mehr-sport\/handball-bundestrainer-hat-nominiert-das-ist-der-kader-fuer-die-handball-em-69419117d8f9059f60ab1f15\" class=\"text-link\" rel=\"nofollow noopener\" target=\"_blank\"><b>Deutschland<\/b><\/a><b> Kroatien ebenfalls 31:28 geschlagen. \u201eBeide Mannschaften stehen verdient im Finale\u201c, sagt Flensburgs Top-D\u00e4ne Simon Pytlick (25). Es ist das letzte von insgesamt 65 Turnierspielen (18 Uhr, ZDF und Dyn live).<\/b><\/p>\n<p>Sportlich ist <a href=\"https:\/\/www.bild.de\/sport\/mehr-sport\/handball-em-daenemark-kaempft-sich-gegen-island-ins-finale-697d029afa531953d521674a\" class=\"text-link\" rel=\"nofollow noopener\" target=\"_blank\">D\u00e4nemark<\/a> die Nr.\u00a01 im Welthandball: Olympiasieger und viermaliger Weltmeister. Doch der EM-Titel fehlt seit 2012. Mit Gold k\u00f6nnten die D\u00e4nen Historisches schaffen und alle drei gro\u00dfen Titel gleichzeitig halten. Trotzdem ist die Ausgangslage heikel \u2013 denn ausgerechnet vor dem Finale ist das Zentrum schwer angeschlagen.<\/p>\n<p><a class=\"article-image__anchor\" href=\"https:\/\/www.dyn.sport\/sport_handball\" target=\"_blank\" rel=\"noopener nofollow\"><img decoding=\"async\" width=\"992\" height=\"84\" alt=\"\" src=\"https:\/\/www.europesays.com\/de\/wp-content\/uploads\/2026\/01\/3253e8ae9dd8a91eef9c8d6730cc6f90,7ca298ee.png\"   class=\"dynamic\" loading=\"lazy\"\/><\/a><\/p>\n<p>Foto: BILD<\/p>\n<p>Insgesamt f\u00fcnf Kreisl\u00e4ufer fielen im Turnierverlauf aus oder waren gar nicht erst einsetzbar. Lukas J\u00f6rgensen (26\/Kreuzbandriss), Emil Bergholt (28\/\u00dcberlastungsreaktion im Mittelfu\u00df), Frederik Ladefoged (29\/Oberschenkel) und Andreas Magaard (27\/Patellasehne). Zuletzt erwischte es <a href=\"https:\/\/www.bild.de\/sport\/mehr-sport\/handball-em-daenemark-star-simon-hald-nach-kopf-schlag-im-krankenhaus-697d3639f0e62064809dfdb7\" class=\"text-link\" rel=\"nofollow noopener\" target=\"_blank\">Simon Hald<\/a> (31\/Aalborg), der mit Verdacht auf Gehirnersch\u00fctterung weiterhin im Krankenhaus liegt. Trainer Nikolaj Jacobsen (54) muss den Innenblock neu bauen \u2013 kurz vor dem gr\u00f6\u00dften Spiel.<\/p>\n<p>Karaoke, Buzzer &amp; Gute Laune : Die Kabinenparty unserer DHB-Stars<a class=\"anchor video-teaser__anchor\" href=\"https:\/\/www.bild.de\/sport\/mehr-sport\/finaaaale-so-feiern-unsere-dhb-stars-in-der-kabine-697dbf5e7ea9076356b7e06c\" rel=\"nofollow noopener\" target=\"_blank\"><img decoding=\"async\" width=\"992\" height=\"558\" alt=\"\" src=\"https:\/\/www.europesays.com\/de\/wp-content\/uploads\/2026\/01\/6f523e06d8cc3fb2d8ca78cc78a9eae1,513f84ed.jpeg\"   class=\"landscape teaser__image\" loading=\"lazy\"\/><\/a><\/p>\n<p>Quelle: DYN, BILD31.01.2026<\/p>\n<p>Jacobsen spricht offen \u00fcber die Lage \u2013 und schickt zugleich eine klare Ansage Richtung DHB-Team. \u201eIch kann nur sagen: Die kriegen keine bessere Chance als morgen. Wenn die uns einmal schlagen wollen, dann sollen sie versuchen, es morgen zu tun.\u201c<\/p>\n<p>Der D\u00e4nen-Trainer macht aber auch kein Hehl aus seinen Sorgen. \u201eMorgen wird es schwierig. Wenn f\u00fcnf Kreisl\u00e4ufer fehlen, dann kann ich das Spiel morgen nicht so genie\u00dfen.\u201c Er sagt auch: \u201eEs ist klar, ich w\u00e4re nat\u00fcrlich mit einem anderen Bauchgef\u00fchl reingegangen, wenn wir nicht so viele Verletzungen h\u00e4tten.\u201c Auf BILD-Nachfrage zu Simon Hald erkl\u00e4rt Jacobsen: \u201eSimon geht es gut, aber er ist immer noch im Krankenhaus.\u201c<\/p>\n<p>Mehr zum Thema<\/p>\n<p>Trotz allem \u00fcberwiegt die Vorfreude aufs Finale im eigenen Wohnzimmer in Herning. \u201eViele D\u00e4nen kommen, viele Deutsche. Es wird ein fantastisches Erlebnis, dieses EM-Finale zu spielen.\u201c Den Favoritenstatus empfindet Jacobsen nicht als Last. \u201eEs ist nur positiver Druck. Die Jungs m\u00fcssen nichts beweisen, sie haben ja alles gewonnen. Sie haben gezeigt, dass sie guten Handball spielen k\u00f6nnen.\u201c<\/p>\n<p>Und doch ist da die gro\u00dfe Sehnsucht nach dem fehlenden Titel. \u201eDie ist sehr gro\u00df, das ist klar. Dann habe ich alle drei gewonnen, das w\u00e4re gut.\u201c Entscheidend sei am Ende aber etwas anderes: \u201eMorgen ist es wichtiger, dass man rausgeht, es genie\u00dft und Spa\u00df hat. Und daran denkt, warum man angefangen hat mit Handball \u2013 weil man es liebt.\u201c<\/p>\n","protected":false},"excerpt":{"rendered":"D\u00e4nemark steht im EM-Finale \u2013 und ausgerechnet jetzt wackelt der Top-Favorit. Im Halbfinale im Jyske Bank Boxen setzte&hellip;\n","protected":false},"author":2,"featured_media":761239,"comment_status":"","ping_status":"","sticky":false,"template":"","format":"standard","meta":{"footnotes":"","_share_on_mastodon":"0"},"categories":[2],"tags":[331,3924,332,3922,1263,132876,132872,101712,1160,3364,39208,29,11662,1932,23446,129825,1933,30,39209,78116,60126,1391,1929,164432,37984,161564,125272,38956,132877,5009,13,42623,132879,15308,33851,156954,53038,129826,164431,132873,164429,14,3923,15,3921,11660,9380,9378,12,132878,164430,132875,9949,132874,542,4581,45,7748,23444,15314,17341,101713],"class_list":["post-761238","post","type-post","status-publish","format-standard","has-post-thumbnail","category-deutschland","tag-aktuelle-nachrichten","tag-aktuelle-nachrichten-aus-deutschland","tag-aktuelle-news","tag-aktuelle-news-aus-deutschland","tag-aufmacher-bereich","tag-boxen-jyske-bank","tag-chatton-benjamin","tag-dahmke-rune","tag-daenemark","tag-de","tag-deutsche-handballnationalmannschaft","tag-deutschland","tag-dhb","tag-dyn-handball","tag-fischer-justus","tag-freihoefer-tim","tag-fuechse-berlin","tag-germany","tag-gislason-alfred","tag-golla-johannes","tag-grgic-marko","tag-handball","tag-handball-ereignisse","tag-handball-euro","tag-handball-em","tag-handball-em-2026","tag-handballnationalmannschaft","tag-hanning-bob","tag-haeseler-mathis","tag-hbl","tag-headlines","tag-herning","tag-kiesler-tom","tag-knorr-juri","tag-koester-julian","tag-langhoff-matthes","tag-lichtlein-nils","tag-ludwig-lasse","tag-meckes-ingo","tag-mertens-lukas","tag-michelmann-andreas","tag-nachrichten","tag-nachrichten-aus-deutschland","tag-news","tag-news-aus-deutschland","tag-rhein-neckar-loewen","tag-sc-dhfk-leipzig","tag-sc-magdeburg","tag-schlagzeilen","tag-schluroff-miro","tag-schober-mark","tag-semper-franz","tag-sg-flensburg-handewitt","tag-spaeth-david","tag-sport-leuchtturm-hamburg","tag-sport-tag-im-ticker","tag-texttospeech","tag-thw-kiel","tag-uscins-renars","tag-weitzmann-dirk","tag-wolff-andreas","tag-zerbe-lukas"],"share_on_mastodon":{"url":"","error":"Validation failed: Text character limit of 500 exceeded"},"_links":{"self":[{"href":"https:\/\/www.europesays.com\/de\/wp-json\/wp\/v2\/posts\/761238","targetHints":{"allow":["GET"]}}],"collection":[{"href":"https:\/\/www.europesays.com\/de\/wp-json\/wp\/v2\/posts"}],"about":[{"href":"https:\/\/www.europesays.com\/de\/wp-json\/wp\/v2\/types\/post"}],"author":[{"embeddable":true,"href":"https:\/\/www.europesays.com\/de\/wp-json\/wp\/v2\/users\/2"}],"replies":[{"embeddable":true,"href":"https:\/\/www.europesays.com\/de\/wp-json\/wp\/v2\/comments?post=761238"}],"version-history":[{"count":0,"href":"https:\/\/www.europesays.com\/de\/wp-json\/wp\/v2\/posts\/761238\/revisions"}],"wp:featuredmedia":[{"embeddable":true,"href":"https:\/\/www.europesays.com\/de\/wp-json\/wp\/v2\/media\/761239"}],"wp:attachment":[{"href":"https:\/\/www.europesays.com\/de\/wp-json\/wp\/v2\/media?parent=761238"}],"wp:term":[{"taxonomy":"category","embeddable":true,"href":"https:\/\/www.europesays.com\/de\/wp-json\/wp\/v2\/categories?post=761238"},{"taxonomy":"post_tag","embeddable":true,"href":"https:\/\/www.europesays.com\/de\/wp-json\/wp\/v2\/tags?post=761238"}],"curies":[{"name":"wp","href":"https:\/\/api.w.org\/{rel}","templated":true}]}}