{"id":761598,"date":"2026-01-31T18:00:13","date_gmt":"2026-01-31T18:00:13","guid":{"rendered":"https:\/\/www.europesays.com\/de\/761598\/"},"modified":"2026-01-31T18:00:13","modified_gmt":"2026-01-31T18:00:13","slug":"fahrertuer-von-kugeln-durchsiebt-mann-am-steuer-seines-transporters-erschossen-regional","status":"publish","type":"post","link":"https:\/\/www.europesays.com\/de\/761598\/","title":{"rendered":"Fahrert\u00fcr von Kugeln durchsiebt: Mann am Steuer seines Transporters erschossen | Regional"},"content":{"rendered":"<p><a class=\"skip-content skip-content--link\" href=\"#in-content-skip-link-target-v-0-0\">TTS-Player \u00fcberspringen\u21b5<\/a><a id=\"in-content-skip-link-target-v-0-0\" class=\"skip-content--target-link-hidden skip-content skip-content--target-link\" href=\"#in-content-skip-link-target-v-0-0\">Artikel weiterlesen<\/a><\/p>\n<p>Berlin \u2013 <b>Ein Transporter steht am Stra\u00dfenrand, die Fahrert\u00fcr ist mit Einschussl\u00f6chern durchsiebt! Der Fahrer dieses Wagens wurde erschossen, w\u00e4hrend er noch am Steuer sa\u00df. Polizisten entdeckten den 44-j\u00e4hrigen Mann leblos \u00fcber seinem Lenkrad liegen. Zu diesem Zeitpunkt waren die T\u00e4ter l\u00e4ngst auf der Flucht. Die Ermittler gehen von einem gezielten Mordanschlag aus.   <\/b><\/p>\n<p>Wie ein Polizeisprecher auf BILD-Anfrage best\u00e4tigte, wurden die Beamten und Feuerwehrleute gegen 6 Uhr zur Gustav-Adolf-Stra\u00dfe im <a href=\"https:\/\/www.bild.de\/regional\/berlin\/berlin-regional\/home-15823246.bild.html\" class=\"text-link\" rel=\"nofollow noopener\" target=\"_blank\">Berliner<\/a> Ortsteil Wei\u00dfensee alarmiert. Zeugen hatten demnach eine Schie\u00dferei gemeldet. <\/p>\n<p>Wenig sp\u00e4ter wurde das Ausma\u00df der Sch\u00fcsse erkennbar: Offenbar hatte ein dunkles Auto neben dem geparkten Kleintransporter gehalten, bislang Unbekannte er\u00f6ffneten das Feuer und trafen dabei mehrfach den t\u00fcrkischst\u00e4mmigen Fahrer.<\/p>\n<p><img decoding=\"async\" width=\"992\" height=\"558\" alt=\"Gro\u00dfeinsatz in Wei\u00dfensee\" src=\"https:\/\/www.europesays.com\/de\/wp-content\/uploads\/2026\/01\/bb45a4e901cd89065c68a9553fc4631e,7cc14c55.jpeg\"   class=\"landscape\" loading=\"lazy\"\/><\/p>\n<p class=\"fig__caption__text\">Gro\u00dfeinsatz in Wei\u00dfensee nach den Sch\u00fcssen auf den Kleintransporter<\/p>\n<p>Foto: Thomas Peise<\/p>\n<p>\u201eEs war eine gezielte T\u00f6tung\u201c<\/p>\n<p>Der 44-J\u00e4hrige verstarb noch vor Ort, alle Reanimationsversuche blieben erfolglos. Als die <a href=\"https:\/\/www.bild.de\/regional\/aktuelles\/polizei\/polizeieinsatz-alle-infos-76681760.bild.html\" class=\"text-link\" rel=\"nofollow noopener\" target=\"_blank\">Polizei<\/a> eintraf, waren die T\u00e4ter bereits auf der Flucht. Polizeisprecher \u00d6mer Kele\u015fo\u011flu best\u00e4tigte gegen\u00fcber BILD den Vorfall. Die 7. Mordkommission habe im Auftrag der Staatsanwaltschaft die Ermittlungen \u00fcbernommen. <\/p>\n<p>Michael Petzold, Sprecher der Staatsanwaltschaft: \u201eWir befinden uns noch ganz am Anfang der Ermittlungen. Hintergr\u00fcnde sind noch nicht bekannt und werden jetzt ermittelt.\u201c In Ermittlerkreisen wird von einem gezielten Mordanschlag ausgegangen.<\/p>\n<p><img decoding=\"async\" width=\"992\" height=\"558\" alt=\"Ermittler bei der Tatortarbeit\" src=\"https:\/\/www.europesays.com\/de\/wp-content\/uploads\/2026\/01\/36bb632139b3bdc59dd58537a16fcb70,cc793d6a.jpeg\"   class=\"landscape\" loading=\"lazy\"\/><\/p>\n<p class=\"fig__caption__text\">Ermittler bei der Tatortarbeit<\/p>\n<p>Foto: Olaf Wagner<\/p>\n<p>Stephan Weh, Landeschef der Gewerkschaft der Polizei, zu BILD: \u201eDas war keine schiefgegangene Warnung, sondern eine gezielte T\u00f6tung. Wer mehrfach auf die Fahrert\u00fcr eines geparkten Fahrzeugs schie\u00dft, nimmt nicht billigend in Kauf, dass ein Mensch stirbt, sondern will diesen t\u00f6ten. Eine solche Tat zeugt von einer extremen Gewaltbereitschaft.\u201c<\/p>\n<p>Polizei sucht Zeugen<\/p>\n<p>Im Rahmen der andauernden Ermittlungen bittet die Polizei Berlin um Mithilfe und fragt:<\/p>\n<p>\u25ba  Wer hat die Tat beobachtet?<\/p>\n<p>\u25ba Wer kann Bilder- oder Videoaufnahmen (z.B. aus einer Dash-Cam), die im Zusammenhang    mit der Tat stehen k\u00f6nnten, zur Verf\u00fcgung stellen?<\/p>\n<p>\u25ba Wer kann Angaben zum T\u00e4ter bzw. zu den T\u00e4tern machen?<\/p>\n<p>\u25ba Wer hat das mutma\u00dflich dunkle Tatfahrzeug gesehen und kann hierzu n\u00e4here Angaben machen?<\/p>\n<p>\u25ba Wer kann sonstige sachdienliche Hinweise f\u00fcr die Ermittlungen geben?<\/p>\n<p>Hinweise nimmt die 7. Mordkommission des Landeskriminalamts in der Keithstra\u00dfe 30 in Berlin-Tiergarten telefonisch unter der Rufnummer (030) 4664-911777, per Fax unter der Faxnummer (030) 4664-911799 oder per E-Mail an lka117@polizei.berlin.de entgegen.<\/p>\n<p>Bandenkriege in der Vergangenheit<\/p>\n<p>In den vergangenen Wochen hatte sich der Krieg im Bereich der Organisierten Kriminalit\u00e4t versch\u00e4rft, immer \u00f6fter wurden scharfe Waffen eingesetzt. Die Polizei reagierte und schuf die \u201eBAO Ferrum\u201c. Diese speziellen Ermittler haben bereits mehrere F\u00e4lle gekl\u00e4rt, Waffen samt Munition sichergestellt und mehr als 100 Personen festgenommen. <\/p>\n","protected":false},"excerpt":{"rendered":"TTS-Player \u00fcberspringen\u21b5Artikel weiterlesen Berlin \u2013 Ein Transporter steht am Stra\u00dfenrand, die Fahrert\u00fcr ist mit Einschussl\u00f6chern durchsiebt! Der Fahrer&hellip;\n","protected":false},"author":2,"featured_media":761599,"comment_status":"","ping_status":"","sticky":false,"template":"","format":"standard","meta":{"footnotes":"","_share_on_mastodon":"0"},"categories":[1825],"tags":[296,29,30,121,9115,45,8509],"class_list":["post-761598","post","type-post","status-publish","format-standard","has-post-thumbnail","category-berlin","tag-berlin","tag-deutschland","tag-germany","tag-polizei","tag-schusswaffen","tag-texttospeech","tag-weissensee"],"share_on_mastodon":{"url":"https:\/\/pubeurope.com\/@de\/115991021221222170","error":""},"_links":{"self":[{"href":"https:\/\/www.europesays.com\/de\/wp-json\/wp\/v2\/posts\/761598","targetHints":{"allow":["GET"]}}],"collection":[{"href":"https:\/\/www.europesays.com\/de\/wp-json\/wp\/v2\/posts"}],"about":[{"href":"https:\/\/www.europesays.com\/de\/wp-json\/wp\/v2\/types\/post"}],"author":[{"embeddable":true,"href":"https:\/\/www.europesays.com\/de\/wp-json\/wp\/v2\/users\/2"}],"replies":[{"embeddable":true,"href":"https:\/\/www.europesays.com\/de\/wp-json\/wp\/v2\/comments?post=761598"}],"version-history":[{"count":0,"href":"https:\/\/www.europesays.com\/de\/wp-json\/wp\/v2\/posts\/761598\/revisions"}],"wp:featuredmedia":[{"embeddable":true,"href":"https:\/\/www.europesays.com\/de\/wp-json\/wp\/v2\/media\/761599"}],"wp:attachment":[{"href":"https:\/\/www.europesays.com\/de\/wp-json\/wp\/v2\/media?parent=761598"}],"wp:term":[{"taxonomy":"category","embeddable":true,"href":"https:\/\/www.europesays.com\/de\/wp-json\/wp\/v2\/categories?post=761598"},{"taxonomy":"post_tag","embeddable":true,"href":"https:\/\/www.europesays.com\/de\/wp-json\/wp\/v2\/tags?post=761598"}],"curies":[{"name":"wp","href":"https:\/\/api.w.org\/{rel}","templated":true}]}}