{"id":761710,"date":"2026-01-31T19:06:14","date_gmt":"2026-01-31T19:06:14","guid":{"rendered":"https:\/\/www.europesays.com\/de\/761710\/"},"modified":"2026-01-31T19:06:14","modified_gmt":"2026-01-31T19:06:14","slug":"ueberraschungssieg-in-leipzig-note-2-fuer-diese-4-mainzer-sport","status":"publish","type":"post","link":"https:\/\/www.europesays.com\/de\/761710\/","title":{"rendered":"\u00dcberraschungssieg in Leipzig: Note 2 f\u00fcr DIESE 4 Mainzer | Sport"},"content":{"rendered":"<p><b>N\u00e4chster Erfolg f\u00fcr Mainz 05!<\/b><\/p>\n<p>Bei RB Leipzig gewinnt das Team von Trainer Urs Fischer (59) \u00fcberraschend mit 2:1 und steht damit zumindest vor\u00fcbergehend nicht mehr auf einem Abstiegsplatz (Rang 15). F\u00fcr die Mainzer war das Spiel ein Auf und Ab. Benedict Hollerbach (24) musste fr\u00fchzeitig verletzt und unter Tr\u00e4nen vom Platz getragen werden. Die Nullf\u00fcnfer zittern jetzt um ihre Offensiv-Waffe. Trotzdem lie\u00dfen sich seine Kollegen davon nicht unterkriegen. 4 Mainz-Stars bekommen die BILD-Note 2.<\/p>\n<p>Lesen Sie die komplette Einzelkritik bei BILDplus.<\/p>\n","protected":false},"excerpt":{"rendered":"N\u00e4chster Erfolg f\u00fcr Mainz 05! Bei RB Leipzig gewinnt das Team von Trainer Urs Fischer (59) \u00fcberraschend mit&hellip;\n","protected":false},"author":2,"featured_media":761711,"comment_status":"","ping_status":"","sticky":false,"template":"","format":"standard","meta":{"footnotes":"","_share_on_mastodon":"0"},"categories":[1832],"tags":[79308,3364,29,538,74433,30,71,25014,859,469,45],"class_list":["post-761710","post","type-post","status-publish","format-standard","has-post-thumbnail","category-leipzig","tag-bungert-niko","tag-de","tag-deutschland","tag-erste-bundesliga","tag-fischer-urs","tag-germany","tag-leipzig","tag-mainz-05","tag-sachsen","tag-sport-leuchtturm-zentral","tag-texttospeech"],"share_on_mastodon":{"url":"https:\/\/pubeurope.com\/@de\/115991280625829377","error":""},"_links":{"self":[{"href":"https:\/\/www.europesays.com\/de\/wp-json\/wp\/v2\/posts\/761710","targetHints":{"allow":["GET"]}}],"collection":[{"href":"https:\/\/www.europesays.com\/de\/wp-json\/wp\/v2\/posts"}],"about":[{"href":"https:\/\/www.europesays.com\/de\/wp-json\/wp\/v2\/types\/post"}],"author":[{"embeddable":true,"href":"https:\/\/www.europesays.com\/de\/wp-json\/wp\/v2\/users\/2"}],"replies":[{"embeddable":true,"href":"https:\/\/www.europesays.com\/de\/wp-json\/wp\/v2\/comments?post=761710"}],"version-history":[{"count":0,"href":"https:\/\/www.europesays.com\/de\/wp-json\/wp\/v2\/posts\/761710\/revisions"}],"wp:featuredmedia":[{"embeddable":true,"href":"https:\/\/www.europesays.com\/de\/wp-json\/wp\/v2\/media\/761711"}],"wp:attachment":[{"href":"https:\/\/www.europesays.com\/de\/wp-json\/wp\/v2\/media?parent=761710"}],"wp:term":[{"taxonomy":"category","embeddable":true,"href":"https:\/\/www.europesays.com\/de\/wp-json\/wp\/v2\/categories?post=761710"},{"taxonomy":"post_tag","embeddable":true,"href":"https:\/\/www.europesays.com\/de\/wp-json\/wp\/v2\/tags?post=761710"}],"curies":[{"name":"wp","href":"https:\/\/api.w.org\/{rel}","templated":true}]}}