{"id":761714,"date":"2026-01-31T19:08:11","date_gmt":"2026-01-31T19:08:11","guid":{"rendered":"https:\/\/www.europesays.com\/de\/761714\/"},"modified":"2026-01-31T19:08:11","modified_gmt":"2026-01-31T19:08:11","slug":"lage-in-syrien-und-im-iran-tausende-bei-demonstrationen-in-bonn-und-duesseldorf","status":"publish","type":"post","link":"https:\/\/www.europesays.com\/de\/761714\/","title":{"rendered":"Lage in Syrien und im Iran: Tausende bei Demonstrationen in Bonn und D\u00fcsseldorf"},"content":{"rendered":"<p class=\"paragraph article__item\">Tausende Menschen sind in Bonn und <a class=\"rtr-entity\" href=\"https:\/\/www.zeit.de\/thema\/duesseldorf\" rel=\"nofollow noopener\" target=\"_blank\">D\u00fcsseldorf<\/a> angesichts der Situation in Nordsyrien und im Iran zu Demonstrationen gestr\u00f6mt. Im Bonner Hofgarten haben sich nach Angaben eines Polizeisprechers in der Spitze rund 15.000 Demonstranten zu einer pro-kurdischen Kundgebung unter dem Motto \u00abDie Lage in Syrien\u00bb versammelt. Die Polizei war laut Mitteilung mit mehreren hundert Einsatzkr\u00e4ften vor Ort, \u00abum die Versammlung zu begleiten und zu sch\u00fctzen\u00bb, hie\u00df es. \u00abDie Versammlung verlief ohne nennenswerte St\u00f6rungen.\u00bb\n<\/p>\n<p>Aktuelles<\/p>\n<p>                <a href=\"https:\/\/www.zeit.de\/politik\/deutschland\/2026-01\/kurden-syrien-demonstrationen-deutsche-staedte-gxe\" data-ct-label=\"Prokurdische Demonstrationen: Tausende protestieren gegen Angriffe auf Kurden in Syrien\" rel=\"nofollow noopener\" target=\"_blank\"><\/p>\n<p>                        Prokurdische Demonstrationen:<br \/>\n                        Tausende protestieren gegen Angriffe auf Kurden in Syrien<\/p>\n<p>                <\/a><\/p>\n<p>                <a href=\"https:\/\/www.zeit.de\/politik\/ausland\/2026-01\/iran-proteste-eskalation-teheran-hoehepunkt\" data-ct-label=\"Iran: Proteste im Iran erreichen neuen H\u00f6hepunkt\" rel=\"nofollow noopener\" target=\"_blank\"><\/p>\n<p>                        Iran:<br \/>\n                        Proteste im Iran erreichen neuen H\u00f6hepunkt<\/p>\n<p>                <\/a><\/p>\n<p>                <a href=\"https:\/\/www.zeit.de\/politik\/ausland\/2026-01\/iran-proteste-exil-opposition\" data-ct-label=\"Iran: Exil-Opposition ruft zu Generalstreik im Iran auf\" rel=\"nofollow noopener\" target=\"_blank\"><\/p>\n<p>                        Iran:<br \/>\n                        Exil-Opposition ruft zu Generalstreik im Iran auf<\/p>\n<p>                <\/a><\/p>\n<p class=\"paragraph article__item\">In Nord- und Ostsyrien k\u00e4mpfen Regierungstruppen und die kurdisch angef\u00fchrten Syrischen Demokratischen Kr\u00e4fte (SDF) um Macht, Einfluss und Gebietskontrolle.\n<\/p>\n<p>        Weniger Demonstranten in D\u00fcsseldorf        <\/p>\n<p class=\"paragraph article__item\">Ebenfalls mit Einsatzkr\u00e4ften vor Ort war auch die Polizei in D\u00fcsseldorf, wo erneut f\u00fcr Freiheit im Iran demonstriert wurde. Am vergangenen Wochenende waren fast 20.000 Menschen auf die Stra\u00dfe gegangen und hatten friedlich demonstriert. Mit sch\u00e4tzungsweise 4.500 Demonstrierenden beteiligten sich laut Polizei weniger Menschen an einem Demonstrationszug am Samstag, vom Konrad-Adenauer-Platz zu einer <a class=\"rtr-entity\" href=\"https:\/\/www.zeit.de\/thema\/demonstration\" rel=\"nofollow noopener\" target=\"_blank\">Kundgebung<\/a> auf der Landtagswiese. Die Kundgebung sollte um 18.30 Uhr enden. Bei Demonstrationen gegen die iranische Regierung hatte es im Januar Tausende Tote gegeben.\n<\/p>\n<p class=\"paragraph article__item\">\u00a9 dpa-infocom, dpa:260131-930-624446\/2<\/p>\n","protected":false},"excerpt":{"rendered":"Tausende Menschen sind in Bonn und D\u00fcsseldorf angesichts der Situation in Nordsyrien und im Iran zu Demonstrationen gestr\u00f6mt.&hellip;\n","protected":false},"author":2,"featured_media":761715,"comment_status":"","ping_status":"","sticky":false,"template":"","format":"standard","meta":{"footnotes":"","_share_on_mastodon":"0"},"categories":[1831],"tags":[1741,3364,507,29,3405,30,345,173391,15,1209,168666,121,58],"class_list":["post-761714","post","type-post","status-publish","format-standard","has-post-thumbnail","category-duesseldorf","tag-bonn","tag-de","tag-demonstration","tag-deutschland","tag-duesseldorf","tag-germany","tag-iran","tag-lage-in-syrien-und-im-iran","tag-news","tag-nordrhein-westfalen","tag-nordsyrien","tag-polizei","tag-syrien"],"share_on_mastodon":{"url":"https:\/\/pubeurope.com\/@de\/115991288453909487","error":""},"_links":{"self":[{"href":"https:\/\/www.europesays.com\/de\/wp-json\/wp\/v2\/posts\/761714","targetHints":{"allow":["GET"]}}],"collection":[{"href":"https:\/\/www.europesays.com\/de\/wp-json\/wp\/v2\/posts"}],"about":[{"href":"https:\/\/www.europesays.com\/de\/wp-json\/wp\/v2\/types\/post"}],"author":[{"embeddable":true,"href":"https:\/\/www.europesays.com\/de\/wp-json\/wp\/v2\/users\/2"}],"replies":[{"embeddable":true,"href":"https:\/\/www.europesays.com\/de\/wp-json\/wp\/v2\/comments?post=761714"}],"version-history":[{"count":0,"href":"https:\/\/www.europesays.com\/de\/wp-json\/wp\/v2\/posts\/761714\/revisions"}],"wp:featuredmedia":[{"embeddable":true,"href":"https:\/\/www.europesays.com\/de\/wp-json\/wp\/v2\/media\/761715"}],"wp:attachment":[{"href":"https:\/\/www.europesays.com\/de\/wp-json\/wp\/v2\/media?parent=761714"}],"wp:term":[{"taxonomy":"category","embeddable":true,"href":"https:\/\/www.europesays.com\/de\/wp-json\/wp\/v2\/categories?post=761714"},{"taxonomy":"post_tag","embeddable":true,"href":"https:\/\/www.europesays.com\/de\/wp-json\/wp\/v2\/tags?post=761714"}],"curies":[{"name":"wp","href":"https:\/\/api.w.org\/{rel}","templated":true}]}}