{"id":761726,"date":"2026-01-31T19:14:18","date_gmt":"2026-01-31T19:14:18","guid":{"rendered":"https:\/\/www.europesays.com\/de\/761726\/"},"modified":"2026-01-31T19:14:18","modified_gmt":"2026-01-31T19:14:18","slug":"kult-disko-wiener-steffie-steht-zum-verkauf-comeback","status":"publish","type":"post","link":"https:\/\/www.europesays.com\/de\/761726\/","title":{"rendered":"Kult-Disko &#8222;Wiener Steffie&#8220; steht zum Verkauf \u2013 Comeback?"},"content":{"rendered":"<p>Beste Lage in der Altstadt <\/p>\n<p>Kult-Disco steht zum Verkauf \u2013 Comeback?<\/p>\n<p>Aktualisiert am 31.01.2026 &#8211; 19:35 UhrLesedauer: 2 Min.<\/p>\n<p><a href=\"#focus-0\" class=\"transition-colors duration-200 block text-current relative\" data-sctrack=\"FocusGalleryImage.Reference\"><img fetchpriority=\"high\" data-testid=\"Opener.Image\" style=\"--lqipURL:url('https:\/\/images.t-online.de\/2026\/01\/7caCtUmbDxBG\/0x0:4000x2250\/fit-in\/150x0\/filters:blur(25)\/schauspielerin-und-saengerin-yvonne-koenig-bei-einem-auftritt-im-wiener-steffi-archivfoto-der-club-war-bekannt-fuer-seine-partys.jpg')\"   loading=\"eager\" src=\"https:\/\/www.europesays.com\/de\/wp-content\/uploads\/2026\/01\/schauspielerin-und-saengerin-yvonne-koenig-bei-einem-auftritt-im-wiener-steffi-archivfoto-der-club-w.jpeg\" alt=\"Schauspielerin und S\u00e4ngerin Yvonne K\u00f6nig bei einem Auftritt im &quot;Wiener Steffi&quot; (Archivfoto): Der Club war bekannt f\u00fcr seine Partys.\" title=\"Schauspielerin und S\u00e4ngerin Yvonne K\u00f6nig bei einem Auftritt im &quot;Wiener Steffi&quot; (Archivfoto): Der Club war bekannt f\u00fcr seine Partys.\" width=\"4000\" height=\"2250\" class=\"bg-[url:var(--lqipURL)] bg-cover bg-center flex h-full w-full max-w-full\" decoding=\"async\"\/><img style=\"--width:32;--height:32\" loading=\"lazy\" src=\"https:\/\/koeln.t-online.de\/s\/paper\/_next\/static\/media\/zoom-in.f7dae02f.svg\" alt=\"Vergr\u00f6\u00dfern des Bildes\" title=\"Vergr\u00f6\u00dfern des Bildes\" class=\"block h-[calc(var(--height)_\/_16_*_1rem)] w-[calc(var(--width)_\/_16_*_1rem)] max-w-none absolute bottom-8 right-8 rounded-4 bg-snow p-8\" decoding=\"async\"\/><\/a><\/p>\n<p>Schauspielerin und S\u00e4ngerin Yvonne K\u00f6nig (am Mikrofon) bei einem Auftritt im &#8222;Wiener Steffie&#8220; (Archivfoto): Der Club war bekannt f\u00fcr seine Partys. (Quelle: Horst Galuschka\/imago-images-bilder)<\/p>\n<p class=\"font-bold text-18 leading-17\">Das legend\u00e4re &#8222;Wiener Steffie&#8220; in K\u00f6ln sucht einen Nachfolger. Wird das Lokal am Quartermarkt noch einmal er\u00f6ffnet?<\/p>\n<p class=\"text-18 leading-17\">Zehn Jahre nach der Insolvenz sucht das legend\u00e4re &#8222;Wiener Steffie&#8220; am K\u00f6lner Quartermarkt einen neuen Betreiber. Eine aktuelle Immobilienanzeige bietet die 672 Quadratmeter gro\u00dfe Souterrain-Fl\u00e4che der einstigen Partyhochburg f\u00fcr 18,50 Euro pro Quadratmeter an.<\/p>\n<p class=\"text-18 leading-17\">Der Club, der einst als &#8222;Partylokal Nummer 1 in K\u00f6ln&#8220; warb, schloss 2016 nach der Insolvenz von Ex-Wirt und Ex-Prinz Markus Zehnpfennig. Das Amtsgericht K\u00f6ln hatte die Zahlungsunf\u00e4higkeit des bekannten K\u00f6lner Gastronomen damals bekannt gemacht. Zwischenzeitlich konnte dort wieder gefeiert werden, bis der Betrieb auch dann wieder eingestellt wurde.<\/p>\n<p class=\"text-18 leading-17\">Die nun online zu findende Objektbeschreibung verspricht &#8222;vielseitige Nutzungsm\u00f6glichkeiten&#8220; f\u00fcr die zentral gelegene Fl\u00e4che in der Altstadt. Zur Ausstattung geh\u00f6ren demnach mehrere K\u00fchlh\u00e4user, eine Sprinkleranlage, ein Lastenaufzug, Sanit\u00e4ranlagen und ein separater B\u00fcrobereich. Die Immobilie sei &#8222;ab sofort verf\u00fcgbar&#8220;, hei\u00dft es auch in der Immobilienanzeige, die zun\u00e4chst dem Portal &#8222;K\u00f6ln 0221&#8220; aufgefallen war.<\/p>\n<p class=\"text-18 leading-17\">Ob die einstige Kult-Disco, die vor allem bei Besuchern aus dem K\u00f6lner Umland beliebt war, eine Zukunft als Club hat, bleibt offen. Die Homepage des &#8222;Wiener Steffie&#8220; zeigt keine aktuellen Termine, die Facebook-Seite ist seit einem Jahr inaktiv.<\/p>\n<p class=\"text-18 leading-17\">\u00dcber Jahrzehnte pr\u00e4gte das &#8222;Wiener Steffie&#8220; das K\u00f6lner Nachtleben. Der Kellerschuppen am Quartermarkt war Anlaufstelle f\u00fcr Feierw\u00fctige aus der ganzen Region, besonders beliebt bei G\u00e4sten aus dem K\u00f6lner Umland. In den Hochzeiten der Disco dr\u00e4ngten sich die Menschen auf der Tanzfl\u00e4che, w\u00e4hrend Schlager und Partyhits aus den Boxen dr\u00f6hnten.<\/p>\n","protected":false},"excerpt":{"rendered":"Beste Lage in der Altstadt Kult-Disco steht zum Verkauf \u2013 Comeback? Aktualisiert am 31.01.2026 &#8211; 19:35 UhrLesedauer: 2&hellip;\n","protected":false},"author":2,"featured_media":761727,"comment_status":"","ping_status":"","sticky":false,"template":"","format":"standard","meta":{"footnotes":"","_share_on_mastodon":"0"},"categories":[1828],"tags":[165785,20901,4709,29,6763,30,1551,1420,1209,173392,173393,82108],"class_list":["post-761726","post","type-post","status-publish","format-standard","has-post-thumbnail","category-koeln","tag-165785","tag-amtsgericht-koeln","tag-comeback","tag-deutschland","tag-gastronomie","tag-germany","tag-insolvenz","tag-koeln","tag-nordrhein-westfalen","tag-quartermarkt","tag-yvonne-koenig","tag-zahlungsunfaehigkeit"],"share_on_mastodon":{"url":"https:\/\/pubeurope.com\/@de\/115991312187958684","error":""},"_links":{"self":[{"href":"https:\/\/www.europesays.com\/de\/wp-json\/wp\/v2\/posts\/761726","targetHints":{"allow":["GET"]}}],"collection":[{"href":"https:\/\/www.europesays.com\/de\/wp-json\/wp\/v2\/posts"}],"about":[{"href":"https:\/\/www.europesays.com\/de\/wp-json\/wp\/v2\/types\/post"}],"author":[{"embeddable":true,"href":"https:\/\/www.europesays.com\/de\/wp-json\/wp\/v2\/users\/2"}],"replies":[{"embeddable":true,"href":"https:\/\/www.europesays.com\/de\/wp-json\/wp\/v2\/comments?post=761726"}],"version-history":[{"count":0,"href":"https:\/\/www.europesays.com\/de\/wp-json\/wp\/v2\/posts\/761726\/revisions"}],"wp:featuredmedia":[{"embeddable":true,"href":"https:\/\/www.europesays.com\/de\/wp-json\/wp\/v2\/media\/761727"}],"wp:attachment":[{"href":"https:\/\/www.europesays.com\/de\/wp-json\/wp\/v2\/media?parent=761726"}],"wp:term":[{"taxonomy":"category","embeddable":true,"href":"https:\/\/www.europesays.com\/de\/wp-json\/wp\/v2\/categories?post=761726"},{"taxonomy":"post_tag","embeddable":true,"href":"https:\/\/www.europesays.com\/de\/wp-json\/wp\/v2\/tags?post=761726"}],"curies":[{"name":"wp","href":"https:\/\/api.w.org\/{rel}","templated":true}]}}