{"id":762001,"date":"2026-01-31T21:47:55","date_gmt":"2026-01-31T21:47:55","guid":{"rendered":"https:\/\/www.europesays.com\/de\/762001\/"},"modified":"2026-01-31T21:47:55","modified_gmt":"2026-01-31T21:47:55","slug":"so-startet-freitag-der-30-januar-2026-%c2%b7-leipziger-zeitung","status":"publish","type":"post","link":"https:\/\/www.europesays.com\/de\/762001\/","title":{"rendered":"So startet Freitag, der 30. Januar 2026 \u00b7 Leipziger Zeitung"},"content":{"rendered":"<p>Der Leipziger Zoo hat heute Morgen den Namen f\u00fcr das im vergangenen Jahr geborene Koala-Kind bekannt gegeben. Zur Auswahl standen am Ende drei Favoriten. Auf der A9 kracht ein Tesla in eine Unfallstelle, die Frist f\u00fcr die kostenlose Entsorgung von Weihnachtsb\u00e4umen endet. Und in einigen B\u00fcrgerb\u00fcros kommt es heute zu Einschr\u00e4nkungen. LZ mit vier Meldungen, die heute wichtig sind.<\/p>\n<p>Knopfi hei\u00dft jetzt Inala<\/p>\n<p>Mehr als 3000 Vorschl\u00e4ge haben die Fans von Leipzigs Kuschel-Koala-Kind im Zoo eingereicht. Heute wurde die Geduld des Wartens belohnt und das kleine Baby Inala getauft. Drei Namen hatten es ins Finale um die Namensvergabe geschafft. Inala, Ruby und Mani. Sie bedeuten Frieden, Edelstein und Stern. \u00dcber den Sieger konnte\u00a0 online abgestimmt werden. Favorit Inala erhielt 44,7 Prozent der Stimmen.<\/p>\n<p>Einen \u201eArbeitsnamen\u201c hatte das im Juni letzten Jahres geborene Jungtier schon bekommen. \u201eWir wollen das kleine Wesen ja irgendwie ansprechen k\u00f6nnen\u201c, <a href=\"https:\/\/www.l-iz.de\/kultur\/lebensart\/2026\/01\/kuschel-koala-in-leipzig-uberraschungsbesuch-namensgebung-644031\" target=\"_blank\" rel=\"noopener nofollow\">erkl\u00e4rte Tierpfleger Philipp H\u00fcnemeyer<\/a> vor zwei Wochen gegen\u00fcber der LZ. \u201eAber bei unserer Kose-Variante Knopfi wird es definitiv nicht bleiben. Zumal sie in keine indigene australische Sprache \u00fcbertragen werden k\u00f6nnte.\u201c Der Name solle zudem auch zum Ursprung der Koalas passen.<img decoding=\"async\" src=\"https:\/\/www.europesays.com\/de\/wp-content\/uploads\/2026\/01\/176b360ba6ee4ebeb4f86c10cbe602a8.gif\" alt=\"\" width=\"https:\/\/www.l-iz.de\/der-tag\/2026\/01\/1\" height=\"https:\/\/www.l-iz.de\/der-tag\/2026\/01\/1\"\/><\/p>\n<p>Ende Oktober letzten Jahres kletterte das Jungtier erstmals aus dem warmen Bauchbeutel von Mama Erlinga, erkundete zun\u00e4chst deren Gesicht (<a href=\"https:\/\/www.l-iz.de\/kultur\/lebensart\/2025\/10\/leipzig-ist-total-verliebt-knuddel-koala-klettert-ins-leben-637987\" target=\"_blank\" rel=\"noopener nofollow\">wir berichteten<\/a>), dann Arme, Schultern und schlie\u00dflich ihren R\u00fccken. Inzwischen ist das Knuddel-Kind theoretisch ganzt\u00e4gig zu sehen und l\u00e4sst sich von seiner Mutter umhertragen. Wenn die nicht gerade in einem Tiefschlaf versunken ist und ihr Baby warm und sicher mit ihren Armen umschlie\u00dft. Dann kann es sein, dass Besucher nur die putzigen Wuschelohren von Knopfi zu sehen kriegen.<\/p>\n<p><a href=\"https:\/\/www.europesays.com\/de\/wp-content\/uploads\/2026\/01\/DSC_5151-2048x1365-1.jpg\"><img loading=\"lazy\" decoding=\"async\" class=\"wp-image-645959 size-full\" src=\"https:\/\/www.europesays.com\/de\/wp-content\/uploads\/2026\/01\/DSC_5151-2048x1365-1.jpg\" alt=\"\" width=\"2048\" height=\"1365\"  \/><\/a>Im Oktober zeigte sich das Baby erstmals, verz\u00fcckt seit dem die Zoo-Besucher. Foto: Benjamin Weinkauf<br \/>\nTesla kracht in Unfallstelle<\/p>\n<p>Eine Polizeistreife der Autobahnpolizei war gerade mit der Aufnahme eines Unfalls besch\u00e4ftigt, als ihr heute kurz vor 1 Uhr ein 43-j\u00e4hriger Autofahrer in die Einsatzstelle krachte. Der auf der A9 Richtung M\u00fcnchen fahrende Mann hatte die Einsatzstelle am Schkeuditzer Kreuz offenbar viel zu sp\u00e4t bemerkt, sein Fahrzeug erfasste die Ausr\u00fcstung, die zur Unfalldokumentation n\u00f6tig ist, streifte das Polizeifahrzeug, drehte sich mehrfach kollidierte schlie\u00dflich sowohl mit rechten, als auch mit der linken Leitplanke.<\/p>\n<p>Sowohl f\u00fcr den Fahrer, als auch f\u00fcr die Einsatzkr\u00e4fte an der Unfallstelle ging der Crash glimpflich aus, niemand wurde verletzt. Die Polizei hat Ermittlungen zur genauen Unfallursache aufgenommen. Es wird gepr\u00fcft, ob Unachtsamkeit oder nicht angepasste Geschwindigkeit eine Rolle gespielt haben k\u00f6nnten, teilte ein Polizeisprecher am Morgen auf Anfrage mit.<\/p>\n<p>Kostenlose Weihnachtsbaumentsorgung endet<\/p>\n<p>Oh, du fr\u00f6hliche Weihnachtszeit! Wie sch\u00f6n gr\u00fcn du doch die Stadt gemacht hast. Doch jetzt ist Schlu\u00df f\u00fcr den Rest vom Fest. Heute und morgen sind die letzten Tage, an denen Weihnachtsb\u00e4ume an den \u00f6ffentlichen Sammelstellen legal und kostenlos abgelegt werden k\u00f6nnen. Danach wird\u2019s teuer, wenn man dabei erwischt wird, sich auf diese Weise vom Festschmuck zu trennen.<\/p>\n<p>Die Stadtreinigung hatte <a href=\"https:\/\/www.leipzig.de\/kultur-und-freizeit\/veranstaltungen\/weihnachten\/ablagestellen-fuer-weihnachtsbaeume\" target=\"_blank\" rel=\"noopener nofollow\">mehr als 160 Ablagestellen<\/a> ver\u00f6ffentlicht, die dann nach Ende der Frist von ihr ber\u00e4umt werden. Zudem ist es bis 31. Januar auch m\u00f6glich, die B\u00e4ume gratis in den Wertstoffh\u00f6fen zu entsorgen. Dieser Service ist ab Montag dann kostenpflichtig.<\/p>\n<p>Abgerechnet wird die Annahme der B\u00e4ume \u00fcber Gr\u00fcnschnittwertmarken, die in den <a href=\"https:\/\/stadtreinigung-leipzig.de\/sie-kommen-zu-uns\/wertstoffhoefe\" target=\"_blank\" rel=\"noopener nofollow\">kommunalen Wertstoffh\u00f6fen<\/a> gekauft werden m\u00fcssen. Je nach Gr\u00f6\u00dfe werden f\u00fcr die Entsorgung einer Festtagstanne dann zwei bis drei Marken ben\u00f6tigt, die jeweils 70 Cent kosten. Kleines B\u00e4umchen, kleiner Preis.<\/p>\n<p>\u201eGem\u00e4\u00df Bu\u00dfgeldkatalog Umweltschutz des S\u00e4chsischen Staatsministeriums f\u00fcr Umwelt und Landwirtschaft sind f\u00fcr das illegale Entsorgen beziehungsweise Ablagern von pflanzlichen Abf\u00e4llen Verwarngelder zwischen 25 und 50 Euro vorgesehen\u201c, teilt die Stadtreinigung auf ihrem Onlineportal mit.<\/p>\n<p><a href=\"https:\/\/www.europesays.com\/de\/wp-content\/uploads\/2026\/01\/IMG_7878.jpeg\"><img loading=\"lazy\" decoding=\"async\" class=\"wp-image-644804 size-full\" src=\"https:\/\/www.europesays.com\/de\/wp-content\/uploads\/2026\/01\/IMG_7878.jpeg\" alt=\"\" width=\"3374\" height=\"2249\"  \/><\/a>Spontan und tempor\u00e4r. F\u00fcr dieses Stadtgr\u00fcn endet die Ablagefrist am 31. Januar. Foto: Benjamin Weinkauf<br \/>\nEinschr\u00e4nkungen in B\u00fcrgerb\u00fcros<\/p>\n<p>Wegen einer Personalveranstaltung kommt es heute zu ge\u00e4nderten \u00d6ffnungszeiten in vier B\u00fcrgerb\u00fcros. Betroffen sind die Standorte Wiederitzsch, Liebertwolkwitz, Gohlis-Center und Wiedebach-Passage.<\/p>\n<p>Die B\u00fcrgerb\u00fcros Wiederitzsch, Liebertwolkwitz und Gohlis-Center schlie\u00dfen heute bereits um 12 Uhr. Das B\u00fcrgerb\u00fcro Wiedebach-Passage bleibt an diesem Tag in der Zeit zwischen 12 Uhr und 16 Uhr geschlossen.<\/p>\n<p>Ab Montag, 2. Februar 2026, sind die B\u00fcrgerb\u00fcros wieder zu den regul\u00e4ren \u00d6ffnungszeiten f\u00fcr die Anliegen der Leipzigerinnen und Leipziger da.<\/p>\n<p>Viele Dienstleistungen der Stadtverwaltung k\u00f6nnen auch digital von zu Hause aus beantragt werden. So ist es beispielsweise m\u00f6glich, unter <a class=\"link-body\" href=\"https:\/\/www.leipzig.de\/service-portal\/dienstleistung\/wohnung-an-oder-ummelden-5333e768c725b\" rel=\"nofollow noopener\" target=\"_blank\">www.leipzig.de\/wohnung-anmelden<\/a> online den Wohnsitz anzumelden oder sich innerhalb Leipzigs umzumelden.\u00a0Eine \u00dcbersicht aller digitalen Dienstleistungen gibt es unter <a class=\"link-body\" href=\"https:\/\/www.leipzig.de\/service-portal\/buergerbueros\" rel=\"nofollow noopener\" target=\"_blank\">www.leipzig.de\/buergerbuero<\/a>.<\/p>\n","protected":false},"excerpt":{"rendered":"Der Leipziger Zoo hat heute Morgen den Namen f\u00fcr das im vergangenen Jahr geborene Koala-Kind bekannt gegeben. Zur&hellip;\n","protected":false},"author":2,"featured_media":762002,"comment_status":"","ping_status":"","sticky":false,"template":"","format":"standard","meta":{"footnotes":"","_share_on_mastodon":"0"},"categories":[1832],"tags":[32884,3364,29,30,12265,71,859,4094,87874],"class_list":["post-762001","post","type-post","status-publish","format-standard","has-post-thumbnail","category-leipzig","tag-buergerbueros","tag-de","tag-deutschland","tag-germany","tag-koala","tag-leipzig","tag-sachsen","tag-stadtreinigung","tag-winterdienst"],"share_on_mastodon":{"url":"https:\/\/pubeurope.com\/@de\/115991917819392849","error":""},"_links":{"self":[{"href":"https:\/\/www.europesays.com\/de\/wp-json\/wp\/v2\/posts\/762001","targetHints":{"allow":["GET"]}}],"collection":[{"href":"https:\/\/www.europesays.com\/de\/wp-json\/wp\/v2\/posts"}],"about":[{"href":"https:\/\/www.europesays.com\/de\/wp-json\/wp\/v2\/types\/post"}],"author":[{"embeddable":true,"href":"https:\/\/www.europesays.com\/de\/wp-json\/wp\/v2\/users\/2"}],"replies":[{"embeddable":true,"href":"https:\/\/www.europesays.com\/de\/wp-json\/wp\/v2\/comments?post=762001"}],"version-history":[{"count":0,"href":"https:\/\/www.europesays.com\/de\/wp-json\/wp\/v2\/posts\/762001\/revisions"}],"wp:featuredmedia":[{"embeddable":true,"href":"https:\/\/www.europesays.com\/de\/wp-json\/wp\/v2\/media\/762002"}],"wp:attachment":[{"href":"https:\/\/www.europesays.com\/de\/wp-json\/wp\/v2\/media?parent=762001"}],"wp:term":[{"taxonomy":"category","embeddable":true,"href":"https:\/\/www.europesays.com\/de\/wp-json\/wp\/v2\/categories?post=762001"},{"taxonomy":"post_tag","embeddable":true,"href":"https:\/\/www.europesays.com\/de\/wp-json\/wp\/v2\/tags?post=762001"}],"curies":[{"name":"wp","href":"https:\/\/api.w.org\/{rel}","templated":true}]}}