{"id":762069,"date":"2026-01-31T22:25:12","date_gmt":"2026-01-31T22:25:12","guid":{"rendered":"https:\/\/www.europesays.com\/de\/762069\/"},"modified":"2026-01-31T22:25:12","modified_gmt":"2026-01-31T22:25:12","slug":"wetter-schnee-legt-zugverkehr-zwischen-braunschweig-und-harz-lahm","status":"publish","type":"post","link":"https:\/\/www.europesays.com\/de\/762069\/","title":{"rendered":"Wetter: Schnee legt Zugverkehr zwischen Braunschweig und Harz lahm"},"content":{"rendered":"<p>        31. Januar 2026, 18:34 Uhr<br \/>\n    Quelle: dpa Niedersachsen\n<\/p>\n<p>        Hinweis<\/p>\n<p class=\"article-notice__text\">DIE ZEIT hat diese Meldung redaktionell nicht bearbeitet. Sie wurde automatisch von der Deutschen Presse-Agentur (dpa) \u00fcbernommen.<\/p>\n<p>            <img decoding=\"async\" class=\"article__media-item\" src=\"https:\/\/www.europesays.com\/de\/wp-content\/uploads\/2026\/01\/1769898312_304_wide__660x371.jpeg\" alt=\"Wetter: Wegen verschneiter Gleise kommt es zu Versp\u00e4tungen und Ausf\u00e4llen im Nahverkehr. (Archivbild)\"\/><\/p>\n<p>                    Wegen verschneiter Gleise kommt es zu Versp\u00e4tungen und Ausf\u00e4llen im Nahverkehr. (Archivbild)<br \/>\n            \u00a9\u00a0Julian Stratenschulte\/\u200bdpa<\/p>\n<p class=\"paragraph article__item\">Wegen starker Schneeverwehungen ist der Zugverkehr zwischen <a class=\"rtr-entity\" href=\"https:\/\/www.zeit.de\/thema\/braunschweig\" rel=\"nofollow noopener\" target=\"_blank\">Braunschweig<\/a> und dem Harz erheblich gest\u00f6rt. Auf der Strecke Braunschweig\u2013Vienenburg\u2013Goslar\/Bad Harzburg sei derzeit kein geregelter Betrieb m\u00f6glich, teilte das Eisenbahnunternehmen erixx mit.\n<\/p>\n<p>Aktuelles<\/p>\n<p>                <a href=\"https:\/\/www.zeit.de\/2026\/04\/antigone-berliner-ensemble-johan-simons-sophokles-theater\" data-ct-label=\"&quot;Antigone&quot; am Berliner Ensemble: O Blick der Sonne, du sch\u00f6nster\" rel=\"nofollow noopener\" target=\"_blank\"><\/p>\n<p>        Z+ (abopflichtiger Inhalt);<\/p>\n<p>    &#8222;Antigone&#8220; am Berliner Ensemble:<br \/>\n                        O Blick der Sonne, du sch\u00f6nster<\/p>\n<p>                <\/a><\/p>\n<p>                <a href=\"https:\/\/www.zeit.de\/politik\/ausland\/2026-01\/ukraine-moldau-stromausfall-kyjiw-wasserversorgung\" data-ct-label=\"Ukraine: Weitreichender Stromausfall in der Ukraine und in Moldau\" rel=\"nofollow noopener\" target=\"_blank\"><\/p>\n<p>                        Ukraine:<br \/>\n                        Weitreichender Stromausfall in der Ukraine und in Moldau<\/p>\n<p>                <\/a><\/p>\n<p>                <a href=\"https:\/\/www.zeit.de\/gesellschaft\/zeitgeschehen\/2026-01\/eis-glaette-deutschland-verkehr-unfaelle\" data-ct-label=\"Winterwetter: Viele Verkehrsunf\u00e4lle bei Eis und Schnee, Flug- und Zugverkehr gest\u00f6rt\" rel=\"nofollow noopener\" target=\"_blank\"><\/p>\n<p>                        Winterwetter:<br \/>\n                        Viele Verkehrsunf\u00e4lle bei Eis und Schnee, Flug- und Zugverkehr gest\u00f6rt<\/p>\n<p>                <\/a><\/p>\n<p class=\"paragraph article__item\">Es komme zu zahlreichen Zugausf\u00e4llen und teils sehr hohen Versp\u00e4tungen. Einzelne Verbindungen verkehren demnach nur unregelm\u00e4\u00dfig. Als Ersatz wurde ein Busnotverkehr eingerichtet, der jedoch ohne festen Fahrplan f\u00e4hrt und weniger Pl\u00e4tze bietet als die Z\u00fcge.\n<\/p>\n<p class=\"paragraph article__item\">Eine verl\u00e4ssliche Prognose zur Entspannung der Lage gebe es bislang nicht, da die f\u00fcr die R\u00e4umung ben\u00f6tigte Schneefr\u00e4se aktuell nicht zur Verf\u00fcgung stehe, hie\u00df es weiter. Mit einem geregelten Zugbetrieb sei voraussichtlich fr\u00fchestens ab Montagmittag zu rechnen.\n<\/p>\n<p class=\"paragraph article__item\">\u00a9 dpa-infocom, dpa:260131-930-624742\/1<\/p>\n","protected":false},"excerpt":{"rendered":"31. Januar 2026, 18:34 Uhr Quelle: dpa Niedersachsen Hinweis DIE ZEIT hat diese Meldung redaktionell nicht bearbeitet. Sie&hellip;\n","protected":false},"author":2,"featured_media":762070,"comment_status":"","ping_status":"","sticky":false,"template":"","format":"standard","meta":{"footnotes":"","_share_on_mastodon":"0"},"categories":[1850],"tags":[6429,3364,29,548,663,3934,30,13,14,15,1411,12,160362,1973,2869],"class_list":["post-762069","post","type-post","status-publish","format-standard","has-post-thumbnail","category-braunschweig","tag-braunschweig","tag-de","tag-deutschland","tag-eu","tag-europa","tag-europe","tag-germany","tag-headlines","tag-nachrichten","tag-news","tag-niedersachsen","tag-schlagzeilen","tag-schneeverwehung","tag-wetter","tag-zugverkehr"],"share_on_mastodon":{"url":"https:\/\/pubeurope.com\/@de\/115992063098585696","error":""},"_links":{"self":[{"href":"https:\/\/www.europesays.com\/de\/wp-json\/wp\/v2\/posts\/762069","targetHints":{"allow":["GET"]}}],"collection":[{"href":"https:\/\/www.europesays.com\/de\/wp-json\/wp\/v2\/posts"}],"about":[{"href":"https:\/\/www.europesays.com\/de\/wp-json\/wp\/v2\/types\/post"}],"author":[{"embeddable":true,"href":"https:\/\/www.europesays.com\/de\/wp-json\/wp\/v2\/users\/2"}],"replies":[{"embeddable":true,"href":"https:\/\/www.europesays.com\/de\/wp-json\/wp\/v2\/comments?post=762069"}],"version-history":[{"count":0,"href":"https:\/\/www.europesays.com\/de\/wp-json\/wp\/v2\/posts\/762069\/revisions"}],"wp:featuredmedia":[{"embeddable":true,"href":"https:\/\/www.europesays.com\/de\/wp-json\/wp\/v2\/media\/762070"}],"wp:attachment":[{"href":"https:\/\/www.europesays.com\/de\/wp-json\/wp\/v2\/media?parent=762069"}],"wp:term":[{"taxonomy":"category","embeddable":true,"href":"https:\/\/www.europesays.com\/de\/wp-json\/wp\/v2\/categories?post=762069"},{"taxonomy":"post_tag","embeddable":true,"href":"https:\/\/www.europesays.com\/de\/wp-json\/wp\/v2\/tags?post=762069"}],"curies":[{"name":"wp","href":"https:\/\/api.w.org\/{rel}","templated":true}]}}