{"id":763496,"date":"2026-02-01T11:55:16","date_gmt":"2026-02-01T11:55:16","guid":{"rendered":"https:\/\/www.europesays.com\/de\/763496\/"},"modified":"2026-02-01T11:55:16","modified_gmt":"2026-02-01T11:55:16","slug":"fc-bayern-zaragoza-geht-zur-roma-bei-celta-vigo-nicht-im-kader","status":"publish","type":"post","link":"https:\/\/www.europesays.com\/de\/763496\/","title":{"rendered":"FC Bayern: Zaragoza geht zur Roma \u2013 Bei Celta Vigo nicht im Kader"},"content":{"rendered":"<p>Erneuter Transfer mit Kaufoption\u00a0<\/p>\n<p>                                    <img decoding=\"async\" src=\"https:\/\/www.europesays.com\/de\/wp-content\/uploads\/2026\/02\/bryan-zaragoza-celta-vigo-2026-1769941925-188504.jpg\" title=\"FC Bayern: Zaragoza geht zur Roma \u2013 Bei Celta Vigo nicht im Kader\" alt=\"FC Bayern: Zaragoza geht zur Roma \u2013 Bei Celta Vigo nicht im Kader\"\/><\/p>\n<p>\n                                       \u00a9IMAGO\n                                    <\/p>\n<p><a title=\"Bryan Zaragoza\" href=\"https:\/\/www.transfermarkt.de\/bryan-zaragoza\/profil\/spieler\/713644\" rel=\"nofollow noopener\" target=\"_blank\">Bryan Zaragoza<\/a> stand beim <a title=\"FC Bayern M\u00fcnchen\" href=\"https:\/\/www.transfermarkt.de\/fc-bayern-m-nchen\/startseite\/verein\/27\" target=\"_blank\" rel=\"nofollow noopener\">FC Bayern<\/a> zuletzt vor fast zwei Jahren im Kader und ist bis Saisonende an den spanischen Erstligisten <a href=\"https:\/\/www.transfermarkt.de\/celta-vigo\/startseite\/verein\/940\" rel=\"nofollow noopener\" target=\"_blank\">Celta Vigo<\/a> verliehen. Dennoch ist der 24-J\u00e4hrige kurz vor Ende des Winter-Transferfensters noch einmal ein Thema in M\u00fcnchen. \u00dcbereinstimmenden Medienberichten zufolge soll der Offensivspieler nach Italien zur <a title=\"AS Rom\" href=\"https:\/\/www.transfermarkt.de\/as-rom\/startseite\/verein\/12\" target=\"_blank\" rel=\"nofollow noopener\">Roma<\/a> weiterziehen.<\/p>\n<p>\n    <a class=\"bbcodesLink\" href=\"https:\/\/www.transfermarkt.de\/as-roma-interessato-a-bryan-zaragoza-\/thread\/forum\/154\/thread_id\/1188158\" rel=\"nofollow noopener\" target=\"_blank\"><\/p>\n<tr>\n<p>                        Ger\u00fccht<\/p>\n<\/tr>\n<tr class=\"contentzeile\">\n<td class=\"spielerbild\" rowspan=\"2\">\n                        <img decoding=\"async\" src=\"https:\/\/www.europesays.com\/de\/wp-content\/uploads\/2026\/02\/713644-1714503809.jpg\" title=\"Bryan Zaragoza\" alt=\"Bryan Zaragoza\" class=\"\"\/>                    <\/td>\n<td class=\"spielername\">\n                        <a title=\"Bryan Zaragoza\" href=\"https:\/\/www.transfermarkt.de\/bryan-zaragoza\/profil\/spieler\/713644\" rel=\"nofollow noopener\" target=\"_blank\">B. Zaragoza<\/a>                    <\/td>\n<td class=\"vereinswappen\" rowspan=\"2\">\n                        <img decoding=\"async\" src=\"https:\/\/www.europesays.com\/de\/wp-content\/uploads\/2025\/04\/27.png\" title=\"FC Bayern M\u00fcnchen\" alt=\"FC Bayern M\u00fcnchen\" class=\"\"\/>                    <\/td>\n<td class=\"c2action\" rowspan=\"2\"><\/td>\n<\/tr>\n<tr class=\"contentzeile\">\n<td class=\"position\">\n                        Linksau\u00dfen                    <\/td>\n<\/tr>\n<tr class=\"contentZeileSpielerGK\">\n<td colspan=\"4\">\n<tr>\n<td class=\"vereinsname\">\n                                    Bayern M\u00fcnchen                                <\/td>\n<td class=\"vereinswappen\" rowspan=\"2\">\n                                    <img decoding=\"async\" src=\"https:\/\/www.europesays.com\/de\/wp-content\/uploads\/2025\/04\/27.png\" title=\"FC Bayern M\u00fcnchen\" alt=\"FC Bayern M\u00fcnchen\" class=\"\"\/>                                <\/td>\n<td class=\"wahrscheinlichkeit-auf\" rowspan=\"2\">\n<p>\u00a0<\/p>\n<p>                                        69                                        %\n                                                                        <\/td>\n<td class=\"vereinswappen\" rowspan=\"2\">\n                                    <img decoding=\"async\" src=\"https:\/\/www.europesays.com\/de\/wp-content\/uploads\/2026\/02\/12.png\" title=\"AS Rom\" alt=\"AS Rom\" class=\"\"\/>                                <\/td>\n<td class=\"vereinsname\">\n                                    AS Rom                                <\/td>\n<\/tr>\n<tr>\n<td>\n                                    Bundesliga                                <\/td>\n<td>\n                                    Serie A                                <\/td>\n<\/tr>\n<\/td>\n<\/tr>\n<p>    <\/a>\n<\/p>\n<p>Der italienische Erstligist arbeitet ein einer Leihe des Spaniers, idealerweise inklusive Kaufoption. Der \u201eCorriere della Sera\u201c zufolge bieten die Giallorossi eine Geb\u00fchr von 2 Millionen Euro, um den festen Transfer im Sommer f\u00fcr weitere 13 Millionen Euro abschlie\u00dfen zu k\u00f6nnen. Bayern w\u00fcrde im Gesamtpaket also 15 Mio. Euro einnehmen und damit knapp weniger als das, was man vor zwei Jahren an den FC Granada gezahlt hatte.<\/p>\n<p><\/p>\n<p>Im Januar 2024 hatte der deutsche Rekordmeister zun\u00e4chst die Verpflichtung f\u00fcr 13 Mio. Euro f\u00fcr den den folgenden Sommer fixiert, anschlie\u00dfend aber eine sofortige Leihe f\u00fcr weitere 4 Mio. Euro herausgehandelt, weil es Verletzungsprobleme in der Offensive gab. Dennoch wurde Zaragoza nur siebenmal \u00fcber 171 Minuten eingesetzt und blieb ohne Torerfolg. Unmittelbar nach der festen Verpflichtung ging es per Leihe zum <a href=\"https:\/\/www.transfermarkt.de\/ca-osasuna\/startseite\/verein\/331\" rel=\"nofollow noopener\" target=\"_blank\">CA Osasuna<\/a> und im letzten Sommer zu Celta Vigo.<\/p>\n<p><\/p>\n<p>Beim Tabellensiebten in LaLiga kommt der 1,64 Meter gro\u00dfe Fl\u00fcgelst\u00fcrmer in dieser Saison zwar fast immer zum Einsatz, ist mit sechs Scorern in 1.420 Minuten in 26 Spielen jedoch m\u00e4\u00dfig effektiv. Der Schritt in die italienische Hauptstadt soll Abhilfe schaffen und d\u00fcrfte nur noch eine Frage der Zeit sein, denn beim Spiel gegen den FC Getafe am Sonntag steht Zaragoza schon nicht mehr im Kader.<\/p>\n<p><\/p>\n","protected":false},"excerpt":{"rendered":"Erneuter Transfer mit Kaufoption\u00a0 \u00a9IMAGO Bryan Zaragoza stand beim FC Bayern zuletzt vor fast zwei Jahren im Kader&hellip;\n","protected":false},"author":2,"featured_media":763497,"comment_status":"","ping_status":"","sticky":false,"template":"","format":"standard","meta":{"footnotes":"","_share_on_mastodon":"0"},"categories":[5],"tags":[7049,62750,299,86004,458,13,19172,14,15,12,804,10,8,9,11],"class_list":["post-763496","post","type-post","status-publish","format-standard","has-post-thumbnail","category-nachrichten","tag-as-rom","tag-bryan-zaragoza","tag-bundesliga","tag-celta-vigo","tag-fc-bayern-muenchen","tag-headlines","tag-laliga","tag-nachrichten","tag-news","tag-schlagzeilen","tag-serie-a","tag-top-news","tag-top-meldungen","tag-topmeldungen","tag-topnews"],"share_on_mastodon":{"url":"https:\/\/pubeurope.com\/@de\/115995248441999279","error":""},"_links":{"self":[{"href":"https:\/\/www.europesays.com\/de\/wp-json\/wp\/v2\/posts\/763496","targetHints":{"allow":["GET"]}}],"collection":[{"href":"https:\/\/www.europesays.com\/de\/wp-json\/wp\/v2\/posts"}],"about":[{"href":"https:\/\/www.europesays.com\/de\/wp-json\/wp\/v2\/types\/post"}],"author":[{"embeddable":true,"href":"https:\/\/www.europesays.com\/de\/wp-json\/wp\/v2\/users\/2"}],"replies":[{"embeddable":true,"href":"https:\/\/www.europesays.com\/de\/wp-json\/wp\/v2\/comments?post=763496"}],"version-history":[{"count":0,"href":"https:\/\/www.europesays.com\/de\/wp-json\/wp\/v2\/posts\/763496\/revisions"}],"wp:featuredmedia":[{"embeddable":true,"href":"https:\/\/www.europesays.com\/de\/wp-json\/wp\/v2\/media\/763497"}],"wp:attachment":[{"href":"https:\/\/www.europesays.com\/de\/wp-json\/wp\/v2\/media?parent=763496"}],"wp:term":[{"taxonomy":"category","embeddable":true,"href":"https:\/\/www.europesays.com\/de\/wp-json\/wp\/v2\/categories?post=763496"},{"taxonomy":"post_tag","embeddable":true,"href":"https:\/\/www.europesays.com\/de\/wp-json\/wp\/v2\/tags?post=763496"}],"curies":[{"name":"wp","href":"https:\/\/api.w.org\/{rel}","templated":true}]}}