{"id":763751,"date":"2026-02-01T14:13:10","date_gmt":"2026-02-01T14:13:10","guid":{"rendered":"https:\/\/www.europesays.com\/de\/763751\/"},"modified":"2026-02-01T14:13:10","modified_gmt":"2026-02-01T14:13:10","slug":"bis-6-grad-dwd-warnt-vor-glaette-und-eisregen","status":"publish","type":"post","link":"https:\/\/www.europesays.com\/de\/763751\/","title":{"rendered":"Bis -6 Grad \u2013 DWD warnt vor Gl\u00e4tte und Eisregen"},"content":{"rendered":"<p class=\"text-18 leading-17\">Der Dienstag selbst bleibt ebenfalls wechselhaft: Von S\u00fcdwesten breiten sich Niederschl\u00e4ge aus, <a class=\"transition-colors duration-200 cursor-pointer text-inherit no-underline text-salemsfur md:hover:text-magenta md:hover:border-magenta md:focus:text-magenta border-current border-b border-solid break-words\" href=\"https:\/\/www.t-online.de\/nachrichten\/panorama\/wetter\/id_101103260\/es-bleibt-winterlich-in-weiten-teilen-deutschlands.html\" data-sctrack=\"BodyAnchor\" rel=\"nofollow noopener\" target=\"_blank\">anfangs teils als Schnee, sp\u00e4ter als Regen<\/a>. Zeitweise ist gefrierender Regen wahrscheinlich \u2013 gebietsweise besteht akute Gl\u00e4ttegefahr. Die H\u00f6chstwerte erreichen im Osten nur -1 bis 3 Grad, westlich des Rheins bis 6 Grad.<\/p>\n<p class=\"text-18 leading-17\">Die Nacht zum Mittwoch bringt weiterhin Regen oder Schneeregen, ortsweise bleibt in NRW auch dann gefrierender Regen m\u00f6glich. Die Temperaturen sinken westlich des Rheins auf 0 bis 3 Grad, im Osten bis -4 Grad. In K\u00f6ln d\u00fcrften die Temperaturen knapp \u00fcber dem Gefrierpunkt liegen, im Umland k\u00f6nnte es aber auch rutschig auf den Stra\u00dfen werden.<\/p>\n<p class=\"text-18 leading-17\">Tags\u00fcber ziehen die Niederschl\u00e4ge nordw\u00e4rts ab, wobei im Norden noch markante Gl\u00e4tte durch gefrierenden Regen droht. Im Tagesverlauf lockert es auf, es wird heiter bis wolkig und niederschlagsfrei. Die Temperaturschere \u00f6ffnet sich in NRW dabei deutlich: im Mindener Land lediglich 1 Grad, im Selfkant dagegen fr\u00fchlingshafte 10 Grad.<\/p>\n<p class=\"text-18 leading-17\">Die &#8222;Kachelmannwetter&#8220;-Prognose f\u00fcr K\u00f6ln erwartet ab Donnerstag (5. Februar) wieder mehr Wolken \u00fcber dem Dom bei H\u00f6chstwerten von 5 Grad und Tiefstwerten von einem Grad. Am Freitag ziehen in K\u00f6ln dann auch einige Regenschauer durch \u2013 mit 7 Grad wird es dann etwas w\u00e4rmer. Der Trend setzt sich dann am Samstag und Sonntag aller Voraussicht nach fort. Auch dann kommt es bei H\u00f6chstwerten um die 8 Grad jedoch immer wieder zu Regenschauern. Frost in der Domstadt ist in der zweiten Wochenh\u00e4lfte dann nicht zu erwarten.<\/p>\n","protected":false},"excerpt":{"rendered":"Der Dienstag selbst bleibt ebenfalls wechselhaft: Von S\u00fcdwesten breiten sich Niederschl\u00e4ge aus, anfangs teils als Schnee, sp\u00e4ter als&hellip;\n","protected":false},"author":2,"featured_media":763752,"comment_status":"","ping_status":"","sticky":false,"template":"","format":"standard","meta":{"footnotes":"","_share_on_mastodon":"0"},"categories":[1828],"tags":[155877,950,29,4906,30,42751,173759,1420,45568,3716,1209,5206,2802,21744,4028,4978,5415,2255],"class_list":["post-763751","post","type-post","status-publish","format-standard","has-post-thumbnail","category-koeln","tag-dauerfrost","tag-deutscher-wetterdienst","tag-deutschland","tag-dwd","tag-germany","tag-glaette","tag-hochsauerland","tag-koeln","tag-muensterland","tag-niederrhein","tag-nordrhein-westfalen","tag-rhein","tag-rheinland","tag-sauerland","tag-unwetter","tag-weser","tag-wetterprognose","tag-wettervorhersage"],"share_on_mastodon":{"url":"https:\/\/pubeurope.com\/@de\/115995790919936519","error":""},"_links":{"self":[{"href":"https:\/\/www.europesays.com\/de\/wp-json\/wp\/v2\/posts\/763751","targetHints":{"allow":["GET"]}}],"collection":[{"href":"https:\/\/www.europesays.com\/de\/wp-json\/wp\/v2\/posts"}],"about":[{"href":"https:\/\/www.europesays.com\/de\/wp-json\/wp\/v2\/types\/post"}],"author":[{"embeddable":true,"href":"https:\/\/www.europesays.com\/de\/wp-json\/wp\/v2\/users\/2"}],"replies":[{"embeddable":true,"href":"https:\/\/www.europesays.com\/de\/wp-json\/wp\/v2\/comments?post=763751"}],"version-history":[{"count":0,"href":"https:\/\/www.europesays.com\/de\/wp-json\/wp\/v2\/posts\/763751\/revisions"}],"wp:featuredmedia":[{"embeddable":true,"href":"https:\/\/www.europesays.com\/de\/wp-json\/wp\/v2\/media\/763752"}],"wp:attachment":[{"href":"https:\/\/www.europesays.com\/de\/wp-json\/wp\/v2\/media?parent=763751"}],"wp:term":[{"taxonomy":"category","embeddable":true,"href":"https:\/\/www.europesays.com\/de\/wp-json\/wp\/v2\/categories?post=763751"},{"taxonomy":"post_tag","embeddable":true,"href":"https:\/\/www.europesays.com\/de\/wp-json\/wp\/v2\/tags?post=763751"}],"curies":[{"name":"wp","href":"https:\/\/api.w.org\/{rel}","templated":true}]}}