{"id":763795,"date":"2026-02-01T14:37:25","date_gmt":"2026-02-01T14:37:25","guid":{"rendered":"https:\/\/www.europesays.com\/de\/763795\/"},"modified":"2026-02-01T14:37:25","modified_gmt":"2026-02-01T14:37:25","slug":"australian-open-carlos-alcaraz-beendet-die-grandiose-serie-von-novak-djokovic-2","status":"publish","type":"post","link":"https:\/\/www.europesays.com\/de\/763795\/","title":{"rendered":"Australian Open: Carlos Alcaraz beendet die grandiose Serie von Novak Djokovic"},"content":{"rendered":"<p>            <img loading=\"lazy\" decoding=\"async\" class=\"ts-image\" src=\"https:\/\/www.europesays.com\/de\/wp-content\/uploads\/2026\/02\/carlos-alcaraz-jubel-102.jpg\" alt=\"Carlos Alcaraz bejubelt seinen Gewinn der Australian Open\" title=\"Carlos Alcaraz bejubelt seinen Gewinn der Australian Open | AFP\"\/><\/p>\n<p class=\"metatextline\">Stand: 01.02.2026 14:51 Uhr<\/p>\n<p class=\"article-head__shorttext\">\n        <strong>Nach zehn Siegen in zehn Endspielen ist die stolze Serie von Novak Djokovic gerissen. Der Serbe verlor sein elftes Finale der Australian Open gegen Carlos Alcaraz.<\/strong>\n    <\/p>\n<p class=\"textabsatz m-ten m-offset-one l-eight l-offset-two columns twelve\">Der 22 Jahre alte Spanier gewann mit 2:6, 6:2, 6:3 und 7:5. Durch den Sieg am Sonntag (01.02.2026) hat er nun bei jedem der vier Grand-Slam-Turniere mindestens einen Titel im Einzel geholt. Die French Open, US Open und Wimbledon hatte er zuvor je zweimal gewonnen.<\/p>\n<ul class=\"buttongroup buttongroup--copytext\">\n<li class=\"buttongroup__item\">\n<p>    <a class=\"btn btn--text btn--standard-secondary btn--fullwidth\" href=\"https:\/\/www.sportschau.de\/live-und-ergebnisse\/tennis\/atp-australien-australian-open\/ma11748217\/carlos-alcaraz_novak-djokovic\/info\" rel=\"nofollow noopener\" target=\"_blank\"><br \/>\n        Live-Ticker zum Nachlesen<br \/>\n        Pfeil rechts<\/p>\n<p>    <\/a>\n<\/li>\n<li class=\"buttongroup__item\">\n<p>    <a class=\"btn btn--text btn--standard-secondary btn--fullwidth\" href=\"https:\/\/www.sportschau.de\/live-und-ergebnisse\/tennis\/atp-australien-australian-open\/se109447\/2026\/ro295075\/finale\/spiele-und-ergebnisse\" rel=\"nofollow noopener\" target=\"_blank\"><br \/>\n        Finale<br \/>\n        Pfeil rechts<\/p>\n<p>    <\/a>\n<\/li>\n<\/ul>\n<p class=\"textabsatz m-ten m-offset-one l-eight l-offset-two columns twelve\">Alcaraz steht somit nun bei sieben Grand-Slam-Titeln, f\u00fcr den 38 Jahre alten Djokovic w\u00e4re es der 25. gewesen.<\/p>\n<p>    Djokovic kn\u00fcpft im ersten Satz ans Halbfinale an<\/p>\n<p class=\"textabsatz m-ten m-offset-one l-eight l-offset-two columns twelve\">Djokovic kn\u00fcpfte im ersten Satz nahtlos an die grandiose Form des Halbfinalsieges gegen den Weltranglistenzweiten Jannik Sinner an. Er leistete sich nur vier leichte Fehler, nutze zwei von vier Breakb\u00e4llen und gewann den Satz mit 6:2 in 33 Minuten.<\/p>\n<p>Der zweite Durchgang dauerte drei Minuten l\u00e4nger, endete mit dem gleichen Ergebnis, dieses Mal aber war Alcaraz der bessere Spieler.<\/p>\n<p>    Alcaraz beschwert sich \u00fcber das Dach<\/p>\n<p class=\"textabsatz m-ten m-offset-one l-eight l-offset-two columns twelve\">Ganz zufrieden war der Spanier allerdings nicht. Das hing allerdings mit dem fast geschlossenen Dach zusammen, das ihn st\u00f6rte. Zwar war es in Melbourne mit unter 20 Grad Celsius deutlich k\u00fchler als in den vergangenen Tagen, aber es war kein Regen vorhergesagt. Alcaraz gilt als Profi, der lieber drau\u00dfen als in der Halle spielt.<\/p>\n<p>    Djokovic wird m\u00fcde<\/p>\n<p class=\"textabsatz m-ten m-offset-one l-eight l-offset-two columns twelve\">Dem harten und langen Kampf gegen Sinner musste der 38 Jahre alte Serbe dann Tribut zollen. Schon im dritten Satz war ihm die M\u00fcdigkeit deutlich anzumerken. Er leistete sich nun wesentlich mehr Fehler. Alcaraz war frischer, erlief viele Schl\u00e4ge, mit denen Djokovic einen schnellen Punkt erzwingen wollte, und gewann den Durchgang mit 6:3.<\/p>\n<p>    Gute Chance zum Break<\/p>\n<p class=\"textabsatz m-ten m-offset-one l-eight l-offset-two columns twelve\">Djokovic legte noch mal alles in sein erstes Aufschlagspiel des vierten Satzes. Er jubelte laut und pushte das Publikum in der Rod Laver Arena, nachdem er sein Service mit viel Aufwand gehalten hatte.<\/p>\n<p class=\"textabsatz m-ten m-offset-one l-eight l-offset-two columns twelve\">Alcaraz hingegen gab zun\u00e4chst in seinen Aufschlagspielen des vierten Satzes nur maximal einen Punkt ab. Dann aber hatte Djokovic beim Stand von 4:4 Breakb\u00e4lle und eine gute Chance, den zweiten zu nutzen. Doch er verschlug.<\/p>\n<p class=\"textabsatz m-ten m-offset-one l-eight l-offset-two columns twelve\">Nach drei Stunden und vier Minuten hatte er dann auch erstmals ein Finale in Melbourne verloren.<\/p>\n","protected":false},"excerpt":{"rendered":"Stand: 01.02.2026 14:51 Uhr Nach zehn Siegen in zehn Endspielen ist die stolze Serie von Novak Djokovic gerissen.&hellip;\n","protected":false},"author":2,"featured_media":763642,"comment_status":"","ping_status":"","sticky":false,"template":"","format":"standard","meta":{"footnotes":"","_share_on_mastodon":"0"},"categories":[5],"tags":[80520,46160,13,14,15,13008,12,4206,10,8,9,11],"class_list":["post-763795","post","type-post","status-publish","format-standard","has-post-thumbnail","category-nachrichten","tag-australian-open","tag-carlos-alcaraz","tag-headlines","tag-nachrichten","tag-news","tag-novak-djokovic","tag-schlagzeilen","tag-tennis","tag-top-news","tag-top-meldungen","tag-topmeldungen","tag-topnews"],"share_on_mastodon":{"url":"https:\/\/pubeurope.com\/@de\/115995885523784792","error":""},"_links":{"self":[{"href":"https:\/\/www.europesays.com\/de\/wp-json\/wp\/v2\/posts\/763795","targetHints":{"allow":["GET"]}}],"collection":[{"href":"https:\/\/www.europesays.com\/de\/wp-json\/wp\/v2\/posts"}],"about":[{"href":"https:\/\/www.europesays.com\/de\/wp-json\/wp\/v2\/types\/post"}],"author":[{"embeddable":true,"href":"https:\/\/www.europesays.com\/de\/wp-json\/wp\/v2\/users\/2"}],"replies":[{"embeddable":true,"href":"https:\/\/www.europesays.com\/de\/wp-json\/wp\/v2\/comments?post=763795"}],"version-history":[{"count":0,"href":"https:\/\/www.europesays.com\/de\/wp-json\/wp\/v2\/posts\/763795\/revisions"}],"wp:featuredmedia":[{"embeddable":true,"href":"https:\/\/www.europesays.com\/de\/wp-json\/wp\/v2\/media\/763642"}],"wp:attachment":[{"href":"https:\/\/www.europesays.com\/de\/wp-json\/wp\/v2\/media?parent=763795"}],"wp:term":[{"taxonomy":"category","embeddable":true,"href":"https:\/\/www.europesays.com\/de\/wp-json\/wp\/v2\/categories?post=763795"},{"taxonomy":"post_tag","embeddable":true,"href":"https:\/\/www.europesays.com\/de\/wp-json\/wp\/v2\/tags?post=763795"}],"curies":[{"name":"wp","href":"https:\/\/api.w.org\/{rel}","templated":true}]}}