{"id":764454,"date":"2026-02-01T20:36:31","date_gmt":"2026-02-01T20:36:31","guid":{"rendered":"https:\/\/www.europesays.com\/de\/764454\/"},"modified":"2026-02-01T20:36:31","modified_gmt":"2026-02-01T20:36:31","slug":"erster-gemeinsamer-infotag-am-neuen-berufsbildungscampus-in-moers","status":"publish","type":"post","link":"https:\/\/www.europesays.com\/de\/764454\/","title":{"rendered":"Erster gemeinsamer Infotag am neuen Berufsbildungscampus in Moers"},"content":{"rendered":"<p class=\"text_ohne_einzug richtext text-em-55 !leading-serif mx-6 desktop:mx-0\"> das Berufskolleg f\u00fcr Technik <a href=\"https:\/\/rp-online.de\/thema\/moers\/\" rel=\"nofollow noopener\" target=\"_blank\">Moers<\/a>, das Hermann-Gmeiner-Berufskolleg, das Mercator-Berufskolleg und die kreiseigene Berufsfachschule f\u00fcr Pflege und Gesundheit  <\/p>\n<p class=\"richtext text-em-55 !leading-serif mx-6 desktop:mx-0\">Am Samstag, 7. Februar, von 9 bis 13 Uhr informieren und beraten die Lehrerteams der drei Berufskollegs nun zum ersten Mal gemeinsam \u00fcber schulische Ausbildungsm\u00f6glichkeiten, Schulabschl\u00fcsse sowie innovative und praxisorientierte Lernkonzepte.<\/p>\n<p class=\"richtext text-em-55 !leading-serif mx-6 desktop:mx-0\">Durch die unterschiedlichen Ausrichtungen der Bildungseinrichtungen \u2013 Gesundheit, Erziehung und Soziales, Ern\u00e4hrung und Versorgung sowie Gesundheitspflege am Hermann-Gmeiner-Berufskolleg, Wirtschaft und Verwaltung am Mercator-Berufskolleg sowie Gestaltung und Technik am Berufskolleg f\u00fcr Technik \u2013 werden den Sch\u00fclern und ihren Eltern ganz unterschiedliche M\u00f6glichkeiten f\u00fcr die berufliche Zukunft gezeigt.<\/p>\n<p class=\"richtext text-em-55 !leading-serif mx-6 desktop:mx-0\">Zeitgleich gibt das Berufskolleg f\u00fcr Technik Einblicke in ausgew\u00e4hlte Werkst\u00e4tten, Labore und Multifunktionsr\u00e4ume im neuen Campus, in denen Sch\u00fcler Projekte und Unterrichtsergebnisse pr\u00e4sentieren, w\u00e4hrend im Eingangsbereich Kaffee und kulinarische K\u00f6stlichkeiten den Ausklang in den Samstagnachmittag vers\u00fc\u00dfen. Dazu sorgen Sch\u00fcler der Berufskollegs f\u00fcr musikalische Begleitung.<\/p>\n<p class=\"richtext text-em-55 !leading-serif mx-6 desktop:mx-0\">Der Berufsbildungscampus in Moers ist das bislang gr\u00f6\u00dfte und teuerste Bauprojekt des Kreises <a href=\"https:\/\/rp-online.de\/thema\/wesel\/\" rel=\"nofollow noopener\" target=\"_blank\">Wesel<\/a>. Die Grundsteinlegung erfolgte im Fr\u00fchjahr 2019. Die Gesamtkosten hat die Kreisverwaltung im Dezember 2025 auf 166 Millionen Euro beziffert. Abgeschlossen sind die Arbeiten damit allerdings noch lange nicht. Nach aktuellem Zeitplan m\u00fcssen noch bis Ende 2026 M\u00e4ngel beseitigt und \u201eRestleistungen\u201c erbracht werden. Zudem ist die Installation einer Photovoltaikanlage bis Mitte 2027 geplant. Dar\u00fcber hinaus gibt es bereits \u00dcberlegungen, zus\u00e4tzliche Geb\u00e4ude zu errichten. Sie sind n\u00f6tig, weil die Zahl der Sch\u00fclerinnen und Sch\u00fcler st\u00e4rker gewachsen ist, als es die Planer einst erwartet haben. So stand schon vor der offiziellen Er\u00f6ffnung des Campus am 30. November 2025 fest, dass zw\u00f6lf bis 15 Klassenr\u00e4ume fehlen.<\/p>\n<p class=\"richtext text-em-55 !leading-serif mx-6 desktop:mx-0\">Fest steht: Die Schulen sind nicht nur r\u00e4umlich zusammengewachsen, sondern auch organisatorisch. So arbeiten Sch\u00fclervertretung, Kollegiumsr\u00e4te und Schulmarketing zusammen. Au\u00dferdem unterrichten manche Lehrer an mehreren der Berufsschulen. <\/p>\n<p class=\"richtext text-em-55 !leading-serif mx-6 desktop:mx-0\">\u00dcber den Infotag am 7. Februar hinaus werden am Berufsbildungscampus weitere Termine zur Beratung angeboten: Dienstag, 10. Februar von 14 bis 16 Uhr; Donnerstag, 12. Februar von 13.30 bis 15 Uhr und Mittwoch, 18. Februar von 14 bis 16 Uhr. Weitere Informationen auf den Homepages der Schulen.<\/p>\n","protected":false},"excerpt":{"rendered":"das Berufskolleg f\u00fcr Technik Moers, das Hermann-Gmeiner-Berufskolleg, das Mercator-Berufskolleg und die kreiseigene Berufsfachschule f\u00fcr Pflege und Gesundheit Am&hellip;\n","protected":false},"author":2,"featured_media":764455,"comment_status":"","ping_status":"","sticky":false,"template":"","format":"standard","meta":{"footnotes":"","_share_on_mastodon":"0"},"categories":[1838],"tags":[3807,173940,173942,36909,3364,29,3715,30,171748,25405,91399,1209,173941,194,9717],"class_list":["post-764454","post","type-post","status-publish","format-standard","has-post-thumbnail","category-duisburg","tag-moers","tag-173940","tag-173942","tag-berufskolleg","tag-de","tag-deutschland","tag-duisburg","tag-germany","tag-gmeiner","tag-hermann","tag-mercator","tag-nordrhein-westfalen","tag-repelener","tag-technik","tag-uhr"],"share_on_mastodon":{"url":"https:\/\/pubeurope.com\/@de\/115997296828656413","error":""},"_links":{"self":[{"href":"https:\/\/www.europesays.com\/de\/wp-json\/wp\/v2\/posts\/764454","targetHints":{"allow":["GET"]}}],"collection":[{"href":"https:\/\/www.europesays.com\/de\/wp-json\/wp\/v2\/posts"}],"about":[{"href":"https:\/\/www.europesays.com\/de\/wp-json\/wp\/v2\/types\/post"}],"author":[{"embeddable":true,"href":"https:\/\/www.europesays.com\/de\/wp-json\/wp\/v2\/users\/2"}],"replies":[{"embeddable":true,"href":"https:\/\/www.europesays.com\/de\/wp-json\/wp\/v2\/comments?post=764454"}],"version-history":[{"count":0,"href":"https:\/\/www.europesays.com\/de\/wp-json\/wp\/v2\/posts\/764454\/revisions"}],"wp:featuredmedia":[{"embeddable":true,"href":"https:\/\/www.europesays.com\/de\/wp-json\/wp\/v2\/media\/764455"}],"wp:attachment":[{"href":"https:\/\/www.europesays.com\/de\/wp-json\/wp\/v2\/media?parent=764454"}],"wp:term":[{"taxonomy":"category","embeddable":true,"href":"https:\/\/www.europesays.com\/de\/wp-json\/wp\/v2\/categories?post=764454"},{"taxonomy":"post_tag","embeddable":true,"href":"https:\/\/www.europesays.com\/de\/wp-json\/wp\/v2\/tags?post=764454"}],"curies":[{"name":"wp","href":"https:\/\/api.w.org\/{rel}","templated":true}]}}