{"id":764466,"date":"2026-02-01T20:43:10","date_gmt":"2026-02-01T20:43:10","guid":{"rendered":"https:\/\/www.europesays.com\/de\/764466\/"},"modified":"2026-02-01T20:43:10","modified_gmt":"2026-02-01T20:43:10","slug":"dominik-kother-wechselt-zum-msv-duisburg-kaderverkleinerung-dringend-noetig","status":"publish","type":"post","link":"https:\/\/www.europesays.com\/de\/764466\/","title":{"rendered":"Dominik Kother wechselt zum MSV Duisburg \u2013 Kaderverkleinerung dringend n\u00f6tig"},"content":{"rendered":"<p>Kother geht zum MSV Duisburg\u00a0<\/p>\n<p>Nun hat es doch noch geklappt: Dynamo Dresden hat einen Abnehmer f\u00fcr den aussortierten Dominik Kother gefunden. Der 25-j\u00e4hrige Au\u00dfenbahnspieler hatte bereits zu Jahresbeginn seinen Wechselwunsch hinterlegt und kam seitdem nur noch in der U21 der SGD zum Einsatz.<\/p>\n<p>Kader zu voll: Dynamo braucht Abg\u00e4nge<\/p>\n<p>Der Abgang kommt f\u00fcr Dynamo zur rechten Zeit. Der Kader ist mit aktuell 31 Spielern deutlich zu gro\u00df, weshalb die Verantwortlichen dringend Spieler abgeben m\u00fcssen. An Kother hatten zuletzt mehrere \u00f6sterreichische Erstligisten sowie der SSV Jahn Regensburg Interesse gezeigt, doch ein Wechsel kam zun\u00e4chst nicht zustande. Nun soll laut BILD der MSV Duisburg zugeschlagen haben und den Offensivspieler unter Vertrag nehmen.<\/p>\n<p>F\u00fcr Kother ist es ein Wiedersehen mit einem alten Bekannten: Anfang Januar wechselte bereits Mittelfeldspieler Aljaz Casar von Dynamo zu den Zebras, nun folgt ihm sein ehemaliger Teamkollege an die Wedau.<\/p>\n<p>Aufstiegserfahrung als Trumpf f\u00fcr Duisburg<\/p>\n<p>Sportlich k\u00f6nnte der Transfer f\u00fcr Duisburg ein echter Gewinn sein. Der MSV steckt mitten im Aufstiegsrennen und steht aktuell auf Rang zwei der 3. Liga. Kother wei\u00df, wie Aufstieg geht: In der vergangenen Saison bewies er das bereits mit Dynamo. Nach seinem Winterwechsel vom SSV Jahn Regensburg zur SGD erzielte er in 18 Spielen sechs Tore und bereitete drei weitere vor \u2013 ein wichtiger Faktor f\u00fcr den langersehnten Zweitliga-Aufstieg der Dresdner.<\/p>\n<p>In der 2. Bundesliga konnte sich Kother allerdings weder in Regensburg noch bei Dynamo nachhaltig durchsetzen. Der erneute Tapetenwechsel soll nun neuen Schwung bringen.<\/p>\n<p>F\u00fcr Dynamo ist der Abgang gleich doppelt wichtig: Der Spieler wollte weg \u2013 und die SGD muss ihren Kader verkleinern, bevor am Montagabend um 20 Uhr das Transferfenster schlie\u00dft.<\/p>\n<p>(PS)<\/p>\n","protected":false},"excerpt":{"rendered":"Kother geht zum MSV Duisburg\u00a0 Nun hat es doch noch geklappt: Dynamo Dresden hat einen Abnehmer f\u00fcr den&hellip;\n","protected":false},"author":2,"featured_media":764467,"comment_status":"","ping_status":"","sticky":false,"template":"","format":"standard","meta":{"footnotes":"","_share_on_mastodon":"0"},"categories":[1835],"tags":[99641,3364,29,2386,5406,3766,107002,173943,99643,159024,100341,30,3721,859],"class_list":["post-764466","post","type-post","status-publish","format-standard","has-post-thumbnail","category-dresden","tag-1953-update","tag-de","tag-deutschland","tag-dresden","tag-dynamo","tag-dynamo-dresden","tag-dynamo-dresden-aktuell","tag-dynamo-dresden-dominik-kother","tag-dynamo-dresden-news","tag-dynamo-dresden-transferphase","tag-dynamo-heute","tag-germany","tag-msv-duisburg","tag-sachsen"],"share_on_mastodon":{"url":"https:\/\/pubeurope.com\/@de\/115997324368250503","error":""},"_links":{"self":[{"href":"https:\/\/www.europesays.com\/de\/wp-json\/wp\/v2\/posts\/764466","targetHints":{"allow":["GET"]}}],"collection":[{"href":"https:\/\/www.europesays.com\/de\/wp-json\/wp\/v2\/posts"}],"about":[{"href":"https:\/\/www.europesays.com\/de\/wp-json\/wp\/v2\/types\/post"}],"author":[{"embeddable":true,"href":"https:\/\/www.europesays.com\/de\/wp-json\/wp\/v2\/users\/2"}],"replies":[{"embeddable":true,"href":"https:\/\/www.europesays.com\/de\/wp-json\/wp\/v2\/comments?post=764466"}],"version-history":[{"count":0,"href":"https:\/\/www.europesays.com\/de\/wp-json\/wp\/v2\/posts\/764466\/revisions"}],"wp:featuredmedia":[{"embeddable":true,"href":"https:\/\/www.europesays.com\/de\/wp-json\/wp\/v2\/media\/764467"}],"wp:attachment":[{"href":"https:\/\/www.europesays.com\/de\/wp-json\/wp\/v2\/media?parent=764466"}],"wp:term":[{"taxonomy":"category","embeddable":true,"href":"https:\/\/www.europesays.com\/de\/wp-json\/wp\/v2\/categories?post=764466"},{"taxonomy":"post_tag","embeddable":true,"href":"https:\/\/www.europesays.com\/de\/wp-json\/wp\/v2\/tags?post=764466"}],"curies":[{"name":"wp","href":"https:\/\/api.w.org\/{rel}","templated":true}]}}