{"id":764685,"date":"2026-02-01T22:49:16","date_gmt":"2026-02-01T22:49:16","guid":{"rendered":"https:\/\/www.europesays.com\/de\/764685\/"},"modified":"2026-02-01T22:49:16","modified_gmt":"2026-02-01T22:49:16","slug":"dwd-warnt-vor-glaette-und-eisregen","status":"publish","type":"post","link":"https:\/\/www.europesays.com\/de\/764685\/","title":{"rendered":"DWD warnt vor Gl\u00e4tte und Eisregen"},"content":{"rendered":"<p>Aktuelle Wetteraussichten <\/p>\n<p>Teils kr\u00e4ftige Minusgrade in NRW \u2013 ganz andere Lage in Aachen<\/p>\n<p>Aktualisiert am 01.02.2026 &#8211; 20:30 UhrLesedauer: 3 Min.<\/p>\n<p><a href=\"#focus-0\" class=\"transition-colors duration-200 block text-current relative\" data-sctrack=\"FocusGalleryImage.Reference\"><img fetchpriority=\"high\" data-testid=\"Opener.Image\" style=\"--lqipURL:url('https:\/\/images.t-online.de\/2026\/02\/rrLahm0vRhkh\/0x53:534x300\/fit-in\/150x0\/filters:blur(25)\/aachen-roter-kreis-auf-der-temperaturen-karte-des-wetterdienstes-von-t-online-in-den-kommenden-tagen-wird-es-wechselhaft-im-rheinland.png')\"   loading=\"eager\" src=\"https:\/\/www.europesays.com\/de\/wp-content\/uploads\/2026\/02\/aachen-roter-kreis-auf-der-temperaturen-karte-des-wetterdienstes-von-t-online-in-den-kommenden-tagen.png\" alt=\"Aachen (Roter Kreis) auf der Temperaturen-Karte des Wetterdienstes von t-online: In den kommenden Tagen wird es wechselhaft im Rheinland.\" title=\"Aachen (Roter Kreis) auf der Temperaturen-Karte des Wetterdienstes von t-online: In den kommenden Tagen wird es wechselhaft im Rheinland.\" width=\"534\" height=\"300\" class=\"bg-[url:var(--lqipURL)] bg-cover bg-center flex h-full w-full max-w-full\" decoding=\"async\"\/><img style=\"--width:32;--height:32\" loading=\"lazy\" src=\"https:\/\/aachen.t-online.de\/s\/paper\/_next\/static\/media\/zoom-in.f7dae02f.svg\" alt=\"Vergr\u00f6\u00dfern des Bildes\" title=\"Vergr\u00f6\u00dfern des Bildes\" class=\"block h-[calc(var(--height)_\/_16_*_1rem)] w-[calc(var(--width)_\/_16_*_1rem)] max-w-none absolute bottom-8 right-8 rounded-4 bg-snow p-8\" decoding=\"async\"\/><\/a><\/p>\n<p>Aachen (roter Kreis) auf der Temperaturen-Karte des Wetterdienstes von t-online: In den kommenden Tagen wird es wechselhaft im Rheinland. (Quelle: Screenshot)<\/p>\n<p class=\"font-bold text-18 leading-17\">Unwetter- und Gl\u00e4tte-Alarm in NRW: Der Wetterdienst warnt. Besonders eine Region trifft es hart \u2013 dort droht sogar Dauerfrost. Wie ist die Lage in der St\u00e4dteregion?<\/p>\n<p class=\"text-18 leading-17\">Das Wetter in der ersten Februarwoche bringt Autofahrern in einigen Teilen von Nordrhein-Westfalen Eisregen und Glatteis \u2013 auf den Stra\u00dfen ist Vorsicht geboten.<\/p>\n<p class=\"text-18 leading-17\">Die kommende Nacht zum Sonntag kann f\u00fcr Reisende in weiten Teilen von NRW dabei jedoch brisant werden: Zwischen dem M\u00fcnsterland und dem Sauerland droht stellenweise Gl\u00e4tte durch \u00fcberfrierende N\u00e4sse, vereinzelt f\u00e4llt auch Neuschnee. Im <a class=\"transition-colors duration-200 cursor-pointer text-inherit no-underline text-salemsfur md:hover:text-magenta md:hover:border-magenta md:focus:text-magenta border-current border-b border-solid break-words\" href=\"https:\/\/aachen.t-online.de\/region\/aachen\/id_101100584\/wetter-aachen-und-nrw-gefaehrlicher-eisregen-und-neuschnee-drohen.html\" data-sctrack=\"BodyAnchor\" rel=\"nofollow noopener\" target=\"_blank\">Rheinland sacken die Temperaturen auf 0 bis 2 Grad ab, \u00f6stlich des Rheins bis -3 Grad<\/a>. Aachen verzeichnet Tiefstwerte um 1 Grad. Das Gl\u00e4tterisiko auf den Stra\u00dfen ist damit wohl eher gering.<\/p>\n<p class=\"text-18 leading-17\">Der Montag pr\u00e4sentiert sich grau und nass mit gebietsweisen Regenf\u00e4llen. Die Temperaturspanne in NRW erreicht betr\u00e4chtliche Ausma\u00dfe: W\u00e4hrend der Osten mit -1 bis 5 Grad im Frostbereich verharrt, klettert das Thermometer westlich des Rheins auf 8 Grad. Das Portal &#8222;Kachelmannwetter.com&#8220; sieht Aachen mit H\u00f6chstwerten um 7 Grad und Tiefstwerten um 1 Grad im gem\u00e4\u00dfigt-milden Bereich.<\/p>\n<p>Video | In diesen Regionen ist Schnee m\u00f6glich<\/p>\n<p><img style=\"--width:66;--height:64\" loading=\"lazy\" src=\"https:\/\/aachen.t-online.de\/s\/paper\/_next\/static\/media\/loading-indicator.1490436c.svg\" alt=\"Video l\u00e4dt\" title=\"Video l\u00e4dt\" class=\"block h-[calc(var(--height)_\/_16_*_1rem)] w-[calc(var(--width)_\/_16_*_1rem)] max-w-none undefined\" decoding=\"async\"\/><img   loading=\"lazy\" src=\"https:\/\/www.europesays.com\/de\/wp-content\/uploads\/2026\/02\/1769971335_622_image.jpg\" alt=\"\" title=\"\" width=\"1920\" height=\"1080\" class=\"w-full [grid-area:stack]\" decoding=\"async\"\/>Quelle: Glomex<\/p>\n<p class=\"text-18 leading-17\">Am Dienstag (3. Februar) setzt sich das unbest\u00e4ndige Wetter fort: Niederschl\u00e4ge breiten sich von S\u00fcdwesten aus, zun\u00e4chst teilweise als Schnee, sp\u00e4ter als Regen. Immer wieder muss auf den Stra\u00dfen NRWs mit gefrierendem Regen gerechnet werden \u2013 stellenweise herrscht akute Rutschgefahr.<\/p>\n<p class=\"text-18 leading-17\">Im Osten bleibt es mit -1 bis 3 Grad winterlich kalt, westlich des Rheins erreichen die Temperaturen 6 Grad. Aachen profitiert massiv von seiner Randlage: Das Portal &#8222;Kachelmannwetter.com&#8220; rechnet am Dienstag in der St\u00e4dteregion mit milden Temperaturen von bis zu 10 Grad.<\/p>\n","protected":false},"excerpt":{"rendered":"Aktuelle Wetteraussichten Teils kr\u00e4ftige Minusgrade in NRW \u2013 ganz andere Lage in Aachen Aktualisiert am 01.02.2026 &#8211; 20:30&hellip;\n","protected":false},"author":2,"featured_media":764686,"comment_status":"","ping_status":"","sticky":false,"template":"","format":"standard","meta":{"footnotes":"","_share_on_mastodon":"0"},"categories":[1853],"tags":[1424,513,155877,3364,29,548,663,3934,30,13,8120,45568,14,15,1209,5206,2802,21744,12,18025,226,4028,1973,4907,2255],"class_list":["post-764685","post","type-post","status-publish","format-standard","has-post-thumbnail","category-aachen","tag-aachen","tag-auto","tag-dauerfrost","tag-de","tag-deutschland","tag-eu","tag-europa","tag-europe","tag-germany","tag-headlines","tag-minusgrad","tag-muensterland","tag-nachrichten","tag-news","tag-nordrhein-westfalen","tag-rhein","tag-rheinland","tag-sauerland","tag-schlagzeilen","tag-staedteregion","tag-t-online","tag-unwetter","tag-wetter","tag-wetteraussicht","tag-wettervorhersage"],"share_on_mastodon":{"url":"https:\/\/pubeurope.com\/@de\/115997820188763253","error":""},"_links":{"self":[{"href":"https:\/\/www.europesays.com\/de\/wp-json\/wp\/v2\/posts\/764685","targetHints":{"allow":["GET"]}}],"collection":[{"href":"https:\/\/www.europesays.com\/de\/wp-json\/wp\/v2\/posts"}],"about":[{"href":"https:\/\/www.europesays.com\/de\/wp-json\/wp\/v2\/types\/post"}],"author":[{"embeddable":true,"href":"https:\/\/www.europesays.com\/de\/wp-json\/wp\/v2\/users\/2"}],"replies":[{"embeddable":true,"href":"https:\/\/www.europesays.com\/de\/wp-json\/wp\/v2\/comments?post=764685"}],"version-history":[{"count":0,"href":"https:\/\/www.europesays.com\/de\/wp-json\/wp\/v2\/posts\/764685\/revisions"}],"wp:featuredmedia":[{"embeddable":true,"href":"https:\/\/www.europesays.com\/de\/wp-json\/wp\/v2\/media\/764686"}],"wp:attachment":[{"href":"https:\/\/www.europesays.com\/de\/wp-json\/wp\/v2\/media?parent=764685"}],"wp:term":[{"taxonomy":"category","embeddable":true,"href":"https:\/\/www.europesays.com\/de\/wp-json\/wp\/v2\/categories?post=764685"},{"taxonomy":"post_tag","embeddable":true,"href":"https:\/\/www.europesays.com\/de\/wp-json\/wp\/v2\/tags?post=764685"}],"curies":[{"name":"wp","href":"https:\/\/api.w.org\/{rel}","templated":true}]}}