{"id":764751,"date":"2026-02-01T23:29:27","date_gmt":"2026-02-01T23:29:27","guid":{"rendered":"https:\/\/www.europesays.com\/de\/764751\/"},"modified":"2026-02-01T23:29:27","modified_gmt":"2026-02-01T23:29:27","slug":"liveticker-zum-nachlesen-arminia-bielefeld-holt-gegen-dresden-den-punkt-vom-punkt-2","status":"publish","type":"post","link":"https:\/\/www.europesays.com\/de\/764751\/","title":{"rendered":"Liveticker zum Nachlesen: Arminia Bielefeld holt gegen Dresden den Punkt vom Punkt"},"content":{"rendered":"<ul>\n<li>\n<b class=\"bold\">Aufstellung Arminia: <\/b>Kersken \u2013 Lannert, Bauer, Knoche, Sicker \u2013 Russo \u2013 Corboz, W\u00f6rl \u2013 Grodowski, Telalovic, Rochelt<\/li>\n<li>\n<b class=\"bold\">Ausf\u00e4lle:<\/b> Joel Felix, Jeredy Hilterman (beide Schulterverletzungen)<\/li>\n<li>\n<b class=\"bold\">Schiedsrichter:<\/b> Geleitet wird die Partie vom Unparteiischen Felix Wagner (Gl\u00f6tt)<\/li>\n<li>\n<b class=\"bold\">Die<\/b> <b class=\"bold\">Lage: <\/b>Dynamo Dresden hat mit den beiden wichtigen Siegen (2:0 gegen F\u00fcrth, 2:1 in Magdeburg) zum Start der R\u00fcckrunde, Big Points im Kampf gegen den Abstieg gesammelt. Der DSC hingegen steht nach dem Remis im Heimspiel gegen Kiel bei sieben Zweitligaspielen ohne Erfolg in Serie.<\/li>\n<\/ul>\n<p>Arminia nimmt aus Dresden nur einen Punkt mit<\/p>\n<p class=\"em_text\">Fu\u00dfball-Zweitligaabstiegskandidat Arminia Bielefeld kann zwar nicht mehr gewinnen, ist aber erneut nach einem R\u00fcckstand zur\u00fcckgekommen. Am Sonntag erk\u00e4mpfte der DSC vor 30.840 Zuschauern im Rudolf-Harbig-Stadion ein verdientes 1:1 im Kellerduell bei Dynamo Dresden. Tim Handwerker glich per Elfmeter aus.<\/p>\n<p>Das Spiel im Liveticker zum Nachlesen<br \/>\n Alle Informationen vor dem Spiel<\/p>\n","protected":false},"excerpt":{"rendered":"Aufstellung Arminia: Kersken \u2013 Lannert, Bauer, Knoche, Sicker \u2013 Russo \u2013 Corboz, W\u00f6rl \u2013 Grodowski, Telalovic, Rochelt Ausf\u00e4lle:&hellip;\n","protected":false},"author":2,"featured_media":763721,"comment_status":"","ping_status":"","sticky":false,"template":"","format":"standard","meta":{"footnotes":"","_share_on_mastodon":"0"},"categories":[1835],"tags":[2368,1605,3364,29,2386,3766,40953,115229,30,172896,71855,53683,4281,9307,1611,16345,1609,2379,9308,9310,2377,16344,1608,4063,16346,2381,2380,1613,16343,859],"class_list":["post-764751","post","type-post","status-publish","format-standard","has-post-thumbnail","category-dresden","tag-arminia-bielefeld","tag-bielefeld","tag-de","tag-deutschland","tag-dresden","tag-dynamo-dresden","tag-frth","tag-felix-wagner","tag-germany","tag-gltt","tag-jeredy-hilterman","tag-joel-felix","tag-label_arminia","tag-label_foto","tag-label_informiere-mich","tag-label_liveticker","tag-label_plus-ok","tag-label_push","tag-label_republish","tag-label_social","tag-label_startseite","tag-label_ticker","tag-label_top-news","tag-magdeburg","tag-meta_artikelklasse_sonstiges","tag-meta_copyrights_rgowl_freier_mitarbeiter","tag-meta_themen_arminia_bielefeld","tag-meta_userneeds_informieremich","tag-russo","tag-sachsen"],"share_on_mastodon":{"url":"","error":"Validation failed: Text character limit of 500 exceeded"},"_links":{"self":[{"href":"https:\/\/www.europesays.com\/de\/wp-json\/wp\/v2\/posts\/764751","targetHints":{"allow":["GET"]}}],"collection":[{"href":"https:\/\/www.europesays.com\/de\/wp-json\/wp\/v2\/posts"}],"about":[{"href":"https:\/\/www.europesays.com\/de\/wp-json\/wp\/v2\/types\/post"}],"author":[{"embeddable":true,"href":"https:\/\/www.europesays.com\/de\/wp-json\/wp\/v2\/users\/2"}],"replies":[{"embeddable":true,"href":"https:\/\/www.europesays.com\/de\/wp-json\/wp\/v2\/comments?post=764751"}],"version-history":[{"count":0,"href":"https:\/\/www.europesays.com\/de\/wp-json\/wp\/v2\/posts\/764751\/revisions"}],"wp:featuredmedia":[{"embeddable":true,"href":"https:\/\/www.europesays.com\/de\/wp-json\/wp\/v2\/media\/763721"}],"wp:attachment":[{"href":"https:\/\/www.europesays.com\/de\/wp-json\/wp\/v2\/media?parent=764751"}],"wp:term":[{"taxonomy":"category","embeddable":true,"href":"https:\/\/www.europesays.com\/de\/wp-json\/wp\/v2\/categories?post=764751"},{"taxonomy":"post_tag","embeddable":true,"href":"https:\/\/www.europesays.com\/de\/wp-json\/wp\/v2\/tags?post=764751"}],"curies":[{"name":"wp","href":"https:\/\/api.w.org\/{rel}","templated":true}]}}