{"id":764812,"date":"2026-02-02T00:04:13","date_gmt":"2026-02-02T00:04:13","guid":{"rendered":"https:\/\/www.europesays.com\/de\/764812\/"},"modified":"2026-02-02T00:04:13","modified_gmt":"2026-02-02T00:04:13","slug":"umut-tekin-hat-rtl-angelogen","status":"publish","type":"post","link":"https:\/\/www.europesays.com\/de\/764812\/","title":{"rendered":"Umut Tekin hat RTL angelogen"},"content":{"rendered":"<p>&#8222;Alle Ergebnisse werden annulliert&#8220; <\/p>\n<p>Dschungelcamper hat RTL angelogen \u2013 Moderatoren reagieren<\/p>\n<p>01.02.2026 &#8211; 22:49 UhrLesedauer: 2 Min.<\/p>\n<p><a href=\"#focus-0\" class=\"transition-colors duration-200 block text-current relative\" data-sctrack=\"FocusGalleryImage.Reference\"><img fetchpriority=\"high\" data-testid=\"Opener.Image\" style=\"--lqipURL:url('https:\/\/images.t-online.de\/2026\/01\/9jWltYR-UwvN\/226x151:1179x663\/fit-in\/150x0\/filters:blur(25)\/dschungelcamp-sonja-zietlow-und-jan-koeppen-moderieren-die-rtl-show.jpg')\"   loading=\"eager\" src=\"https:\/\/www.europesays.com\/de\/wp-content\/uploads\/2026\/02\/dschungelcamp-sonja-zietlow-und-jan-koeppen-moderieren-die-rtl-show.jpg\" alt=\"Dschungelcamp: Sonja Zietlow und Jan K\u00f6ppen moderieren die RTL-Show.\" title=\"Dschungelcamp: Sonja Zietlow und Jan K\u00f6ppen moderieren die RTL-Show.\" width=\"1179\" height=\"663\" class=\"bg-[url:var(--lqipURL)] bg-cover bg-center flex h-full w-full max-w-full\" decoding=\"async\"\/><img style=\"--width:32;--height:32\" loading=\"lazy\" src=\"https:\/\/www.t-online.de\/s\/paper\/_next\/static\/media\/zoom-in.f7dae02f.svg\" alt=\"Vergr\u00f6\u00dfern des Bildes\" title=\"Vergr\u00f6\u00dfern des Bildes\" class=\"block h-[calc(var(--height)_\/_16_*_1rem)] w-[calc(var(--width)_\/_16_*_1rem)] max-w-none absolute bottom-8 right-8 rounded-4 bg-snow p-8\" decoding=\"async\"\/><\/a><\/p>\n<p>Dschungelcamp: Sonja Zietlow und Jan K\u00f6ppen moderieren die RTL-Show. (Quelle: RTL)<\/p>\n<p class=\"font-bold text-18 leading-17\">Aufgrund seiner Reality-TV-Vergangenheit schaffte es Umut Tekin ins diesj\u00e4hrige Dschungelcamp. Nun gestand er: Die Teilnahme an einem Format erschwindelte er sich.<\/p>\n<p class=\"text-18 leading-17\">Er suchte bei &#8222;<a rel=\"nofollow noopener\" target=\"_blank\" class=\"transition-colors duration-200 cursor-pointer text-inherit no-underline text-salemsfur md:hover:text-magenta md:hover:border-magenta md:focus:text-magenta border-current border-b border-solid break-words\" href=\"https:\/\/www.bild.de\/unterhaltung\/tv\/die-bachelorette\/bachelorette-alle-infos-76680676.bild.html\" data-sctrack=\"BodyAnchor\">Die Bachelorette<\/a>&#8220; nach der gro\u00dfen Liebe, fand seine Partnerin dann bei &#8222;<a rel=\"nofollow noopener\" target=\"_blank\" class=\"transition-colors duration-200 cursor-pointer text-inherit no-underline text-salemsfur md:hover:text-magenta md:hover:border-magenta md:focus:text-magenta border-current border-b border-solid break-words\" href=\"https:\/\/www.bild.de\/unterhaltung\/tv\/bachelor-in-paradise\/bachelor-in-paradise-alle-infos-85887606.bild.html\" data-sctrack=\"BodyAnchor\">Bachelor in Paradise<\/a>&#8220; \u2013 und betrog sie im RTL-Format &#8222;Temptation <a class=\"transition-colors duration-200 cursor-pointer text-inherit no-underline text-salemsfur md:hover:text-magenta md:hover:border-magenta md:focus:text-magenta border-current border-b border-solid break-words\" href=\"https:\/\/www.t-online.de\/themen\/island\/\" data-sctrack=\"BodyAnchor\" rel=\"nofollow noopener\" target=\"_blank\">Island<\/a> VIP&#8220; vor laufenden Kameras. Das lie\u00df <a class=\"transition-colors duration-200 cursor-pointer text-inherit no-underline text-salemsfur md:hover:text-magenta md:hover:border-magenta md:focus:text-magenta border-current border-b border-solid break-words\" href=\"https:\/\/www.t-online.de\/themen\/umut-tekin\/\" data-sctrack=\"BodyAnchor\" rel=\"nofollow noopener\" target=\"_blank\">Umut Tekin<\/a> zumindest alle glauben. Nun enth\u00fcllte er: Seine Untreue war eine L\u00fcge, die er jedoch nie \u00f6ffentlich korrigierte.<\/p>\n<p class=\"text-18 leading-17\">&#8222;Ich wurde \u00fcber Jahre hinweg beschuldigt, jemanden betrogen zu haben. Dabei haben Jana-Maria und ich uns zuvor, bevor es losging, getrennt&#8220;, erz\u00e4hlte der 28-J\u00e4hrige am Sonntag bei &#8222;Ich bin ein Star \u2013 Holt mich hier raus!&#8220;. Aus finanziellen Gr\u00fcnden habe er 2023 trotzdem an der Show teilgenommen. &#8222;Ich habe das Geld gebraucht, um viele Sachen zu begleichen&#8220;, sagte er.<\/p>\n<p class=\"text-18 leading-17\">Bei &#8222;Temptation Island&#8220; stellen Paare ihre Beziehung auf die Probe \u2013 es ist also Voraussetzung, bei Drehstart liiert zu sein. Mit seiner Beichte machte Umut Tekin nun gleichzeitig publik, dass er RTL belogen hat, um an dem Format teilnehmen zu k\u00f6nnen. Ob das Konsequenzen vonseiten des Senders haben wird, bleibt abzuwarten.<\/p>\n<p class=\"text-18 leading-17\">Die Moderatoren des Dschungelcamps lie\u00dfen Umut Tekins L\u00fcge zumindest in der Sendung am Sonntag nicht unkommentiert. &#8222;Er hat gar nicht seine Frau betrogen, sondern nur zwei Millionen Zuschauer. Das bedeutet aber auch, &#8218;Temptation Island&#8216; ist ung\u00fcltig. Alle Ergebnisse werden annulliert&#8220;, sagte <a class=\"transition-colors duration-200 cursor-pointer text-inherit no-underline text-salemsfur md:hover:text-magenta md:hover:border-magenta md:focus:text-magenta border-current border-b border-solid break-words\" href=\"https:\/\/www.t-online.de\/themen\/jan-koeppen\/\" data-sctrack=\"BodyAnchor\" rel=\"nofollow noopener\" target=\"_blank\">Jan K\u00f6ppen<\/a>. <a class=\"transition-colors duration-200 cursor-pointer text-inherit no-underline text-salemsfur md:hover:text-magenta md:hover:border-magenta md:focus:text-magenta border-current border-b border-solid break-words\" href=\"https:\/\/www.t-online.de\/themen\/sonja-zietlow\/\" data-sctrack=\"BodyAnchor\" rel=\"nofollow noopener\" target=\"_blank\">Sonja Zietlow<\/a> f\u00fcgte hinzu: &#8222;Aber keine Angst, hier kann alles so bleiben, wie es ist. Als Nicht-Ehebrecher verliert er zwar die Qualifikation f\u00fcr den Dschungel, aber als Betr\u00fcger ist er automatisch wieder drin.&#8220;<\/p>\n","protected":false},"excerpt":{"rendered":"&#8222;Alle Ergebnisse werden annulliert&#8220; Dschungelcamper hat RTL angelogen \u2013 Moderatoren reagieren 01.02.2026 &#8211; 22:49 UhrLesedauer: 2 Min. Dschungelcamp:&hellip;\n","protected":false},"author":2,"featured_media":764813,"comment_status":"","ping_status":"","sticky":false,"template":"","format":"standard","meta":{"footnotes":"","_share_on_mastodon":"0"},"categories":[155],"tags":[29,14272,214,30,12196,100247,640,884,16230,90777,215],"class_list":["post-764812","post","type-post","status-publish","format-standard","has-post-thumbnail","category-unterhaltung","tag-deutschland","tag-die-bachelorette","tag-entertainment","tag-germany","tag-ich-bin-ein-star-holt-mich-hier-raus","tag-jan-koeppen","tag-rtl","tag-sonja-zietlow","tag-temptation-island-versuchung-im-paradies","tag-umut-tekin","tag-unterhaltung"],"share_on_mastodon":{"url":"https:\/\/pubeurope.com\/@de\/115998114917676488","error":""},"_links":{"self":[{"href":"https:\/\/www.europesays.com\/de\/wp-json\/wp\/v2\/posts\/764812","targetHints":{"allow":["GET"]}}],"collection":[{"href":"https:\/\/www.europesays.com\/de\/wp-json\/wp\/v2\/posts"}],"about":[{"href":"https:\/\/www.europesays.com\/de\/wp-json\/wp\/v2\/types\/post"}],"author":[{"embeddable":true,"href":"https:\/\/www.europesays.com\/de\/wp-json\/wp\/v2\/users\/2"}],"replies":[{"embeddable":true,"href":"https:\/\/www.europesays.com\/de\/wp-json\/wp\/v2\/comments?post=764812"}],"version-history":[{"count":0,"href":"https:\/\/www.europesays.com\/de\/wp-json\/wp\/v2\/posts\/764812\/revisions"}],"wp:featuredmedia":[{"embeddable":true,"href":"https:\/\/www.europesays.com\/de\/wp-json\/wp\/v2\/media\/764813"}],"wp:attachment":[{"href":"https:\/\/www.europesays.com\/de\/wp-json\/wp\/v2\/media?parent=764812"}],"wp:term":[{"taxonomy":"category","embeddable":true,"href":"https:\/\/www.europesays.com\/de\/wp-json\/wp\/v2\/categories?post=764812"},{"taxonomy":"post_tag","embeddable":true,"href":"https:\/\/www.europesays.com\/de\/wp-json\/wp\/v2\/tags?post=764812"}],"curies":[{"name":"wp","href":"https:\/\/api.w.org\/{rel}","templated":true}]}}