{"id":764900,"date":"2026-02-02T00:59:39","date_gmt":"2026-02-02T00:59:39","guid":{"rendered":"https:\/\/www.europesays.com\/de\/764900\/"},"modified":"2026-02-02T00:59:39","modified_gmt":"2026-02-02T00:59:39","slug":"buntes-rathaus-protest-am-felsenkeller-und-farbanschlag-auf-polizeidirektion-%c2%b7-leipziger-zeitung","status":"publish","type":"post","link":"https:\/\/www.europesays.com\/de\/764900\/","title":{"rendered":"Buntes Rathaus, Protest am Felsenkeller und Farbanschlag auf Polizeidirektion \u00b7 Leipziger Zeitung"},"content":{"rendered":"<p>Die \u201cNeo Folk Night\u201d im Leipziger Felsenkeller sorgte bereits im Vorfeld f\u00fcr Wirbel, am Samstag wurde dieser mit Protest vor Ort untermalt. Au\u00dferdem hatten bisher unbekannte T\u00e4ter*innen in der Nacht von Freitag auf Samstag mehreres Schl\u00f6sser des Geb\u00e4udes mit M\u00f6rtel verklebt. Au\u00dferdem: Das Neue Rathaus war am Samstagabend Projektionsfl\u00e4che f\u00fcr Lichtinstallationen im Zeichen von Nachhaltigkeit und internationaler Solidarit\u00e4t und die Fassade der Polizeidirektion im Peterssteinweg wurde mit Farbe beschmiert. Die LZ fasst zusammen, was am Wochenende des 31. Januars und 2. Februars 2026 in Leipzig, Sachsen und dar\u00fcber hinaus wichtig war.<\/p>\n<p>Buntes Rathaus f\u00fcr nachhaltige Entwicklung<\/p>\n<p><img decoding=\"async\" src=\"https:\/\/www.europesays.com\/de\/wp-content\/uploads\/2026\/02\/9ea9a904f2384bcabdd70b27273045da.gif\" alt=\"\" width=\"https:\/\/www.l-iz.de\/der-tag\/2026\/02\/1\" height=\"https:\/\/www.l-iz.de\/der-tag\/2026\/02\/1\"\/><\/p>\n<p>Bunte Projektionen zierten am Samstagabend in der Zeit von 17 bis 22 Uhr das Neue Rathaus. Die Lichtinstallation erinnerten symbolisch an die 17 Ziele f\u00fcr nachhaltige Entwicklung der Weltgemeinschaft und daran, dass eine gerechtere und nachhaltigere Welt nur gemeinsam erreicht werden kann.\u00a0<\/p>\n<p>\u201eLeipzig unterst\u00fctzt die globalen Nachhaltigkeitsziele mit voller Kraft\u201c, so Leipzigs Umweltb\u00fcrgermeister Heiko Rosenthal (Die Linke). \u201eDiese besondere Lichtinstallation erm\u00f6glicht Allen, die Samstagabend am beleuchteten Neuen Rathaus vorbeilaufen, einen Blick werfen oder sogar vor Ort innehalten, einen besonders eindrucksvollen und gleichzeitig leichten Zugang zu den Nachhaltigkeitszielen und -werten.\u201c<\/p>\n<p>Die Unterst\u00fctzung durch die \u00d6ffentlichkeit sei enorm wichtig, so Rosenthal. Deshalb h\u00e4tte die Stadt das Neue Rathaus \u201esehr gern f\u00fcr die Aktion des Bundesministeriums f\u00fcr wirtschaftliche Zusammenarbeit und Entwicklung (BMZ) zur Verf\u00fcgung [gestellt].\u201c<\/p>\n<ul class=\"swiper-wrapper kf-gallery-photos\">\n<li class=\"swiper-slide\"><img width=\"698\" height=\"465\" src=\"https:\/\/www.europesays.com\/de\/wp-content\/uploads\/2026\/02\/5472006970874203456-698x465.jpg\" class=\"attachment-large size-large\" alt=\"\" loading=\"lazy\" decoding=\"async\"  \/>Bunte Lichtinstallationen am Neuen Rathaus f\u00fcr internationale Solidarit\u00e4t. Foto: LZ<\/li>\n<li class=\"swiper-slide\"><img width=\"698\" height=\"465\" src=\"https:\/\/www.europesays.com\/de\/wp-content\/uploads\/2026\/02\/5472006970874203454-698x465.jpg\" class=\"attachment-large size-large\" alt=\"\" loading=\"lazy\" decoding=\"async\"  \/>Bunte Lichtinstallationen am Neuen Rathaus f\u00fcr internationale Solidarit\u00e4t. Foto: LZ<\/li>\n<\/ul>\n<p><img width=\"50\" height=\"50\" src=\"https:\/\/www.europesays.com\/de\/wp-content\/uploads\/2026\/02\/5472006970874203456-50x50.jpg\" class=\"slide-thumb-image\" alt=\"\" loading=\"lazy\" decoding=\"async\"  \/><img width=\"50\" height=\"50\" src=\"https:\/\/www.europesays.com\/de\/wp-content\/uploads\/2026\/02\/5472006970874203454-50x50.jpg\" class=\"slide-thumb-image\" alt=\"\" loading=\"lazy\" decoding=\"async\"  \/><\/p>\n<p>Das Projekt findet in Kooperation mit Engagement Global im Rahmen der Bildungskampagne #17Ziele statt. Die 17 Ziele f\u00fcr nachhaltige Entwicklung (Sustainable Development Goals, SDGs) wurden 2015 im Rahmen der Agenda 2030 von den Vereinten Nationen verabschiedet. Die Ziele ber\u00fccksichtigen alle drei Dimensionen der Nachhaltigkeit \u2013 Soziales, Umwelt und Wirtschaft \u2013 gleicherma\u00dfen und gelten f\u00fcr alle Staaten der Welt.<\/p>\n<p>\u201eNeo Folk Night\u201c im Felsenkeller mit Protest und Sachbesch\u00e4digung<\/p>\n<p>In der Nacht von Freitag auf Samstag verklebten bisher unbekannte T\u00e4ter*innen mehrere T\u00fcrschl\u00f6sser am Felsenkeller mit M\u00f6rtel. Wahrscheinlich standen diese Taten im Zusammenhang mit der am Samstagabend stattfindenden \u201eNeo Folk Night\u201c in dem Veranstaltungshaus. Im Vorfeld war von verschiedenen Seiten Kritik gegen die Veranstaltung laut geworden.<\/p>\n<p>Das B\u00fcndnis \u201eLeipzig gegen Rechts\u201c hatte bereits im Dezember vergangenen Jahres darauf hingewiesen, dass einige der f\u00fcr die \u201eNeofolk Night\u201c engagierten Bands wie Darkwood und Espacio Vital in Bezug zu Symbolen und Ideologemen des Nationalsozialismus st\u00fcnden. Unter anderem wurde auf die T\u00e4towierung eines Musikers hingewiesen, welches ein durch Bl\u00e4tter verfremdetes Hakenkreuz darstellte.<\/p>\n<p>Schon vor einigen Tagen hatte es einen Vorfall gegeben, welcher mit der Veranstaltung im Zusammenhang stehen k\u00f6nnte: In der Nacht vom 28. auf den 29. Januar wurde die Fassade des Felsenkellers mit Farbe und G\u00fclle beschmiert. Nach Angaben der Polizeidirektion Leipzig entstand ein Sachschaden von rund 5.000 Euro.<\/p>\n<p>Sowohl die Betreiber*innen des Felsenkellers als auch die Veranstaltenden hatten sich im Vorfeld zu den Vorw\u00fcrfen ge\u00e4u\u00dfert und Distanz zu extremistischen Ideologien betont. Am Samstagabend versammelten sich schlie\u00dflich etwa 20 Personen zu einer Kundgebung vor dem Felsenkeller. Laut Polizeibericht verlief der Protest friedlich.<\/p>\n<p><a href=\"https:\/\/www.l-iz.de\/leben\/gesellschaft\/2026\/01\/felsenkeller-guelle-neofolk-protes-646082\" target=\"_blank\" rel=\"noopener nofollow\">Ausf\u00fchrlicher \u00fcber die Thematik hat Marco Br\u00e1s dos Santos hier berichtet.<\/a><\/p>\n<p>\u00dcberraschende Heim-Pleite f\u00fcr RB Leipzig<\/p>\n<p>Die zur\u00fcckliegende Woche haben sich die Bundesliga-Fu\u00dfballer von RB Leipzig garantiert ganz anders vorgestellt. Denn in ihren beiden Partien gegen Teams aus dem Tabellenkeller, sprang f\u00fcr die Rasenballer insgesamt nur ein d\u00fcrftiges P\u00fcnktchen heraus. Nach dem Remis am Dienstag auf St. Pauli, setzte es am Samstagnachmittag gegen den FSV Mainz 05 gar eine 1:2-Heimniederlage.<\/p>\n<p>Dabei war RBL vor, ebenfalls ausbauf\u00e4higen, 35.500 Zuschauern durch einen Kopfball-Treffer von Conrad Harder sogar mit 1:0 (40.) in F\u00fchrung gegangen (40.). Doch noch vor dem Halbzeitpfiff glichen die Mainzer durch einen von Nadiem Amiri in der Nachspielzeit verwandelten Elfmeter zum 1:1 (45.+6) aus. Und als der zweite Durchgang gerade erst begonnen hatte, jubelten schon wieder die G\u00e4ste: Der frisch aus Stuttgart gewechselte Silas stellte auf 1:2 (49.). Es sollte sp\u00e4ter auch der Endstand sein \u2013 f\u00fcr die Rasenballer ein R\u00fcckschlag im Kampf um den angestrebten Champions League-Platz.<\/p>\n<ul class=\"swiper-wrapper kf-gallery-photos\">\n<li class=\"swiper-slide\"><img decoding=\"async\" width=\"698\" height=\"465\" src=\"https:\/\/www.europesays.com\/de\/wp-content\/uploads\/2026\/02\/BS-Jan_Kaefer-00000660-698x465.jpg\" class=\"attachment-large size-large\" alt=\"\" loading=\"lazy\"  \/>Danny da Costa (21, FSV Mainz 05) und Antonio Nusa (7, RB Leipzig) schauen nach einem Schuss dem Ball hinterher, w\u00e4hrend Torwart Daniel Batz (33, FSV Mainz 05) fliegt. Foto: Jan Kaefer<\/li>\n<li class=\"swiper-slide\"><img decoding=\"async\" width=\"698\" height=\"465\" src=\"https:\/\/www.europesays.com\/de\/wp-content\/uploads\/2026\/02\/BS-Jan_Kaefer-00000819-698x465.jpg\" class=\"attachment-large size-large\" alt=\"\" loading=\"lazy\"  \/>Yan Diomande (49, RB Leipzig) gegen Jae-Sung Lee (7, FSV Mainz 05). Foto: Jan Kaefer<\/li>\n<li class=\"swiper-slide\"><img decoding=\"async\" width=\"698\" height=\"465\" src=\"https:\/\/www.europesays.com\/de\/wp-content\/uploads\/2026\/02\/BS-Jan_Kaefer-00000610-698x465.jpg\" class=\"attachment-large size-large\" alt=\"\" loading=\"lazy\"  \/>Yan Diomande (49, RB Leipzig) vor Kapit\u00e4n Silvan Widmer (30, FSV Mainz 05). Foto: Jan Kaefer<\/li>\n<li class=\"swiper-slide\"><img decoding=\"async\" width=\"698\" height=\"465\" src=\"https:\/\/www.europesays.com\/de\/wp-content\/uploads\/2026\/02\/BS-Jan_Kaefer-00000586-698x465.jpg\" class=\"attachment-large size-large\" alt=\"\" loading=\"lazy\"  \/>Benedict Hollerbach (17, FSV Mainz 05) muss schwer verletzt vom Platz getragen werden. Foto: Jan Kaefer<\/li>\n<li class=\"swiper-slide\"><img decoding=\"async\" width=\"698\" height=\"465\" src=\"https:\/\/www.europesays.com\/de\/wp-content\/uploads\/2026\/02\/BS-Jan_Kaefer-00000538-698x465.jpg\" class=\"attachment-large size-large\" alt=\"\" loading=\"lazy\"  \/>Phillip Tietz (20, FSV Mainz 05) zwischen Ridle Baku (17, RB Leipzig) und Nicolas Seiwald (13, RB Leipzig). Foto: Jan Kaefer<\/li>\n<li class=\"swiper-slide\"><img decoding=\"async\" width=\"698\" height=\"465\" src=\"https:\/\/www.europesays.com\/de\/wp-content\/uploads\/2026\/02\/BS-Jan_Kaefer-00000767-698x465.jpg\" class=\"attachment-large size-large\" alt=\"\" loading=\"lazy\"  \/>Conrad Harder (11, RB Leipzig) erzielt per Kopf das Tor zum 1:0. Foto: Jan Kaefer<\/li>\n<li class=\"swiper-slide\"><img decoding=\"async\" width=\"698\" height=\"465\" src=\"https:\/\/www.europesays.com\/de\/wp-content\/uploads\/2026\/02\/BS-Jan_Kaefer-00000772-698x465.jpg\" class=\"attachment-large size-large\" alt=\"\" loading=\"lazy\"  \/>Torwart Daniel Batz (33, FSV Mainz 05) fliegt vergeblich, der Kopfball von Conrad Harder (11, RB Leipzig) landet zum 1:0 im Tor. Foto: Jan Kaefer<\/li>\n<li class=\"swiper-slide\"><img decoding=\"async\" width=\"698\" height=\"465\" src=\"https:\/\/www.europesays.com\/de\/wp-content\/uploads\/2026\/02\/BS-Jan_Kaefer-00000851-698x465.jpg\" class=\"attachment-large size-large\" alt=\"\" loading=\"lazy\"  \/>Nadiem Amiri (10, FSV Mainz 05) verwandelt den Elfmeter gegen Torwart Peter Gulacsi (1, RB Leipzig) und erzielt das Tor zum zwischenzeitlichen 1:1-Ausgleich. Foto: Jan Kaefer<\/li>\n<li class=\"swiper-slide\"><img decoding=\"async\" width=\"698\" height=\"465\" src=\"https:\/\/www.europesays.com\/de\/wp-content\/uploads\/2026\/02\/BS-Jan_Kaefer-00000960-698x465.jpg\" class=\"attachment-large size-large\" alt=\"\" loading=\"lazy\"  \/>Kaishu Sano (6, FSV Mainz 05) entwischt Willi Orban (4, RB Leipzig) und kommt zum Schuss. Foto: Jan Kaefer<\/li>\n<li class=\"swiper-slide\"><img decoding=\"async\" width=\"698\" height=\"465\" src=\"https:\/\/www.europesays.com\/de\/wp-content\/uploads\/2026\/02\/BS-Jan_Kaefer-00000699-698x465.jpg\" class=\"attachment-large size-large\" alt=\"\" loading=\"lazy\"  \/>Romulo Cardoso da Cruz (40, RB Leipzig) gegen Stefan Bell (16, FSV Mainz 05). Foto: Jan Kaefer<\/li>\n<li class=\"swiper-slide\"><img decoding=\"async\" width=\"698\" height=\"465\" src=\"https:\/\/www.europesays.com\/de\/wp-content\/uploads\/2026\/02\/BS-Jan_Kaefer-00000882-698x465.jpg\" class=\"attachment-large size-large\" alt=\"\" loading=\"lazy\"  \/>Silas Katompa Mvumpa (26, FSV Mainz 05) erzielt das entscheidende Tor zum 1:2-Sieg. Foto: Jan Kaefer<\/li>\n<li class=\"swiper-slide\"><img decoding=\"async\" width=\"698\" height=\"465\" src=\"https:\/\/www.europesays.com\/de\/wp-content\/uploads\/2026\/02\/BS-Jan_Kaefer-00000904-698x465.jpg\" class=\"attachment-large size-large\" alt=\"\" loading=\"lazy\"  \/>El Chadaille Bitshiabu (5, RB Leipzig) am Ball gegen Danny da Costa (21, FSV Mainz 05). Im Hintergrund der sp\u00e4tere Endstand von 1:2 f\u00fcr Mainz. Foto: Jan Kaefer<\/li>\n<li class=\"swiper-slide\"><img decoding=\"async\" width=\"698\" height=\"465\" src=\"https:\/\/www.europesays.com\/de\/wp-content\/uploads\/2026\/02\/BS-Jan_Kaefer-00000463-698x465.jpg\" class=\"attachment-large size-large\" alt=\"\" loading=\"lazy\"  \/>Ole Werner (Chef-Trainer, RB Leipzig). Foto: Jan Kaefer<\/li>\n<li class=\"swiper-slide\"><img decoding=\"async\" width=\"698\" height=\"465\" src=\"https:\/\/www.europesays.com\/de\/wp-content\/uploads\/2026\/02\/BS-Jan_Kaefer-00001037-698x465.jpg\" class=\"attachment-large size-large\" alt=\"\" loading=\"lazy\"  \/>Das Team aus Mainz  jubelt gemeinsam vor den Fans. Foto: Jan Kaefer<\/li>\n<\/ul>\n<p>Stadtrat, teures Bauen und die sch\u00f6ne Albertina<\/p>\n<p><strong>Wor\u00fcber die LZ am Wochenende berichtet hat:<\/strong><\/p>\n<p><a href=\"https:\/\/www.l-iz.de\/politik\/brennpunkt\/2026\/02\/der-stadtrat-tagte-senioren-engelsdorf-wieder-tickets-lvb-646062\" target=\"_blank\" rel=\"noopener nofollow\">Der Stadtrat tagte: Wie kommen Senioren in Engelsdorf wieder an Tickets f\u00fcr die LVB?<\/a><\/p>\n<p><a href=\"https:\/\/www.l-iz.de\/politik\/brennpunkt\/2026\/02\/der-stadtrat-tagte-villa-davignon-unbedingt-safe-space-erhalten-bleiben-646043\" target=\"_blank\" rel=\"noopener nofollow\">Der Stadtrat tagte: Die \u201eVilla Davignon\u201c soll unbedingt als \u201eSafe Space\u201c erhalten bleiben<\/a><\/p>\n<p><a href=\"https:\/\/www.l-iz.de\/politik\/brennpunkt\/2026\/02\/denkmal-der-industriegeschichte-protest-geplanter-abriss-maschinenfabrik-philipp-swiderski-646038\" target=\"_blank\" rel=\"noopener nofollow\">Denkmal der Industriegeschichte: Protest gegen den geplanten Abriss der Maschinenfabrik Philipp Swiderski<\/a><\/p>\n<p>Der Stadtrat tagte: Wie kann man Leipzigs historische Kleinode vor Randale sch\u00fctzen?<\/p>\n<p><a href=\"https:\/\/www.l-iz.de\/wirtschaft\/metropolregion\/2026\/01\/bauen-wird-immer-teurer-sachsische-wohnungsgenossenschaften-646013\" target=\"_blank\" rel=\"noopener nofollow\">Bauen wird immer teurer: S\u00e4chsische Wohnungsgenossenschaften blicken auf anspruchsvolles Gesch\u00e4ftsjahr 2025 zur\u00fcck<\/a><\/p>\n<p><a href=\"https:\/\/www.l-iz.de\/sport\/fussball\/2026\/01\/stadtrat-conference-league-finale-646104\" target=\"_blank\" rel=\"noopener nofollow\">Der Stadtrat tagte: Eine Million f\u00fcr das Conference-League-Finale in Leipzig<\/a><\/p>\n<p><a href=\"https:\/\/www.l-iz.de\/top-posts\/2026\/01\/neues-vom-leipziger-wagenplatz-karlhelga-wo-menschen-wichtiger-sind-als-profit-645879\" target=\"_blank\" rel=\"noopener nofollow\">Neues vom Leipziger Wagenplatz karlhelga \u2013wo Menschen wichtiger sind als Profit<\/a><\/p>\n<p><a href=\"https:\/\/www.l-iz.de\/bildung\/leipzig-bildet\/2026\/01\/albertina-zur-schonsten-uni-bibliothek-deutschlands-gekurt-646017\" target=\"_blank\" rel=\"noopener nofollow\">Es hat ge-funkt: Albertina zur sch\u00f6nsten Uni-Bibliothek Deutschlands gek\u00fcrt<\/a><\/p>\n<p><a href=\"https:\/\/www.l-iz.de\/bildung\/buecher\/2026\/01\/martina-hefter-es-koennte-auch-schoen-werden-646010\" target=\"_blank\" rel=\"noopener nofollow\">Es k\u00f6nnte auch sch\u00f6n werden: Mit Martina Hefter einen Ort entdecken, an dem die Poesie sich versteckt<\/a><\/p>\n<p>Demonstrationen, Verletzung durch Knaller und Farbanschlag auf Polizeidirektion<\/p>\n<p><strong>Was heute au\u00dferdem wichtig war:<\/strong> Auf dem Augustusplatz protestierten etwa 100 Menschen am Samstagnachmittag gegen das Regime im Iran.<\/p>\n<ul class=\"swiper-wrapper kf-gallery-photos\">\n<li class=\"swiper-slide\"><img width=\"698\" height=\"465\" src=\"https:\/\/www.europesays.com\/de\/wp-content\/uploads\/2026\/02\/5472006970874203249-698x465.jpg\" class=\"attachment-large size-large\" alt=\"\" loading=\"lazy\" decoding=\"async\"  \/><\/li>\n<li class=\"swiper-slide\"><img width=\"698\" height=\"465\" src=\"https:\/\/www.europesays.com\/de\/wp-content\/uploads\/2026\/02\/5472006970874203252-698x465.jpg\" class=\"attachment-large size-large\" alt=\"\" loading=\"lazy\" decoding=\"async\"  \/>Protest gegen das Regime im Iran. Foto: LZ<\/li>\n<li class=\"swiper-slide\"><img width=\"698\" height=\"465\" src=\"https:\/\/www.europesays.com\/de\/wp-content\/uploads\/2026\/02\/5472006970874203250-698x465.jpg\" class=\"attachment-large size-large\" alt=\"\" loading=\"lazy\" decoding=\"async\"  \/>Protest gegen das Regime im Iran. Foto: LZ<\/li>\n<\/ul>\n<p>Auf dem Marktplatz fand ebenfalls am Samstagnachmittag eine Demonstration in Solidarit\u00e4t mit Rojava statt.<\/p>\n<ul class=\"swiper-wrapper kf-gallery-photos\">\n<li class=\"swiper-slide\"><img width=\"698\" height=\"465\" src=\"https:\/\/www.europesays.com\/de\/wp-content\/uploads\/2026\/02\/5472006970874203389-698x465.jpg\" class=\"attachment-large size-large\" alt=\"Menschenmenge mit Flaggen und Bannern\" loading=\"lazy\" decoding=\"async\"  \/>Demonstration f\u00fcr Rojava auf dem Leipziger Marktplatz. Foto: LZ<\/li>\n<li class=\"swiper-slide\"><img width=\"698\" height=\"465\" src=\"https:\/\/www.europesays.com\/de\/wp-content\/uploads\/2026\/02\/5472006970874203387-698x465.jpg\" class=\"attachment-large size-large\" alt=\"Menschenmenge mit Fahnen und Bannern\" loading=\"lazy\" decoding=\"async\"  \/>Demonstration f\u00fcr Rojava auf dem Leipziger Marktplatz. Foto: LZ<\/li>\n<li class=\"swiper-slide\"><img width=\"698\" height=\"465\" src=\"https:\/\/www.europesays.com\/de\/wp-content\/uploads\/2026\/02\/5472006970874203386-698x465.jpg\" class=\"attachment-large size-large\" alt=\"Menschenmenge mit Fahnen und Bannern\" loading=\"lazy\" decoding=\"async\"  \/>Demonstration f\u00fcr Rojava auf dem Leipziger Marktplatz. Foto: LZ<\/li>\n<li class=\"swiper-slide\"><img width=\"698\" height=\"465\" src=\"https:\/\/www.europesays.com\/de\/wp-content\/uploads\/2026\/02\/5472006970874203315-698x465.jpg\" class=\"attachment-large size-large\" alt=\"Menschenmenge mit Fahnen und Bannern\" loading=\"lazy\" decoding=\"async\"  \/>Demonstration f\u00fcr Rojava auf dem Leipziger Marktplatz. Foto: LZ<\/li>\n<\/ul>\n<p>Ein 15-j\u00e4hriger Jugendlicher erlitt am Samstagmittag schwere Verletzungen. Er befand sich in der Wohnung eines Bekannten in Leipzig-Schleu\u00dfig, wo er mit einem Knallk\u00f6rper hantierte. Der Sprengsatz explodierte in der Hand des 15-J\u00e4hrigen, er zog sich schwere Verletzungen zu und musste sofort operiert werden. Die Kriminalpolizei hat Ermittlungen wegen Versto\u00dfes gegen das Sprengstoffgesetz aufgenommen.\u00a0<\/p>\n<p>Bislang unbekannte T\u00e4ter beschmierten am Samstagabend die Fassade und mehrere Fenster der Polizeidirektion Leipzig im Peterssteinweg. Mit schwarzer Farbe wurden in einem Umfang von etwa einem Meter mal einem Meter zwei Buchstaben an der Fassade angebracht, die Wand au\u00dferdem mit wei\u00dfer Farbe bespritzt. Es laufen die Ermittlungen wegen gemeinsch\u00e4dlicher Sachbesch\u00e4digung.<\/p>\n<p><img loading=\"lazy\" decoding=\"async\" class=\"size-medium wp-image-646162\" src=\"https:\/\/www.europesays.com\/de\/wp-content\/uploads\/2026\/02\/5188461991725567420-1-250x188.jpg\" alt=\"\" width=\"250\" height=\"188\"  \/>Schwarze und wei\u00dfe Farbe an der Fassade des Polizeipr\u00e4sidiums im Peterssteinweg. Foto: LZ<\/p>\n<p>Ein F\u00fcnfj\u00e4hriger und sein Vater, <a href=\"https:\/\/www.tagesschau.de\/ausland\/amerika\/minneapolis-fuenfjaehriger-frei-100.html\" target=\"_blank\" rel=\"noopener nofollow\">welche am 20. Januar in Minneapolis im US-Bundesstaat Minnesota von Beamten der Einwanderungsbeh\u00f6rde ICE in Gewahrsam genommen wurden,\u00a0<\/a>m\u00fcssen bis sp\u00e4testens Dienstag freigelassen werden. Das entschied ein Gericht in Texas.<\/p>\n<p>Warnstreik im \u00d6PNV<\/p>\n<p><strong>Was morgen passieren wird:<\/strong> F\u00fcr den morgigen Montag hat die Gewerkschaft ver.di bundesweit zum Warnstreik im \u00d6ffentlichen Nahverkehr aufgerufen. Die Gewerkschaft fordert insbesondere deutlich bessere Arbeitsbedingungen f\u00fcr die Besch\u00e4ftigten, unter anderem durch die Verk\u00fcrzung der Wochenarbeitszeit und der Schichtzeiten, Verl\u00e4ngerung der Ruhezeiten, aber auch durch h\u00f6here Zuschl\u00e4ge f\u00fcr Arbeit in der Nacht und am Wochenende.<a href=\"https:\/\/www.l-iz.de\/wirtschaft\/mobilitaet\/2026\/02\/kommentar-warnstreik-nahverkehr-wirklich-notig-geht-es-um-mehr-646106\" target=\"_blank\" rel=\"noopener nofollow\"> Ausf\u00fchrlicher hat unser Redakteur Thomas K\u00f6hler hier dar\u00fcber berichtet.<\/a><\/p>\n","protected":false},"excerpt":{"rendered":"Die \u201cNeo Folk Night\u201d im Leipziger Felsenkeller sorgte bereits im Vorfeld f\u00fcr Wirbel, am Samstag wurde dieser mit&hellip;\n","protected":false},"author":2,"featured_media":764901,"comment_status":"","ping_status":"","sticky":false,"template":"","format":"standard","meta":{"footnotes":"","_share_on_mastodon":"0"},"categories":[1832],"tags":[53742,16427,3364,507,2409,29,174009,30,345,71,121,167183,859],"class_list":["post-764900","post","type-post","status-publish","format-standard","has-post-thumbnail","category-leipzig","tag-protestaktionen","tag-das-wochenende","tag-de","tag-demonstration","tag-der-tag","tag-deutschland","tag-felsenkeller","tag-germany","tag-iran","tag-leipzig","tag-polizei","tag-rojava","tag-sachsen"],"share_on_mastodon":{"url":"https:\/\/pubeurope.com\/@de\/115998332538792316","error":""},"_links":{"self":[{"href":"https:\/\/www.europesays.com\/de\/wp-json\/wp\/v2\/posts\/764900","targetHints":{"allow":["GET"]}}],"collection":[{"href":"https:\/\/www.europesays.com\/de\/wp-json\/wp\/v2\/posts"}],"about":[{"href":"https:\/\/www.europesays.com\/de\/wp-json\/wp\/v2\/types\/post"}],"author":[{"embeddable":true,"href":"https:\/\/www.europesays.com\/de\/wp-json\/wp\/v2\/users\/2"}],"replies":[{"embeddable":true,"href":"https:\/\/www.europesays.com\/de\/wp-json\/wp\/v2\/comments?post=764900"}],"version-history":[{"count":0,"href":"https:\/\/www.europesays.com\/de\/wp-json\/wp\/v2\/posts\/764900\/revisions"}],"wp:featuredmedia":[{"embeddable":true,"href":"https:\/\/www.europesays.com\/de\/wp-json\/wp\/v2\/media\/764901"}],"wp:attachment":[{"href":"https:\/\/www.europesays.com\/de\/wp-json\/wp\/v2\/media?parent=764900"}],"wp:term":[{"taxonomy":"category","embeddable":true,"href":"https:\/\/www.europesays.com\/de\/wp-json\/wp\/v2\/categories?post=764900"},{"taxonomy":"post_tag","embeddable":true,"href":"https:\/\/www.europesays.com\/de\/wp-json\/wp\/v2\/tags?post=764900"}],"curies":[{"name":"wp","href":"https:\/\/api.w.org\/{rel}","templated":true}]}}