{"id":765105,"date":"2026-02-02T02:56:14","date_gmt":"2026-02-02T02:56:14","guid":{"rendered":"https:\/\/www.europesays.com\/de\/765105\/"},"modified":"2026-02-02T02:56:14","modified_gmt":"2026-02-02T02:56:14","slug":"us-einwanderungsbehoerde-ice-fuenfjaehriger-und-dessen-vater-nach-ice-gewahrsam-wieder-frei","status":"publish","type":"post","link":"https:\/\/www.europesays.com\/de\/765105\/","title":{"rendered":"US-Einwanderungsbeh\u00f6rde ICE: F\u00fcnfj\u00e4hriger und dessen Vater nach ICE-Gewahrsam wieder frei"},"content":{"rendered":"<p class=\"paragraph article__item\">Der bei einem Einsatz der <a href=\"https:\/\/www.zeit.de\/politik\/ausland\/2026-01\/ice-minneapolis-donald-trump-us-einwanderungsbehoerde-abschiebungen\" class=\"\" target=\"_blank\" rel=\"nofollow noopener\">US-Einwanderungsbeh\u00f6rde\u00a0ICE<\/a> in Gewahrsam genommene und nach Texas gebrachte F\u00fcnfj\u00e4hrige und sein Vater sind wieder frei. Vater und Sohn seien gemeinsam in ihr Zuhause im US-Bundesstaat <a class=\"rtr-entity\" href=\"https:\/\/www.zeit.de\/thema\/minnesota\" rel=\"nofollow noopener\" target=\"_blank\">Minnesota<\/a> zur\u00fcckgekehrt, teilte\u00a0Katherine Schneider mit, die Sprecherin des demokratischen Kongressabgeordneten Joaqu\u00edn Castro.\u00a0Demnach holte Castro sie am Samstag an einer Haftanstalt im texanischen<br \/>\nDilley ab und begleitete die beiden am Sonntag zur\u00fcck nach <a href=\"https:\/\/www.zeit.de\/thema\/minnesota\" class=\"\" target=\"_blank\" rel=\"nofollow noopener\">Minnesota<\/a>.\u00a0\n<\/p>\n<p class=\"paragraph article__item\">Zuvor<br \/>\nhatte ein Gericht die\u00a0<a href=\"https:\/\/www.zeit.de\/politik\/ausland\/2026-01\/minnesota-ice-deportationen-fuenfjaehriger-abschiebung\" class=\"\" target=\"_blank\" rel=\"nofollow noopener\">Freilassung angeordnet<\/a>.\u00a0Der Fall habe seinen &#8222;Ursprung im schlecht durchdachten und<br \/>\ninkompetent umgesetzten Bestreben der Regierung, t\u00e4gliche<br \/>\nAbschiebequoten einzuhalten \u2013 offenbar selbst dann, wenn damit die<br \/>\nTraumatisierung von Kindern einhergeht&#8220;, sagte der zust\u00e4ndige\u00a0Bundesrichter Fred Biery.\n<\/p>\n<p>        Gro\u00dfe Kritik an Vorgehen der ICE-Beamten        <\/p>\n<p class=\"paragraph article__item\">Vater und Sohn waren am 20. Januar in einem Vorort von <a href=\"https:\/\/www.zeit.de\/digital\/2026-01\/us-regierung-maga-widerstand-ice-donald-trump\" class=\"\" target=\"_blank\" rel=\"nofollow noopener\">Minneapolis<\/a>\u00a0gefangen genommen und in die Einrichtung in Texas gebracht worden. Aufnahmen zeigten den Jungen\u00a0mit H\u00e4schenm\u00fctze und Spider-Man-Rucksack, umringt von Bundesbeamten. Die Bilder hatten zu gro\u00dfer Kritik an dem Vorgehen der Einwanderungsbeh\u00f6rden unter US-Pr\u00e4sident Donald Trump gef\u00fchrt.\u00a0\n<\/p>\n<p class=\"paragraph article__item\">Nachbarn und Schulvertreter warfen den Beamten zudem vor, das Kind als K\u00f6der benutzt zu haben. Der Junge sei aufgefordert worden, an der T\u00fcr zu klopfen, damit seine Mutter \u00f6ffne. Das Heimatschutzministerium wies diese Schilderung als L\u00fcge zur\u00fcck und gab an, der Vater sei zu Fu\u00df vor den Beamten geflohen und habe seinen Sohn im Auto in der Einfahrt zur\u00fcckgelassen.\n<\/p>\n<p class=\"paragraph article__item\">&#8222;Deine<br \/>\nFamilie, deine Schule und viele Fremde haben f\u00fcr dich gebetet und alles<br \/>\ngetan, um dich wieder nach Hause zu bringen&#8220;, zitierte Castro auf Social Media einen Brief an den Jungen, den er ihm w\u00e4hrend des R\u00fcckflugs nach Minnesota schrieb. &#8222;Lass dir von niemandem einreden, dass dies<br \/>\nnicht deine Heimat ist. <a href=\"https:\/\/www.zeit.de\/thema\/usa\" class=\"\" target=\"_blank\" rel=\"nofollow noopener\">Amerika<\/a> wurde dank Einwanderern zur m\u00e4chtigsten<br \/>\nund wohlhabendsten Nation der Welt, nicht trotz ihnen.&#8220; Der Junge habe die Welt bewegt, hie\u00df es in dem Schreiben zudem.\n<\/p>\n<p>Mehr zum Thema<\/p>\n<p>            ICE        <\/p>\n<p>                <a href=\"https:\/\/www.zeit.de\/politik\/ausland\/2026-01\/ice-einsatz-usa-minneapolis-minnesota\" data-ct-label=\"ICE-Eins\u00e4tze: Wie Trump ICE zur Waffe macht\" rel=\"nofollow noopener\" target=\"_blank\"><\/p>\n<p>        Z+ (abopflichtiger Inhalt);<\/p>\n<p>    ICE-Eins\u00e4tze:<br \/>\n                        Wie Trump ICE zur Waffe macht<\/p>\n<p>                <\/a><\/p>\n<p>                <a href=\"https:\/\/www.zeit.de\/kultur\/2026-01\/tod-renee-good-ice-agent-minneapolis-us-regierung\" data-ct-label=\"Renee Good: Ein George-Floyd-Moment? \" rel=\"nofollow noopener\" target=\"_blank\"><\/p>\n<p>        Z+ (abopflichtiger Inhalt);<\/p>\n<p>    Renee Good:<br \/>\n                        Ein George-Floyd-Moment? <\/p>\n<p>                <\/a><\/p>\n<p>                <a href=\"https:\/\/www.zeit.de\/kultur\/2026-01\/us-einwanderungsbehoerde-ice-donald-trump-gestapo-nationalsozialismus\" data-ct-label=\"US-Einwanderungsbeh\u00f6rde ICE: Gestapo, allen Ernstes?\" rel=\"nofollow noopener\" target=\"_blank\"><\/p>\n<p>        Z+ (abopflichtiger Inhalt);<\/p>\n<p>    US-Einwanderungsbeh\u00f6rde ICE:<br \/>\n                        Gestapo, allen Ernstes?<\/p>\n<p>                <\/a><\/p>\n","protected":false},"excerpt":{"rendered":"Der bei einem Einsatz der US-Einwanderungsbeh\u00f6rde\u00a0ICE in Gewahrsam genommene und nach Texas gebrachte F\u00fcnfj\u00e4hrige und sein Vater sind&hellip;\n","protected":false},"author":2,"featured_media":765106,"comment_status":"","ping_status":"","sticky":false,"template":"","format":"standard","meta":{"footnotes":"","_share_on_mastodon":"0"},"categories":[5],"tags":[19553,61214,13,2229,63043,14,15,16,12,10,8,9,11,174039],"class_list":["post-765105","post","type-post","status-publish","format-standard","has-post-thumbnail","category-nachrichten","tag-anordnung","tag-castro","tag-headlines","tag-ice","tag-minnesota","tag-nachrichten","tag-news","tag-politik","tag-schlagzeilen","tag-top-news","tag-top-meldungen","tag-topmeldungen","tag-topnews","tag-us-einwanderungsbehoerde-ice"],"share_on_mastodon":{"url":"https:\/\/pubeurope.com\/@de\/115998790981718100","error":""},"_links":{"self":[{"href":"https:\/\/www.europesays.com\/de\/wp-json\/wp\/v2\/posts\/765105","targetHints":{"allow":["GET"]}}],"collection":[{"href":"https:\/\/www.europesays.com\/de\/wp-json\/wp\/v2\/posts"}],"about":[{"href":"https:\/\/www.europesays.com\/de\/wp-json\/wp\/v2\/types\/post"}],"author":[{"embeddable":true,"href":"https:\/\/www.europesays.com\/de\/wp-json\/wp\/v2\/users\/2"}],"replies":[{"embeddable":true,"href":"https:\/\/www.europesays.com\/de\/wp-json\/wp\/v2\/comments?post=765105"}],"version-history":[{"count":0,"href":"https:\/\/www.europesays.com\/de\/wp-json\/wp\/v2\/posts\/765105\/revisions"}],"wp:featuredmedia":[{"embeddable":true,"href":"https:\/\/www.europesays.com\/de\/wp-json\/wp\/v2\/media\/765106"}],"wp:attachment":[{"href":"https:\/\/www.europesays.com\/de\/wp-json\/wp\/v2\/media?parent=765105"}],"wp:term":[{"taxonomy":"category","embeddable":true,"href":"https:\/\/www.europesays.com\/de\/wp-json\/wp\/v2\/categories?post=765105"},{"taxonomy":"post_tag","embeddable":true,"href":"https:\/\/www.europesays.com\/de\/wp-json\/wp\/v2\/tags?post=765105"}],"curies":[{"name":"wp","href":"https:\/\/api.w.org\/{rel}","templated":true}]}}