{"id":765674,"date":"2026-02-02T08:27:12","date_gmt":"2026-02-02T08:27:12","guid":{"rendered":"https:\/\/www.europesays.com\/de\/765674\/"},"modified":"2026-02-02T08:27:12","modified_gmt":"2026-02-02T08:27:12","slug":"preisverleihung-an-junge-studierende-euregio-aktuell","status":"publish","type":"post","link":"https:\/\/www.europesays.com\/de\/765674\/","title":{"rendered":"Preisverleihung an junge Studierende &#8211; Euregio Aktuell"},"content":{"rendered":"<p>Mit Spannung erwartet wurde vor allem von den Teilnehmerinnen und Teilnehmern \u00a0die Preisverleihung des S-Immo Architekturwettbewerbs 2026 der Sparkassen-Immobiliengesellschaft Aachen (S-Immo) in Kooperation mit der Fachhochschule Aachen. Diese fand nun k\u00fcrzlich statt und w\u00fcrdigte herausragende studentische Entw\u00fcrfe zur Umgestaltung des ehemaligen Unterkunftsgeb\u00e4udes am Ochsenweidchen in Eschweiler. Der Wettbewerb, der 2026 bereits zum 14. Mal stattfand, hat sich in der Region als wichtiger Impulsgeber f\u00fcr Stadtentwicklung und Nachwuchsf\u00f6rderung etabliert.<\/p>\n<p>Ziel der Initiative ist es, kreative, nachhaltige und zugleich praktisch umsetzbare Ideen f\u00fcr das st\u00e4dtebauliche Gesamtprojekt zu sammeln. Studierende des Fachbereichs Architektur der FH Aachen entwickelten in den letzten Monaten zukunftsweisende Vorschl\u00e4ge, die nicht nur das ehemalige Unterkunftsgeb\u00e4ude neu beleben, sondern auch das Umfeld zu einem lebendigen, urbanen Quartier gestalten sollen. Diese Entw\u00fcrfe sollen in der weiteren st\u00e4dtebaulichen Planung als wichtige Grundlage dienen.<\/p>\n<p>Die Jury setzte sich aus Vertreter*innen der S-Immo (unter anderem Gesch\u00e4ftsf\u00fchrer Dietmar R\u00f6hrig und Elke Ostenda), der FH Aachen (darunter der ehemalige Prof. Horst Fischer und Prof. Ulrich Eckey) sowie st\u00e4dtischen Partnern zusammen \u2013 ein starkes Gremium, das sowohl fachliche Exzellenz als auch regionalpolitische Perspektiven verbindet.<\/p>\n<p><img fetchpriority=\"high\" decoding=\"async\" width=\"1024\" height=\"683\" src=\"https:\/\/www.europesays.com\/de\/wp-content\/uploads\/2026\/02\/IMG_8008-1024x683.jpg\" alt=\"\" class=\"wp-image-7645\"  \/><\/p>\n<p><strong>Mara Brandt freute sich \u00fcber den 1. Platz beim Architekturwettbewerb.<\/strong><\/p>\n<p>Die Gewinner*innen des Jahres 2026 sind:<\/p>\n<p>1. Platz \u2013 Mara Brandt \u2013 1.000 Euro<\/p>\n<p>2. Platz \u2013 Mats Harveneth \u2013 700 Euro<\/p>\n<p>3. Platz \u2013 Hanna Bossier \u2013 500 Euro<\/p>\n<p>4. Platz \u2013 Justyna Kwasniak \u2013 350 Euro<\/p>\n<p>Ankauf \u2013 Jonas Augsten \u2013 250 Euro<\/p>\n<p>Ankauf \u2013 Halda Nuzlia \u2013 250 Euro<\/p>\n<p>Die Dotierungen spiegeln nicht nur die gestalterische Qualit\u00e4t, sondern auch die Innovationskraft und das Potenzial der eingereichten Konzepte wider. Die Anerkennungen \u201eAnkauf\u201c gelten dabei als besondere W\u00fcrdigung f\u00fcr Arbeiten, die von der Jury als zukunftstr\u00e4chtig eingestuft wurden und zus\u00e4tzlich erworben werden.<\/p>\n<p>Der Wettbewerb ist Teil einer langj\u00e4hrigen Tradition: Bereits in den Vorjahren zeigten Studierende bei \u00e4hnlichen Projekten \u2013 etwa zur Umnutzung historischer Schulgeb\u00e4ude oder regionaltypischem Bauen \u2013 beeindruckende Ergebnisse. Die S-Immo und die FH Aachen setzen damit ein klares Zeichen f\u00fcr praxisnahe Ausbildung und die Verbindung von akademischer Kreativit\u00e4t mit realer Regionalentwicklung.<\/p>\n<p>Die Sparkassen-Immobiliengesellschaft Aachen selbst ist seit \u00fcber drei Jahrzehnten als regionaler Immobilienprofi in der St\u00e4dteRegion aktiv. Mit einem Team von Architekten, Stadtplanern und Immobilienexpert*innen begleitet sie Wohn- und Bauprojekte von der Idee bis zur Umsetzung und vermittelt j\u00e4hrlich hunderte Objekte zwischen Aachen, Eschweiler, Herzogenrath und weiteren Kommunen.<\/p>\n<p>Das Projekt am Ochsenweidchen \u2013 eingebettet in ein zentral gelegenes Areal zwischen Talstra\u00dfe und Grachtstra\u00dfe \u2013 gilt als wichtige Entwicklungsfl\u00e4che f\u00fcr Eschweiler. Die Ergebnisse des Wettbewerbs werden nun den st\u00e4dtischen Gremien sowie potenziellen Investoren pr\u00e4sentiert, um den n\u00e4chsten Schritt zur Revitalisierung dieses Abschnitts einzuleiten.<\/p>\n<p>Mit dem S-Immo Architekturwettbewerb zeigt die Region einmal mehr, wie kreative Nachwuchsf\u00f6rderung und konkrete Stadtplanungshilfe Hand in Hand gehen k\u00f6nnen \u2013 ein Vorbild f\u00fcr nachhaltige und partizipative Stadtentwicklung in der Region Aachen.<\/p>\n","protected":false},"excerpt":{"rendered":"Mit Spannung erwartet wurde vor allem von den Teilnehmerinnen und Teilnehmern \u00a0die Preisverleihung des S-Immo Architekturwettbewerbs 2026 der&hellip;\n","protected":false},"author":2,"featured_media":765675,"comment_status":"","ping_status":"","sticky":false,"template":"","format":"standard","meta":{"footnotes":"","_share_on_mastodon":"0"},"categories":[1853],"tags":[1424,9619,3364,29,9059,548,663,3934,105211,30,13,14,15,1209,174132,12,30436],"class_list":["post-765674","post","type-post","status-publish","format-standard","has-post-thumbnail","category-aachen","tag-aachen","tag-architekturwettbewerb","tag-de","tag-deutschland","tag-eschweiler","tag-eu","tag-europa","tag-europe","tag-fh-aachen","tag-germany","tag-headlines","tag-nachrichten","tag-news","tag-nordrhein-westfalen","tag-s-immo","tag-schlagzeilen","tag-wuerselen"],"share_on_mastodon":{"url":"https:\/\/pubeurope.com\/@de\/116000092676012873","error":""},"_links":{"self":[{"href":"https:\/\/www.europesays.com\/de\/wp-json\/wp\/v2\/posts\/765674","targetHints":{"allow":["GET"]}}],"collection":[{"href":"https:\/\/www.europesays.com\/de\/wp-json\/wp\/v2\/posts"}],"about":[{"href":"https:\/\/www.europesays.com\/de\/wp-json\/wp\/v2\/types\/post"}],"author":[{"embeddable":true,"href":"https:\/\/www.europesays.com\/de\/wp-json\/wp\/v2\/users\/2"}],"replies":[{"embeddable":true,"href":"https:\/\/www.europesays.com\/de\/wp-json\/wp\/v2\/comments?post=765674"}],"version-history":[{"count":0,"href":"https:\/\/www.europesays.com\/de\/wp-json\/wp\/v2\/posts\/765674\/revisions"}],"wp:featuredmedia":[{"embeddable":true,"href":"https:\/\/www.europesays.com\/de\/wp-json\/wp\/v2\/media\/765675"}],"wp:attachment":[{"href":"https:\/\/www.europesays.com\/de\/wp-json\/wp\/v2\/media?parent=765674"}],"wp:term":[{"taxonomy":"category","embeddable":true,"href":"https:\/\/www.europesays.com\/de\/wp-json\/wp\/v2\/categories?post=765674"},{"taxonomy":"post_tag","embeddable":true,"href":"https:\/\/www.europesays.com\/de\/wp-json\/wp\/v2\/tags?post=765674"}],"curies":[{"name":"wp","href":"https:\/\/api.w.org\/{rel}","templated":true}]}}