{"id":765720,"date":"2026-02-02T08:52:19","date_gmt":"2026-02-02T08:52:19","guid":{"rendered":"https:\/\/www.europesays.com\/de\/765720\/"},"modified":"2026-02-02T08:52:19","modified_gmt":"2026-02-02T08:52:19","slug":"europa-heute-die-spannungen-im-iran-steigen","status":"publish","type":"post","link":"https:\/\/www.europesays.com\/de\/765720\/","title":{"rendered":"Europa heute: Die Spannungen im Iran steigen"},"content":{"rendered":"<p>Schalten Sie ein zu Euronews\u2018 neuem Flaggschiff-Morgenprogramm Europe Today, um 8 Uhr Br\u00fcsseler Zeit. In nur 20 Minuten bringen wir Sie auf den neuesten Stand der gr\u00f6\u00dften Nachrichten des Tages.<\/p>\n<p>Iran hat die Armeen europ\u00e4ischer L\u00e4nder als \u201eTerrorgruppen\u201c bezeichnet, nachdem die EU am vergangenen Donnerstag beschlossen hatte, den Islamischen Revolutionsgarden (IRGC) als Terrororganisation einzustufen. W\u00e4hrend einer Sitzung in Teheran trugen Abgeordnete IRGC-Uniformen und riefen Parolen wie \u201eTod Amerika\u201c und \u201eSchande \u00fcber euch, Europa.\u201c<\/p>\n<p>Unterdessen mehren sich in Iran die Forderungen nach einer Untersuchung der Zahl der bei den j\u00fcngsten Protesten Get\u00f6teten, die mit einer gewaltsamen Niederschlagung beantwortet wurden.<\/p>\n<p>Wir begr\u00fc\u00dfen Ignacy Niemczycki, Staatssekret\u00e4r im Au\u00dfenministerium Polens, zust\u00e4ndig f\u00fcr EU-Angelegenheiten. Ignacy Niemczycki betreut die polnischen Interessen in der EU und ist heute in Paris zu Gespr\u00e4chen mit der OECD.<\/p>\n<p>Es ist Zeit, unsere Aufmerksamkeit nach Italien zu richten, mit unserer Korrespondentin Giorgia Orlandi, wo Tausende sich versammelt haben, um gegen die geplante Pr\u00e4senz von Agenten der US-Immigration and Customs Enforcement (ICE) bei den kommenden Winterspielen zu protestieren, die am Freitag beginnen.<\/p>\n<p>Das Internationale Olympische Komitee hat auch zugegeben, dass der Aufbau der Ereignisse von der Entsendung von ICE-Agenten nach Mailand-Cortina und dem Auftauchen des LA-2028-Vorsitzenden Casey Wasserman in den Epstein-Akten dominiert worden sei\u2026 Das US-Justizministerium ver\u00f6ffentlichte an diesem Wochenende Millionen von Akten im Zusammenhang mit dem verstorbenen Sexualstraft\u00e4ter Jeffrey Epstein \u2013 und auch einige europ\u00e4ische Namen sind aufgetaucht.<\/p>\n<p>Wann und wo Europe Today zu sehen ist?<\/p>\n<p>Sie k\u00f6nnen jeden Werktag live im Fernsehen sowie auf Euronews\u2018 Website und auf den digitalen Plattformen von Euronews mit der Hauptmoderatorin M\u00e9abh Mc Mahon und unserer EU-Redakteurin Maria Tadeo mitverfolgen.<\/p>\n<p>Unser neues Format f\u00fchrt die wichtigsten Ereignisse des Tages sowie eine wesentliche Analyse aller Geschichten, die die EU und dar\u00fcber hinaus pr\u00e4gen. Es ist auch als Newsletter und Podcast erh\u00e4ltlich.<\/p>\n","protected":false},"excerpt":{"rendered":"Schalten Sie ein zu Euronews\u2018 neuem Flaggschiff-Morgenprogramm Europe Today, um 8 Uhr Br\u00fcsseler Zeit. In nur 20 Minuten&hellip;\n","protected":false},"author":2,"featured_media":765721,"comment_status":"","ping_status":"","sticky":false,"template":"","format":"standard","meta":{"footnotes":"","_share_on_mastodon":"0"},"categories":[3933],"tags":[331,332,12391,548,663,158,3934,3935,13,6461,345,14,15,12,111250,110118],"class_list":["post-765720","post","type-post","status-publish","format-standard","has-post-thumbnail","category-eu","tag-aktuelle-nachrichten","tag-aktuelle-news","tag-die","tag-eu","tag-europa","tag-europaeische-union","tag-europe","tag-european-union","tag-headlines","tag-heute","tag-iran","tag-nachrichten","tag-news","tag-schlagzeilen","tag-spannungen","tag-steigen"],"share_on_mastodon":{"url":"https:\/\/pubeurope.com\/@de\/116000191066179804","error":""},"_links":{"self":[{"href":"https:\/\/www.europesays.com\/de\/wp-json\/wp\/v2\/posts\/765720","targetHints":{"allow":["GET"]}}],"collection":[{"href":"https:\/\/www.europesays.com\/de\/wp-json\/wp\/v2\/posts"}],"about":[{"href":"https:\/\/www.europesays.com\/de\/wp-json\/wp\/v2\/types\/post"}],"author":[{"embeddable":true,"href":"https:\/\/www.europesays.com\/de\/wp-json\/wp\/v2\/users\/2"}],"replies":[{"embeddable":true,"href":"https:\/\/www.europesays.com\/de\/wp-json\/wp\/v2\/comments?post=765720"}],"version-history":[{"count":0,"href":"https:\/\/www.europesays.com\/de\/wp-json\/wp\/v2\/posts\/765720\/revisions"}],"wp:featuredmedia":[{"embeddable":true,"href":"https:\/\/www.europesays.com\/de\/wp-json\/wp\/v2\/media\/765721"}],"wp:attachment":[{"href":"https:\/\/www.europesays.com\/de\/wp-json\/wp\/v2\/media?parent=765720"}],"wp:term":[{"taxonomy":"category","embeddable":true,"href":"https:\/\/www.europesays.com\/de\/wp-json\/wp\/v2\/categories?post=765720"},{"taxonomy":"post_tag","embeddable":true,"href":"https:\/\/www.europesays.com\/de\/wp-json\/wp\/v2\/tags?post=765720"}],"curies":[{"name":"wp","href":"https:\/\/api.w.org\/{rel}","templated":true}]}}