{"id":765756,"date":"2026-02-02T09:14:14","date_gmt":"2026-02-02T09:14:14","guid":{"rendered":"https:\/\/www.europesays.com\/de\/765756\/"},"modified":"2026-02-02T09:14:14","modified_gmt":"2026-02-02T09:14:14","slug":"rb-leipzig-er-bekommt-die-10-dfb-juwel-brajan-gruda-zurueck-in-die-bundesliga-sport","status":"publish","type":"post","link":"https:\/\/www.europesays.com\/de\/765756\/","title":{"rendered":"RB Leipzig: Er bekommt die 10! DFB-Juwel Brajan Gruda zur\u00fcck in die Bundesliga | Sport"},"content":{"rendered":"<p><a class=\"skip-content skip-content--link\" href=\"#in-content-skip-link-target-v-0-0\">TTS-Player \u00fcberspringen\u21b5<\/a><a id=\"in-content-skip-link-target-v-0-0\" class=\"skip-content--target-link-hidden skip-content skip-content--target-link\" href=\"#in-content-skip-link-target-v-0-0\">Artikel weiterlesen<\/a><\/p>\n<p><b>RB Leipzig r\u00fcstet im Transferwinter weiter auf \u2013 und \u00fcberrascht: Am Deadline-Day holen die Sachsen mit Brajan Gruda (21) ein DFB-Juwel zur\u00fcck in die Bundesliga. Der U21-Nationalspieler (19 Eins\u00e4tze) ist der vierte Neue und wird bis Saisonende von England-Klub Brighton &amp; Hove Albion ausgeliehen.<\/b><\/p>\n<p>Sportgesch\u00e4ftsf\u00fchrer Marcel Sch\u00e4fer (41): \u201eAls sich die M\u00f6glichkeit ergeben hat, Brajan jetzt zu leihen, waren wir sofort Feuer und Flamme. Wir haben ihn schon seit mehreren Jahren auf dem Schirm und h\u00e4tten ihn 2024 gern nach Leipzig geholt. Umso gl\u00fccklicher sind wir jetzt, auch wenn es sich zun\u00e4chst um eine Leihe handelt.\u201c <\/p>\n<p>Mehr zum Thema<\/p>\n<p>Der Ex-Mainzer war im Sommer 2024 f\u00fcr 31,5 Mio. Euro auf die Insel gewechselt. In 45 Spielen sorgte er f\u00fcr vier Tore und acht Vorlagen. Dauerhaft durchsetzen konnte sich Gruda allerdings nicht. Findet er jetzt sein Gl\u00fcck in Leipzig?<\/p>\n<p>Anzeige<\/p>\n<p>Auch interessant<\/p>\n<p>Anzeige<\/p>\n<p>Auch interessant<\/p>\n<p>\u201eIn der Vergangenheit gab es zwischen RB Leipzig und mir immer wieder Kontakt. Dieser Umstand gibt mir ein gutes Gef\u00fchl und zeigt, dass der Club sowie die Verantwortlichen von mir \u00fcberzeugt sind und mich wirklich in der Mannschaft haben wollen\u201c, sagt Gruda.<\/p>\n<p>Und schiebt nach: \u201eIch f\u00fchle mich topfit, kenne bereits viele meiner neuen Mitspieler aus der Nationalmannschaft sowie der Bundesliga und m\u00f6chte helfen, RB Leipzig wieder zur\u00fcck nach Europa zu bringen.\u201c<\/p>\n<p>Bei den Sachsen bekommt der Offensivmann, der sowohl auf der Zehn als auch auf der Acht spielen kann die R\u00fcckennummer zehn. Eine besondere Nummer, die bis vergangenen Sommer Xavi Simons (22\/Tottenham) trug.<\/p>\n","protected":false},"excerpt":{"rendered":"TTS-Player \u00fcberspringen\u21b5Artikel weiterlesen RB Leipzig r\u00fcstet im Transferwinter weiter auf \u2013 und \u00fcberrascht: Am Deadline-Day holen die Sachsen&hellip;\n","protected":false},"author":2,"featured_media":765757,"comment_status":"","ping_status":"","sticky":false,"template":"","format":"standard","meta":{"footnotes":"","_share_on_mastodon":"0"},"categories":[1832],"tags":[3364,29,538,30,61496,71,25014,1655,859,803,3460,4581,45],"class_list":["post-765756","post","type-post","status-publish","format-standard","has-post-thumbnail","category-leipzig","tag-de","tag-deutschland","tag-erste-bundesliga","tag-germany","tag-gruda-brajan","tag-leipzig","tag-mainz-05","tag-rb-leipzig","tag-sachsen","tag-spielertransfer","tag-sport-leuchtturm-leipzig","tag-sport-tag-im-ticker","tag-texttospeech"],"share_on_mastodon":{"url":"https:\/\/pubeurope.com\/@de\/116000277393937799","error":""},"_links":{"self":[{"href":"https:\/\/www.europesays.com\/de\/wp-json\/wp\/v2\/posts\/765756","targetHints":{"allow":["GET"]}}],"collection":[{"href":"https:\/\/www.europesays.com\/de\/wp-json\/wp\/v2\/posts"}],"about":[{"href":"https:\/\/www.europesays.com\/de\/wp-json\/wp\/v2\/types\/post"}],"author":[{"embeddable":true,"href":"https:\/\/www.europesays.com\/de\/wp-json\/wp\/v2\/users\/2"}],"replies":[{"embeddable":true,"href":"https:\/\/www.europesays.com\/de\/wp-json\/wp\/v2\/comments?post=765756"}],"version-history":[{"count":0,"href":"https:\/\/www.europesays.com\/de\/wp-json\/wp\/v2\/posts\/765756\/revisions"}],"wp:featuredmedia":[{"embeddable":true,"href":"https:\/\/www.europesays.com\/de\/wp-json\/wp\/v2\/media\/765757"}],"wp:attachment":[{"href":"https:\/\/www.europesays.com\/de\/wp-json\/wp\/v2\/media?parent=765756"}],"wp:term":[{"taxonomy":"category","embeddable":true,"href":"https:\/\/www.europesays.com\/de\/wp-json\/wp\/v2\/categories?post=765756"},{"taxonomy":"post_tag","embeddable":true,"href":"https:\/\/www.europesays.com\/de\/wp-json\/wp\/v2\/tags?post=765756"}],"curies":[{"name":"wp","href":"https:\/\/api.w.org\/{rel}","templated":true}]}}