{"id":765835,"date":"2026-02-02T09:59:12","date_gmt":"2026-02-02T09:59:12","guid":{"rendered":"https:\/\/www.europesays.com\/de\/765835\/"},"modified":"2026-02-02T09:59:12","modified_gmt":"2026-02-02T09:59:12","slug":"awo-kita-bedankt-sich-beim-millionaer","status":"publish","type":"post","link":"https:\/\/www.europesays.com\/de\/765835\/","title":{"rendered":"AWO-Kita bedankt sich beim Million\u00e4r"},"content":{"rendered":"<p class=\"small date article__date\">Ver\u00f6ffentlicht:\u00a0Montag, 02.02.2026 10:30<\/p>\n<p>Die Kindertagesst\u00e4tte der Arbeiterwohlfahrt (AWO) im S\u00fcdviertel hat sich bei M\u00fcnsters bekanntem Millionenspender Horst Eschler bedankt. Eschler hatte der Kita 25.000 Euro geschenkt.<\/p>\n<p><img decoding=\"async\" alt=\"\" src=\"https:\/\/www.europesays.com\/de\/wp-content\/uploads\/2026\/02\/horst-eschler-awo-kita_2.jpeg&#038;crop=0x221x4589x2868&#038;resize=1279x799&#038;dt=202602011555210.jpeg\" data-size=\"1279x799\"\/><\/p>\n<p>Ein Gro\u00dfteil der Spendensumme floss in den Bau einer neuen Rutsche f\u00fcr die Kinder, die jetzt offiziell mit einem Fest eingeweiht wurde. Horst Eschler und seine Begleitung Aysun Karimanova waren dazu eingeladen und durften gemeinsam mit den Kindern und Kita-Leiterin Katja B\u00f6ckenholt das Band vor der Rutsche durchschneiden. <\/p>\n<p><a href=\"https:\/\/www.antennemuenster.de\/externalimages\/?source=jpg837\/horst-eschler_awo-kita.jpeg&amp;dt=202602011557520&amp;resize=960x1280\" data-caption=\"Gemeinsam mit den Kita-Leiterin Katja B\u00f6ckenholt und den Kindern durfte Millionen-Mann Horst Eschler das Band durchschneiden\" itemprop=\"contentUrl\" data-size=\"960x1280\" rel=\"nofollow noopener\" target=\"_blank\"><img decoding=\"async\" alt=\"\" src=\"https:\/\/www.europesays.com\/de\/wp-content\/uploads\/2026\/02\/horst-eschler_awo-kita.jpeg&#038;crop=0x580x4284x2677&#038;resize=1280x799&#038;dt=202602011557520.jpeg\" data-size=\"1280x799\"\/><\/a>Gemeinsam mit den Kita-Leiterin Katja B\u00f6ckenholt und den Kindern durfte Millionen-Mann Horst Eschler das Band durchschneiden\u00a9 ANTENNE M\u00dcNSTER<\/p>\n<p>Gemeinsam mit den Kita-Leiterin Katja B\u00f6ckenholt und den Kindern durfte Millionen-Mann Horst Eschler das Band durchschneiden<\/p>\n<p>\u00a9 ANTENNE M\u00dcNSTER<\/p>\n<p>Neben der Spende f\u00fcr die gro\u00dfe Rutsche gab es von Horst Eschler noch rund 5.000 Euro, mit denen sich Eltern und Kinder Zoo-Tickets kaufen konnten. <\/p>\n<blockquote><p>Wir waren fr\u00fcher sieben Geschwister und unsere Eltern hatten es nicht einfach, allen gerecht zu werden. Ich wei\u00df daher, wie schwierig es f\u00fcr manche Eltern ist, ihren Kindern Geld f\u00fcr Ausfl\u00fcge mitzugeben, <\/p><\/blockquote>\n<p>hatte Eschler damals gesagt. Inzwischen war die gesamte Kita mit mehr als 90 Kindern zweimal im Zoo. &#8222;Und alle konnten sich sogar noch einen Snack und ein Getr\u00e4nk bestellen&#8220;, freut sich Kita-Leiterin Katja B\u00f6ckenholt.<\/p>\n<p>Horst Eschler hat bislang \u00f6ffentlich insgesamt mehr als sieben Millionen Euro f\u00fcr gute Zwecke gespendet. Die h\u00f6chste Einzelspende ging mit 1,2 Millionen Euro an die &#8222;Aktion Lichtblicke&#8220; von ANTENNE M\u00dcNSTER und den NRW-Lokalradios. <\/p>\n","protected":false},"excerpt":{"rendered":"Ver\u00f6ffentlicht:\u00a0Montag, 02.02.2026 10:30 Die Kindertagesst\u00e4tte der Arbeiterwohlfahrt (AWO) im S\u00fcdviertel hat sich bei M\u00fcnsters bekanntem Millionenspender Horst Eschler&hellip;\n","protected":false},"author":2,"featured_media":765836,"comment_status":"","ping_status":"","sticky":false,"template":"","format":"standard","meta":{"footnotes":"","_share_on_mastodon":"0"},"categories":[1843],"tags":[5677,174170,174171,3364,29,30,8970,1209],"class_list":["post-765835","post","type-post","status-publish","format-standard","has-post-thumbnail","category-muenster","tag-munster","tag-awo-kita","tag-horst-eschler","tag-de","tag-deutschland","tag-germany","tag-muenster","tag-nordrhein-westfalen"],"share_on_mastodon":{"url":"https:\/\/pubeurope.com\/@de\/116000454560287310","error":""},"_links":{"self":[{"href":"https:\/\/www.europesays.com\/de\/wp-json\/wp\/v2\/posts\/765835","targetHints":{"allow":["GET"]}}],"collection":[{"href":"https:\/\/www.europesays.com\/de\/wp-json\/wp\/v2\/posts"}],"about":[{"href":"https:\/\/www.europesays.com\/de\/wp-json\/wp\/v2\/types\/post"}],"author":[{"embeddable":true,"href":"https:\/\/www.europesays.com\/de\/wp-json\/wp\/v2\/users\/2"}],"replies":[{"embeddable":true,"href":"https:\/\/www.europesays.com\/de\/wp-json\/wp\/v2\/comments?post=765835"}],"version-history":[{"count":0,"href":"https:\/\/www.europesays.com\/de\/wp-json\/wp\/v2\/posts\/765835\/revisions"}],"wp:featuredmedia":[{"embeddable":true,"href":"https:\/\/www.europesays.com\/de\/wp-json\/wp\/v2\/media\/765836"}],"wp:attachment":[{"href":"https:\/\/www.europesays.com\/de\/wp-json\/wp\/v2\/media?parent=765835"}],"wp:term":[{"taxonomy":"category","embeddable":true,"href":"https:\/\/www.europesays.com\/de\/wp-json\/wp\/v2\/categories?post=765835"},{"taxonomy":"post_tag","embeddable":true,"href":"https:\/\/www.europesays.com\/de\/wp-json\/wp\/v2\/tags?post=765835"}],"curies":[{"name":"wp","href":"https:\/\/api.w.org\/{rel}","templated":true}]}}