{"id":766092,"date":"2026-02-02T12:23:11","date_gmt":"2026-02-02T12:23:11","guid":{"rendered":"https:\/\/www.europesays.com\/de\/766092\/"},"modified":"2026-02-02T12:23:11","modified_gmt":"2026-02-02T12:23:11","slug":"sell-america-die-neuen-dimensionen-der-globalen-dollar-daemmerung-welt","status":"publish","type":"post","link":"https:\/\/www.europesays.com\/de\/766092\/","title":{"rendered":"\u201eSell America\u201c: Die neuen Dimensionen der globalen Dollar-D\u00e4mmerung &#8211; WELT"},"content":{"rendered":"<ol>\n<li><a href=\"https:\/\/news.google.com\/rss\/articles\/CBMixwFBVV95cUxPMjRnU2hza215QUY3bnVNZUVMVU9wM1IwUTF3ZlgtQXhucGJLSjVqYlZFOFFNNWRRWmpPR2FDdHh1NkRvcWRqYjdzZ3lWY05oclFUOHk4bG9tcVE1SmNXbFgyWktySndiWG9YY2RHZ1ZDb0h2ZjJEcjdDcUZmOXBObFgtTjlXOTRXdjNDZ2J5UE5WWGZEQ2pLYi1iOVpGNEhuTUJLZURkUUVoY183UVlSN0NaOF9pV3JObVQtX1ZHRjFJMXhQMGVV?oc=5\" target=\"_blank\" rel=\"nofollow noopener\">\u201eSell America\u201c: Die neuen Dimensionen der globalen Dollar-D\u00e4mmerung<\/a>&nbsp;&nbsp;WELT<\/li>\n<li><a href=\"https:\/\/news.google.com\/rss\/articles\/CBMihwJBVV95cUxOcVVkanpEeDZXVmVZTnoyYmNXTjYwZWxqb3I3bFhHakZ4WVJHRC16SVhKa0R6X0w5NmVuVThPQkNXUC1MYjJUSVhMdjJrUGNnRlg2S1ZEQ0FIdF9lVjdpMXVfUUxwUkZhbW12ZW00ZVl3bGRTVUt0SjRaWF9xZ3dJallrT05mLVpNU2tZRFRXczhPaWQ3a0pnQnZTQVcxVGFPZGJnWlFkU2t3VUFlY2E5RnFqTHNsUHlMOFI2QjM1WHBSRFFtWm53ZjdOM1lOV2pEUHl4NUZ5Wlg0MVF1MFRpdGgwLTBOcEQ3cVd1VnNfSVNUTlpyWXpOM1RIX0I1RTVsYWI3OWZyWQ?oc=5\" target=\"_blank\" rel=\"nofollow noopener\">(m+) Meinung: Donald Trumps Dollar-Schw\u00e4che: Rapider Wertverlust k\u00f6nnte dramatische Folgen haben<\/a>&nbsp;&nbsp;Manager Magazin<\/li>\n<li><a href=\"https:\/\/news.google.com\/rss\/articles\/CBMi2gFBVV95cUxPUXJGSHotZURZa2RzX19MRk4wc05Ta2doRnJEQTdtTFJSd3E4RGkySGU2ZE9obW1NNVJySk9tS1pZcC0zUWczTm01M2wyci1hY0g1VVo3OEpEcEIxMVJFQzdtLUVJbWhkN3Z4T3diQkRDeFNvSW5veXJEUHlua2x4V3FvS0Ywci10T29WLTNMVjVFS0F1aUoyVXBzSmdBNnFNZHJaT0JWOGU3QzRnVmdHVGxPZkV5UGhUaEZpMzAwOExQWU5FT3ZLM3FiRGRVZ05uXy12ZnNNR2xPQQ?oc=5\" target=\"_blank\" rel=\"nofollow noopener\">\u201eDie Alternative zum globalen Dollar ist zun\u00e4chst einmal das Chaos\u201c<\/a>&nbsp;&nbsp;Handelsblatt<\/li>\n<li><a href=\"https:\/\/news.google.com\/rss\/articles\/CBMiqgFBVV95cUxQV1lvUGNHNWlkVTJtNjV6Qk1TODBoMFpWWmZVZTZKZDZYUnBuUDhLeDBhLTZaX3RnaldCSnRWTl9SOEQ5cGx6b1BabkhuWVpZbzNRTVM5eE53X3U2X1Bta2hVUDd5ZEpoZVY1clVKcEdvTFJ3Vm1VQlplVUxONktMUlRaQW54ZnVuT1A0ZElkRThZWFI3ZzNrYjR5ZnRZWkxzRUlkSnhWbHVKQQ?oc=5\" target=\"_blank\" rel=\"nofollow noopener\">Dollar-Absturz: Wie Trump die Weltreservew\u00e4hrung unter Druck setzt<\/a>&nbsp;&nbsp;tagesschau.de<\/li>\n<li><a href=\"https:\/\/news.google.com\/rss\/articles\/CBMi9gFBVV95cUxOSHpLLTVtMEdWclo0dloyX2d6TzNoNk1xN0F2b2lQTHJGREpXdW5lRzZaVlhqRmFFSXhqVGxYazZSZFlCdXRyYk5qMVZXOERuOG4zOGdac25xS2NXV1NJNzJTSGZkRzUtbWhkeURBSGNzV3VhWkJvQVJCZjBmQktnOWZkSkVTZlRtUFVLSkpfWjBDdEQ0UFVpWGxUWGIweFNYblFNbjc2VUVodXJvWDVHMTlhcS1TNXdpZkNYcFhvd050RE1jRTFRN3pjM05PbzRyM0pDYURtTk9lN2IzNTFSdHNULVBtMEQxTlFSUnltV01iQ2lsV0E?oc=5\" target=\"_blank\" rel=\"nofollow noopener\">Euro bei 1,20 Dollar: US-W\u00e4hrung sackt ab \u2013 deutsche Exportunternehmen alarmiert<\/a>&nbsp;&nbsp;Spiegel<\/li>\n<\/ol>\n","protected":false},"excerpt":{"rendered":"\u201eSell America\u201c: Die neuen Dimensionen der globalen Dollar-D\u00e4mmerung&nbsp;&nbsp;WELT (m+) Meinung: Donald Trumps Dollar-Schw\u00e4che: Rapider Wertverlust k\u00f6nnte dramatische Folgen&hellip;\n","protected":false},"author":2,"featured_media":766093,"comment_status":"","ping_status":"","sticky":false,"template":"","format":"standard","meta":{"footnotes":"","_share_on_mastodon":"0"},"categories":[134],"tags":[175,170,169,29,15830,114,30,59002,174207,171,174,151549,137125,113,173,172,64,174208],"class_list":["post-766092","post","type-post","status-publish","format-standard","has-post-thumbnail","category-unternehmen-maerkte","tag-business","tag-companies","tag-companies-markets","tag-deutschland","tag-dollar","tag-donald-geb-1946","tag-germany","tag-kc_finanzen","tag-leitwaehrungen-ks","tag-markets","tag-maerkte","tag-notenbank-ks","tag-stocker-frank","tag-trump","tag-unternehmen","tag-unternehmen-maerkte","tag-usa","tag-waehrungen-ks"],"share_on_mastodon":{"url":"https:\/\/pubeurope.com\/@de\/116001020629446891","error":""},"_links":{"self":[{"href":"https:\/\/www.europesays.com\/de\/wp-json\/wp\/v2\/posts\/766092","targetHints":{"allow":["GET"]}}],"collection":[{"href":"https:\/\/www.europesays.com\/de\/wp-json\/wp\/v2\/posts"}],"about":[{"href":"https:\/\/www.europesays.com\/de\/wp-json\/wp\/v2\/types\/post"}],"author":[{"embeddable":true,"href":"https:\/\/www.europesays.com\/de\/wp-json\/wp\/v2\/users\/2"}],"replies":[{"embeddable":true,"href":"https:\/\/www.europesays.com\/de\/wp-json\/wp\/v2\/comments?post=766092"}],"version-history":[{"count":0,"href":"https:\/\/www.europesays.com\/de\/wp-json\/wp\/v2\/posts\/766092\/revisions"}],"wp:featuredmedia":[{"embeddable":true,"href":"https:\/\/www.europesays.com\/de\/wp-json\/wp\/v2\/media\/766093"}],"wp:attachment":[{"href":"https:\/\/www.europesays.com\/de\/wp-json\/wp\/v2\/media?parent=766092"}],"wp:term":[{"taxonomy":"category","embeddable":true,"href":"https:\/\/www.europesays.com\/de\/wp-json\/wp\/v2\/categories?post=766092"},{"taxonomy":"post_tag","embeddable":true,"href":"https:\/\/www.europesays.com\/de\/wp-json\/wp\/v2\/tags?post=766092"}],"curies":[{"name":"wp","href":"https:\/\/api.w.org\/{rel}","templated":true}]}}