{"id":766337,"date":"2026-02-02T14:37:13","date_gmt":"2026-02-02T14:37:13","guid":{"rendered":"https:\/\/www.europesays.com\/de\/766337\/"},"modified":"2026-02-02T14:37:13","modified_gmt":"2026-02-02T14:37:13","slug":"apache-207-kuendigt-zusatzkonzert-in-duesseldorf-fuer-herbst-an","status":"publish","type":"post","link":"https:\/\/www.europesays.com\/de\/766337\/","title":{"rendered":"Apache 207 k\u00fcndigt Zusatzkonzert in D\u00fcsseldorf f\u00fcr Herbst an"},"content":{"rendered":"<p>Zusatzkonzerte angek\u00fcndigt <\/p>\n<p>Apache 207 tritt im Herbst im PSD Bank Dome auf<\/p>\n<p>02.02.2026 &#8211; 15:22 UhrLesedauer: 1 Min.<\/p>\n<p><a href=\"#focus-0\" class=\"transition-colors duration-200 block text-current relative\" data-sctrack=\"FocusGalleryImage.Reference\"><img fetchpriority=\"high\" data-testid=\"Opener.Image\" style=\"--lqipURL:url('https:\/\/images.t-online.de\/2026\/02\/OQLoqL9PDoOR\/0x208:4000x2250\/fit-in\/150x0\/filters:blur(25)\/image.jpg')\"   loading=\"eager\" src=\"https:\/\/www.europesays.com\/de\/wp-content\/uploads\/2026\/02\/1770043033_42_image.jpg\" alt=\"imago images 0833696172\" title=\"imago images 0833696172\" width=\"4000\" height=\"2250\" class=\"bg-[url:var(--lqipURL)] bg-cover bg-center flex h-full w-full max-w-full\" decoding=\"async\"\/><img style=\"--width:32;--height:32\" loading=\"lazy\" src=\"https:\/\/duesseldorf.t-online.de\/s\/paper\/_next\/static\/media\/zoom-in.f7dae02f.svg\" alt=\"Vergr\u00f6\u00dfern des Bildes\" title=\"Vergr\u00f6\u00dfern des Bildes\" class=\"block h-[calc(var(--height)_\/_16_*_1rem)] w-[calc(var(--width)_\/_16_*_1rem)] max-w-none absolute bottom-8 right-8 rounded-4 bg-snow p-8\" decoding=\"async\"\/><\/a><\/p>\n<p>Apache 207 (Archivbild): Der Rapper erweitert seine umfangreiche Konzertreihe. Im September tritt er auch in D\u00fcsseldorf auf. (Quelle: IMAGO)<\/p>\n<p class=\"font-bold text-18 leading-17\">Apache 207 erweitert seine umfangreiche Konzertreihe um 16 weitere Auftritte. Fans k\u00f6nnen ab dem 6. Februar Tickets f\u00fcr die Show in D\u00fcsseldorf erwerben.<\/p>\n<p class=\"text-18 leading-17\">Apache 207 hat seine bislang umfangreichste Tour mit 34 Konzerten erfolgreich absolviert. Nun hat der Rapper ein Zusatzkonzert in der Landeshauptstadt angek\u00fcndigt. Er wird am 9. Oktober im PSD Bank Dome auftreten.<\/p>\n<p class=\"text-18 leading-17\">Der Vorverkauf f\u00fcr die Tickets beginnt am 6. Februar um 15 Uhr unter anderem bei Eventim. Zu den Preisen f\u00fcr das D\u00fcsseldorfer Konzert gibt es noch keine offiziellen Angaben. F\u00fcr seinen Auftritt in Berlin mussten Fans zwischen 69 und knapp 95 Euro zahlen.<\/p>\n<p class=\"text-18 leading-17\">Insgesamt wird Apache 207 in diesem Jahr 16 weitere Auftritte quer durch Deutschland geben. Das erste Zusatzkonzert findet am 11. September in Hannover statt. Den Abschluss seiner erweiterten Tour bildet das Konzert am 12. Oktober in Hamburg.<\/p>\n<p class=\"text-18 leading-17\">Apache 207 wurde im Jahr 2019 mit dem Song &#8222;Kein Problem&#8220; bekannt. Im August 2019 ver\u00f6ffentlichte er die Single &#8222;Roller&#8220;, die zum meistverkauften deutschen Rapsong wurde und seinen endg\u00fcltigen Durchbruch besiegelte.<\/p>\n","protected":false},"excerpt":{"rendered":"Zusatzkonzerte angek\u00fcndigt Apache 207 tritt im Herbst im PSD Bank Dome auf 02.02.2026 &#8211; 15:22 UhrLesedauer: 1 Min.&hellip;\n","protected":false},"author":2,"featured_media":766338,"comment_status":"","ping_status":"","sticky":false,"template":"","format":"standard","meta":{"footnotes":"","_share_on_mastodon":"0"},"categories":[1831],"tags":[92735,49008,33105,3364,29,3405,73398,30,851,70419,3467,1209,176,64113,38613],"class_list":["post-766337","post","type-post","status-publish","format-standard","has-post-thumbnail","category-duesseldorf","tag-92735","tag-apache-207","tag-cts-eventim","tag-de","tag-deutschland","tag-duesseldorf","tag-fokusthema","tag-germany","tag-herbst","tag-konzertreihe","tag-landeshauptstadt","tag-nordrhein-westfalen","tag-nrw","tag-psd-bank-dome","tag-zusatzkonzert"],"share_on_mastodon":{"url":"https:\/\/pubeurope.com\/@de\/116001547992237870","error":""},"_links":{"self":[{"href":"https:\/\/www.europesays.com\/de\/wp-json\/wp\/v2\/posts\/766337","targetHints":{"allow":["GET"]}}],"collection":[{"href":"https:\/\/www.europesays.com\/de\/wp-json\/wp\/v2\/posts"}],"about":[{"href":"https:\/\/www.europesays.com\/de\/wp-json\/wp\/v2\/types\/post"}],"author":[{"embeddable":true,"href":"https:\/\/www.europesays.com\/de\/wp-json\/wp\/v2\/users\/2"}],"replies":[{"embeddable":true,"href":"https:\/\/www.europesays.com\/de\/wp-json\/wp\/v2\/comments?post=766337"}],"version-history":[{"count":0,"href":"https:\/\/www.europesays.com\/de\/wp-json\/wp\/v2\/posts\/766337\/revisions"}],"wp:featuredmedia":[{"embeddable":true,"href":"https:\/\/www.europesays.com\/de\/wp-json\/wp\/v2\/media\/766338"}],"wp:attachment":[{"href":"https:\/\/www.europesays.com\/de\/wp-json\/wp\/v2\/media?parent=766337"}],"wp:term":[{"taxonomy":"category","embeddable":true,"href":"https:\/\/www.europesays.com\/de\/wp-json\/wp\/v2\/categories?post=766337"},{"taxonomy":"post_tag","embeddable":true,"href":"https:\/\/www.europesays.com\/de\/wp-json\/wp\/v2\/tags?post=766337"}],"curies":[{"name":"wp","href":"https:\/\/api.w.org\/{rel}","templated":true}]}}