{"id":766392,"date":"2026-02-02T15:06:09","date_gmt":"2026-02-02T15:06:09","guid":{"rendered":"https:\/\/www.europesays.com\/de\/766392\/"},"modified":"2026-02-02T15:06:09","modified_gmt":"2026-02-02T15:06:09","slug":"schock-am-u-bahnhof-wandsbek-tragischer-tod-einer-jungen-frau-bild","status":"publish","type":"post","link":"https:\/\/www.europesays.com\/de\/766392\/","title":{"rendered":"Schock am U-Bahnhof Wandsbek: Tragischer Tod einer jungen Frau &#8211; BILD"},"content":{"rendered":"<ol>\n<li><a href=\"https:\/\/news.google.com\/rss\/articles\/CBMivgFBVV95cUxOd0d6dm9iWTBrUEI1QlRVNEduakFWOTEwb1RyUElDYTMwRlh1Q2c2SVVCQzlfaUhVM09tXzN0dXZMQm4wV2E5Wll4SzVDdjNqWFB1WTR6RFVvMGs2WlJYT3EtSU1WdmF6NlIycXFldHZDMTNNWXhqU1pZLWJWOVY3VElUWTJMNTUzSUFZbGVKZzhydXBSN19FX3puNDg0SE1IM1BxRGRvQzBrMTlGZzA0d19EVjFJV29sR3BvMi13?oc=5\" target=\"_blank\" rel=\"nofollow noopener\">Schock am U-Bahnhof Wandsbek: Tragischer Tod einer jungen Frau<\/a>&nbsp;&nbsp;BILD<\/li>\n<li><a href=\"https:\/\/news.google.com\/rss\/articles\/CBMi5AFBVV95cUxPU2pxSklPTkFCNEY3bVU5THBDNl9sTm5LVm5QMGRjQjVkUm8yRnQ2aDRybmtyQUpkSDZiVkRwTzNrcVhRZ3Z1dEVvdnNIRkxUbWwzd3Q2Z1pLVVJLQURVbVhYZkl0VFdlVDk5RDlMdVFUdXozREd5RGhjc0hsbDliZ3FSNTNDYzBTcW1rblYxanFielhYYW1fUk1hSHd6dklONXFuTDdtRHpUcG1mVEJnYVZPQjJqejN4QUxhMTRaV1hmMHNmQy1FcmxpSDZPdHN3VXE4c0dhc0xBQTdmREVqWmtiUnE?oc=5\" target=\"_blank\" rel=\"nofollow noopener\">18-J\u00e4hrige in Hamburg vor U-Bahn gezerrt: Mutter kollabiert bei Mahnwache in Wandsbek<\/a>&nbsp;&nbsp;Hamburger Abendblatt<\/li>\n<li><a href=\"https:\/\/news.google.com\/rss\/articles\/CBMixwFBVV95cUxNS0FiVFd0MFFRbjhhbTNXNlg3eUl6TWJ3cEVTakwzYXVGUHl3QTdrUzVrQl9RamszZHdWZmpUTFBQU29NOXpwMG1oSElXNkZhUWFSYVI2R0Q4Zi1RZHRLLUp3SksxeGowUS1VMzVkVlU1bDBRczktcW1qRWx4MWpYcVg3cG93Y2RqdzVrZXA5NEFqTU9WSTUwWVgxeGpaWkVGLWFnOVJmNmxQTGRxN0hJM1ROOU5waFpVZ3JxNmljbENBNzB4SDc0?oc=5\" target=\"_blank\" rel=\"nofollow noopener\">Trauer an U-Bahnhof Wandsbek Markt: Menschen in Hamburg gedenken der get\u00f6teten jungen Frau<\/a>&nbsp;&nbsp;NDR.de<\/li>\n<li><a href=\"https:\/\/news.google.com\/rss\/articles\/CBMizgFBVV95cUxNbExHcUNRUHg2djNqb1ZCc3EyRmZfNHczRmV4X1FYOEgyNVlLWjhNZFlyNDF0Q19EV090b3ZFbGpfT2UwalFwLVJNLXE1aUZtakFGTEJpa21zRFFzQ2UwMjRJMFg4NXF3c3FGOWttVDZMYmloMk9qVEFXNjNLb0RHeTlYMXpxeTlXT19BN2RwM2l6RlNyYXBXS2ZLSTljR2xvMEVnMDJ4cS1JaGd0dHZtS3I2WWFJbzdsNGRHZFRZdF8wSllZYXpaMHVkelU0Zw?oc=5\" target=\"_blank\" rel=\"nofollow noopener\">Vor U-Bahn gesto\u00dfen: T\u00e4ter von Hamburg kam \u00fcber Fl\u00fcchtlingsprogramm<\/a>&nbsp;&nbsp;FAZ<\/li>\n<li><a href=\"https:\/\/news.google.com\/rss\/articles\/CBMioAJBVV95cUxPRFpCRzZBSWlESkZHNl94YlI5QUoxeXNDVC1qbkotcUZ0cmQxWGI2X0VMTlk4YjZpMDZQMmpJcnl1bXk1NTN1UDFPelg5QVpfTTRTVmpVR0hTYmx2Q2N4aWJMVjNmRENSRW1femwySFNIUDRQZlRZeWdIMmg1aS1ncmZ1WGgtWjVEMy1QQk5QZjRxTkstZlFFT196ZGl2SEhwVV9UdFNMZkdmZXZjamxrT21yNDB6Vy1IalRCU195Y1lBUENqamJRYWpRUDRUR3hndVdZa1dDVnJ0UENfZnRBUkY4eXRNaWQzbV9OVFdra3F2VVo2TUNqQkZmSGlDd2RreHh6UFRncnQzQnVpTFFZMHJYYUZROWVCTG5paVdfZms?oc=5\" target=\"_blank\" rel=\"nofollow noopener\">Nach Puff-Ausraster: S\u00fcdsudanese t\u00f6tet Frau in Hamburg<\/a>&nbsp;&nbsp;Blick<\/li>\n<\/ol>\n","protected":false},"excerpt":{"rendered":"Schock am U-Bahnhof Wandsbek: Tragischer Tod einer jungen Frau&nbsp;&nbsp;BILD 18-J\u00e4hrige in Hamburg vor U-Bahn gezerrt: Mutter kollabiert bei&hellip;\n","protected":false},"author":2,"featured_media":766393,"comment_status":"","ping_status":"","sticky":false,"template":"","format":"standard","meta":{"footnotes":"","_share_on_mastodon":"0"},"categories":[2],"tags":[8514,29,23916,30,13,37762,23158,2183,14,15,12,45,10,8,9,11,2788,23876],"class_list":["post-766392","post","type-post","status-publish","format-standard","has-post-thumbnail","category-deutschland","tag-baerbock-annalena","tag-deutschland","tag-faeser-nancy","tag-germany","tag-headlines","tag-innenminister","tag-kenia","tag-mord","tag-nachrichten","tag-news","tag-schlagzeilen","tag-texttospeech","tag-top-news","tag-top-meldungen","tag-topmeldungen","tag-topnews","tag-u-bahn","tag-wandsbek"],"share_on_mastodon":{"url":"https:\/\/pubeurope.com\/@de\/116001661615871884","error":""},"_links":{"self":[{"href":"https:\/\/www.europesays.com\/de\/wp-json\/wp\/v2\/posts\/766392","targetHints":{"allow":["GET"]}}],"collection":[{"href":"https:\/\/www.europesays.com\/de\/wp-json\/wp\/v2\/posts"}],"about":[{"href":"https:\/\/www.europesays.com\/de\/wp-json\/wp\/v2\/types\/post"}],"author":[{"embeddable":true,"href":"https:\/\/www.europesays.com\/de\/wp-json\/wp\/v2\/users\/2"}],"replies":[{"embeddable":true,"href":"https:\/\/www.europesays.com\/de\/wp-json\/wp\/v2\/comments?post=766392"}],"version-history":[{"count":0,"href":"https:\/\/www.europesays.com\/de\/wp-json\/wp\/v2\/posts\/766392\/revisions"}],"wp:featuredmedia":[{"embeddable":true,"href":"https:\/\/www.europesays.com\/de\/wp-json\/wp\/v2\/media\/766393"}],"wp:attachment":[{"href":"https:\/\/www.europesays.com\/de\/wp-json\/wp\/v2\/media?parent=766392"}],"wp:term":[{"taxonomy":"category","embeddable":true,"href":"https:\/\/www.europesays.com\/de\/wp-json\/wp\/v2\/categories?post=766392"},{"taxonomy":"post_tag","embeddable":true,"href":"https:\/\/www.europesays.com\/de\/wp-json\/wp\/v2\/tags?post=766392"}],"curies":[{"name":"wp","href":"https:\/\/api.w.org\/{rel}","templated":true}]}}