{"id":766398,"date":"2026-02-02T15:09:12","date_gmt":"2026-02-02T15:09:12","guid":{"rendered":"https:\/\/www.europesays.com\/de\/766398\/"},"modified":"2026-02-02T15:09:12","modified_gmt":"2026-02-02T15:09:12","slug":"mann-erleidet-rauchgasvergiftung-nach-explosion-von-e-scooter-akku","status":"publish","type":"post","link":"https:\/\/www.europesays.com\/de\/766398\/","title":{"rendered":"Mann erleidet Rauchgasvergiftung nach Explosion von E-Scooter-Akku"},"content":{"rendered":"<p>Brand in Baesweiler <\/p>\n<p>E-Scooter-Akku explodiert \u2013 Mann wird verletzt<\/p>\n<p>02.02.2026 &#8211; 14:34 UhrLesedauer: 1 Min.<\/p>\n<p><a href=\"#focus-0\" class=\"transition-colors duration-200 block text-current relative\" data-sctrack=\"FocusGalleryImage.Reference\"><img fetchpriority=\"high\" data-testid=\"Opener.Image\" style=\"--lqipURL:url('https:\/\/images.t-online.de\/2026\/02\/KvmgoWNzCw7n\/0x149:2048x1152\/fit-in\/150x0\/filters:blur(25)\/feuerwehr-symbolbild-einsatzkraefte-mussten-wegen-eines-feuers-ausruecken.jpg')\"   loading=\"eager\" src=\"https:\/\/www.europesays.com\/de\/wp-content\/uploads\/2026\/02\/feuerwehr-symbolbild-einsatzkraefte-mussten-wegen-eines-feuers-ausruecken.jpg\" alt=\"urn:newsml:dpa.com:20090101:260127-935-1108439\" title=\"urn:newsml:dpa.com:20090101:260127-935-1108439\" width=\"2048\" height=\"1152\" class=\"bg-[url:var(--lqipURL)] bg-cover bg-center flex h-full w-full max-w-full\" decoding=\"async\"\/><img style=\"--width:32;--height:32\" loading=\"lazy\" src=\"https:\/\/aachen.t-online.de\/s\/paper\/_next\/static\/media\/zoom-in.f7dae02f.svg\" alt=\"Vergr\u00f6\u00dfern des Bildes\" title=\"Vergr\u00f6\u00dfern des Bildes\" class=\"block h-[calc(var(--height)_\/_16_*_1rem)] w-[calc(var(--width)_\/_16_*_1rem)] max-w-none absolute bottom-8 right-8 rounded-4 bg-snow p-8\" decoding=\"async\"\/><\/a><\/p>\n<p>Feuerwehr (Symbolbild) Einsatzkr\u00e4fte mussten wegen eines Feuers ausr\u00fccken. (Quelle: Soeren Stache)<\/p>\n<p class=\"font-bold text-18 leading-17\">In einem Mehrfamilienhaus bricht ein Feuer aus. Die Feuerwehr r\u00fcckt aus, ein Mann muss ins Krankenhaus.<\/p>\n<p class=\"text-18 leading-17\">In Baesweiler hat ein brennender E-Scooter-Akku am Wochenende einen Feuerwehreinsatz ausgel\u00f6st. Ein 42-J\u00e4hriger erlitt eine Rauchgasvergiftung, wie die Polizei Aachen mitteilte. Der Vorfall ereignete sich am sp\u00e4ten Freitagabend gegen 23.45 Uhr in der Feldstra\u00dfe. Polizei und Feuerwehr r\u00fcckten zu dem Mehrfamilienhaus aus.<\/p>\n<p class=\"text-18 leading-17\">Nach ersten Erkenntnissen war der Akku beim Laden im Wohnzimmer explodiert und in Brand geraten. Ein Defekt habe das Feuer ausgel\u00f6st. Der 42-j\u00e4hrige Bewohner habe vergeblich versucht, die Flammen zu l\u00f6schen.<\/p>\n<p class=\"text-18 leading-17\">Rettungskr\u00e4fte brachten ihn in ein Krankenhaus. Die vier Wohnungen in dem Mehrfamilienhaus sind durch die Rauchgase vorerst unbewohnbar. Die Kriminalpolizei ermittelt wegen fahrl\u00e4ssiger Brandstiftung.<\/p>\n","protected":false},"excerpt":{"rendered":"Brand in Baesweiler E-Scooter-Akku explodiert \u2013 Mann wird verletzt 02.02.2026 &#8211; 14:34 UhrLesedauer: 1 Min. Feuerwehr (Symbolbild) Einsatzkr\u00e4fte&hellip;\n","protected":false},"author":2,"featured_media":766399,"comment_status":"","ping_status":"","sticky":false,"template":"","format":"standard","meta":{"footnotes":"","_share_on_mastodon":"0"},"categories":[1853],"tags":[722,17161,1424,1419,3364,29,8367,2540,548,663,3934,985,3401,30,13,14,15,1209,121,12],"class_list":["post-766398","post","type-post","status-publish","format-standard","has-post-thumbnail","category-aachen","tag-722","tag-17161","tag-aachen","tag-baesweiler","tag-de","tag-deutschland","tag-e-scooter","tag-einsatzkraft","tag-eu","tag-europa","tag-europe","tag-feuerwehr","tag-feuerwehreinsatz","tag-germany","tag-headlines","tag-nachrichten","tag-news","tag-nordrhein-westfalen","tag-polizei","tag-schlagzeilen"],"share_on_mastodon":{"url":"https:\/\/pubeurope.com\/@de\/116001673445161469","error":""},"_links":{"self":[{"href":"https:\/\/www.europesays.com\/de\/wp-json\/wp\/v2\/posts\/766398","targetHints":{"allow":["GET"]}}],"collection":[{"href":"https:\/\/www.europesays.com\/de\/wp-json\/wp\/v2\/posts"}],"about":[{"href":"https:\/\/www.europesays.com\/de\/wp-json\/wp\/v2\/types\/post"}],"author":[{"embeddable":true,"href":"https:\/\/www.europesays.com\/de\/wp-json\/wp\/v2\/users\/2"}],"replies":[{"embeddable":true,"href":"https:\/\/www.europesays.com\/de\/wp-json\/wp\/v2\/comments?post=766398"}],"version-history":[{"count":0,"href":"https:\/\/www.europesays.com\/de\/wp-json\/wp\/v2\/posts\/766398\/revisions"}],"wp:featuredmedia":[{"embeddable":true,"href":"https:\/\/www.europesays.com\/de\/wp-json\/wp\/v2\/media\/766399"}],"wp:attachment":[{"href":"https:\/\/www.europesays.com\/de\/wp-json\/wp\/v2\/media?parent=766398"}],"wp:term":[{"taxonomy":"category","embeddable":true,"href":"https:\/\/www.europesays.com\/de\/wp-json\/wp\/v2\/categories?post=766398"},{"taxonomy":"post_tag","embeddable":true,"href":"https:\/\/www.europesays.com\/de\/wp-json\/wp\/v2\/tags?post=766398"}],"curies":[{"name":"wp","href":"https:\/\/api.w.org\/{rel}","templated":true}]}}