{"id":766468,"date":"2026-02-02T15:49:12","date_gmt":"2026-02-02T15:49:12","guid":{"rendered":"https:\/\/www.europesays.com\/de\/766468\/"},"modified":"2026-02-02T15:49:12","modified_gmt":"2026-02-02T15:49:12","slug":"super-recognizer-erkennt-sexualtaeter-wieder-mopo","status":"publish","type":"post","link":"https:\/\/www.europesays.com\/de\/766468\/","title":{"rendered":"Super-Recognizer erkennt Sexualt\u00e4ter wieder | MOPO"},"content":{"rendered":"\n<p><strong>Ein sogenannter Super-Recognizer der Bundespolizei hat einen mutma\u00dflichen Sexualstraft\u00e4ter am Bremer Hauptbahnhof erkannt und festgenommen. Der 20-J\u00e4hrige soll wenige Tage zuvor zwei minderj\u00e4hrige M\u00e4dchen bel\u00e4stigt haben.<\/strong><\/p>\n<p>Ein Super-Recognizer der Bundespolizei, also ein Mitarbeiter, der Gesichter besonders zuverl\u00e4ssig wiedererkennen kann, hat in der Nacht von Samstag auf Sonntag am Bremer Hauptbahnhof einen mutma\u00dflichen Sexualstraft\u00e4ter wiedererkannt. Das geht aus einer Pressemitteilung hervor. Der 20-J\u00e4hrige aus Bremerhaven soll vier Tage zuvor zwei minderj\u00e4hrige M\u00e4dchen in einem Zug von Bremen nach Syke bel\u00e4stigt haben.<\/p>\n<p>Super-Recognizer erkennt mutma\u00dflichen Sexualt\u00e4ter auf Video<\/p>\n<p>Der Mann fiel gegen 0:30 Uhr einem Zivilfahnder auf dem Bahnhofsvorplatz auf. Zuvor war der Tatverd\u00e4chtige anhand von Videoaufzeichnungen identifiziert worden.<\/p>\n<p>Nach Angaben der Bundespolizei soll er zwei 14 und 15 Jahre alte M\u00e4dchen angesprochen, verfolgt und am Bahnhof Syke bedr\u00e4ngt haben. Die Jugendlichen konnten fl\u00fcchten. Der Verd\u00e4chtige wurde vorl\u00e4ufig festgenommen und gestand die Tat bei einer ersten Befragung.<\/p>\n<p id=\"h-das-konnte-sie-auch-interessieren\"><strong>Das k\u00f6nnte Sie auch interessieren: <\/strong><a href=\"https:\/\/www.mopo.de\/hamburg\/polizei\/alkohol-am-steuer-und-unfallflucht-19-jaehriger-verliert-kontrolle-seinen-golf-gti\/\" rel=\"nofollow noopener\" target=\"_blank\">Alkohol und Unfallflucht: 19-J\u00e4hriger verliert Kontrolle \u00fcber Golf GTI<\/a><\/p>\n<p>Super-Recognizer k\u00f6nnen Gesichter besonders zuverl\u00e4ssig wiedererkennen, auch nach l\u00e4ngerer Zeit oder bei schlechten Bildbedingungen. Sie werden bei Polizei und Sicherheitsbeh\u00f6rden gezielt zur T\u00e4teridentifizierung eingesetzt.<\/p>\n<p> <img decoding=\"async\" class=\"vg_wort_pixel\" src=\"https:\/\/www.europesays.com\/de\/wp-content\/uploads\/2026\/02\/vgzm.1021513-mopo-1770819.gif\" alt=\"\" style=\"width: 1px; height: 1px; position: absolute; pointer-events: none;\"\/><\/p>\n","protected":false},"excerpt":{"rendered":"Ein sogenannter Super-Recognizer der Bundespolizei hat einen mutma\u00dflichen Sexualstraft\u00e4ter am Bremer Hauptbahnhof erkannt und festgenommen. Der 20-J\u00e4hrige soll&hellip;\n","protected":false},"author":2,"featured_media":766469,"comment_status":"","ping_status":"","sticky":false,"template":"","format":"standard","meta":{"footnotes":"","_share_on_mastodon":"0"},"categories":[1824],"tags":[2420,3364,29,7142,980,30,174242,106634],"class_list":["post-766468","post","type-post","status-publish","format-standard","has-post-thumbnail","category-bremen","tag-bremen","tag-de","tag-deutschland","tag-fahndung","tag-festnahme","tag-germany","tag-sexualtaeter","tag-super-recognizer"],"share_on_mastodon":{"url":"https:\/\/pubeurope.com\/@de\/116001830524686046","error":""},"_links":{"self":[{"href":"https:\/\/www.europesays.com\/de\/wp-json\/wp\/v2\/posts\/766468","targetHints":{"allow":["GET"]}}],"collection":[{"href":"https:\/\/www.europesays.com\/de\/wp-json\/wp\/v2\/posts"}],"about":[{"href":"https:\/\/www.europesays.com\/de\/wp-json\/wp\/v2\/types\/post"}],"author":[{"embeddable":true,"href":"https:\/\/www.europesays.com\/de\/wp-json\/wp\/v2\/users\/2"}],"replies":[{"embeddable":true,"href":"https:\/\/www.europesays.com\/de\/wp-json\/wp\/v2\/comments?post=766468"}],"version-history":[{"count":0,"href":"https:\/\/www.europesays.com\/de\/wp-json\/wp\/v2\/posts\/766468\/revisions"}],"wp:featuredmedia":[{"embeddable":true,"href":"https:\/\/www.europesays.com\/de\/wp-json\/wp\/v2\/media\/766469"}],"wp:attachment":[{"href":"https:\/\/www.europesays.com\/de\/wp-json\/wp\/v2\/media?parent=766468"}],"wp:term":[{"taxonomy":"category","embeddable":true,"href":"https:\/\/www.europesays.com\/de\/wp-json\/wp\/v2\/categories?post=766468"},{"taxonomy":"post_tag","embeddable":true,"href":"https:\/\/www.europesays.com\/de\/wp-json\/wp\/v2\/tags?post=766468"}],"curies":[{"name":"wp","href":"https:\/\/api.w.org\/{rel}","templated":true}]}}