{"id":766470,"date":"2026-02-02T15:51:13","date_gmt":"2026-02-02T15:51:13","guid":{"rendered":"https:\/\/www.europesays.com\/de\/766470\/"},"modified":"2026-02-02T15:51:13","modified_gmt":"2026-02-02T15:51:13","slug":"polizei-bremen-sucht-mit-foto-nach-mutmasslicher-geldwaescherin-2","status":"publish","type":"post","link":"https:\/\/www.europesays.com\/de\/766470\/","title":{"rendered":"Polizei Bremen sucht mit Foto nach mutma\u00dflicher Geldw\u00e4scherin"},"content":{"rendered":"<p>\n                Stand: 02.02.2026 16:36 Uhr<\/p>\n<p>                    <a href=\"https:\/\/www.europesays.com\/de\/wp-content\/uploads\/2026\/02\/fahndung-166.webp.webp\" class=\"zoomimage\" title=\"Bild vergr\u00f6\u00dfern\"><\/p>\n<p>        <img decoding=\"async\" src=\"https:\/\/www.europesays.com\/de\/wp-content\/uploads\/2026\/02\/fahndung-166.webp.webp\" alt=\"Das Foto zeigt die mutma\u00dfliche Geldw\u00e4scherin mit roten Haaren. \" title=\"Die Ermittlungen der Polizei f\u00fchrten bisher nicht zur Identifizierung der Frau. Deshalb haben die Ermittler jetzt ein Foto der Gesuchten ver\u00f6ffentlicht. | Polizei Bremen\" class=\"responsive\" loading=\"lazy\"\/><\/p>\n<p>                    <\/a><\/p>\n<p>                    Die Ermittlungen der Polizei f\u00fchrten bisher nicht zur Identifizierung der Frau. Deshalb haben die Ermittler jetzt ein Foto der Gesuchten ver\u00f6ffentlicht.<\/p>\n<p class=\"\">Polizei und Staatsanwaltschaft in Bremen suchen mit einem Foto nach einer mutma\u00dflichen Geldw\u00e4scherin. Die Frau soll bereits 2023 unter falscher Identit\u00e4t drei Bankkonten er\u00f6ffnet und dar\u00fcber Geld aus Betrugsstraftaten erhalten haben, teilte die Polizei am Montag mit. Es handele sich um eine Geldsumme im f\u00fcnfstelligen Bereich. Um ihre Identit\u00e4t bei der Er\u00f6ffnung der Bankkonten zu verschleiern, soll die Frau auf dem Adressaufkleber eines Personalausweises eines vermeintliche Meldeadresse eingef\u00fcgt haben. Die Ermittlungen h\u00e4tten bisher nicht zur Identifizierung der Frau gef\u00fchrt. Wer Hinweise geben kann, wird gebeten, sich unter der <strong>Telefonnummer (0421) 362 38 88<\/strong> beim Kriminaldauerdienst zu melden.<\/p>\n<p>Dieses Thema im Programm:<\/p>\n<p>                NDR 1 Niedersachsen | Regional Oldenburg | 02.02.2026 | 14:30 Uhr<\/p>\n","protected":false},"excerpt":{"rendered":"Stand: 02.02.2026 16:36 Uhr Die Ermittlungen der Polizei f\u00fchrten bisher nicht zur Identifizierung der Frau. Deshalb haben die&hellip;\n","protected":false},"author":2,"featured_media":766471,"comment_status":"","ping_status":"","sticky":false,"template":"","format":"standard","meta":{"footnotes":"","_share_on_mastodon":"0"},"categories":[1824],"tags":[590,1483,2420,3364,29,7550,1562,30,14,15,1411,11728,121],"class_list":["post-766470","post","type-post","status-publish","format-standard","has-post-thumbnail","category-bremen","tag-aktuell","tag-betrug","tag-bremen","tag-de","tag-deutschland","tag-fotofahndung","tag-geldwaesche","tag-germany","tag-nachrichten","tag-news","tag-niedersachsen","tag-oeffentlichkeitsfahndung","tag-polizei"],"share_on_mastodon":{"url":"https:\/\/pubeurope.com\/@de\/116001838500910141","error":""},"_links":{"self":[{"href":"https:\/\/www.europesays.com\/de\/wp-json\/wp\/v2\/posts\/766470","targetHints":{"allow":["GET"]}}],"collection":[{"href":"https:\/\/www.europesays.com\/de\/wp-json\/wp\/v2\/posts"}],"about":[{"href":"https:\/\/www.europesays.com\/de\/wp-json\/wp\/v2\/types\/post"}],"author":[{"embeddable":true,"href":"https:\/\/www.europesays.com\/de\/wp-json\/wp\/v2\/users\/2"}],"replies":[{"embeddable":true,"href":"https:\/\/www.europesays.com\/de\/wp-json\/wp\/v2\/comments?post=766470"}],"version-history":[{"count":0,"href":"https:\/\/www.europesays.com\/de\/wp-json\/wp\/v2\/posts\/766470\/revisions"}],"wp:featuredmedia":[{"embeddable":true,"href":"https:\/\/www.europesays.com\/de\/wp-json\/wp\/v2\/media\/766471"}],"wp:attachment":[{"href":"https:\/\/www.europesays.com\/de\/wp-json\/wp\/v2\/media?parent=766470"}],"wp:term":[{"taxonomy":"category","embeddable":true,"href":"https:\/\/www.europesays.com\/de\/wp-json\/wp\/v2\/categories?post=766470"},{"taxonomy":"post_tag","embeddable":true,"href":"https:\/\/www.europesays.com\/de\/wp-json\/wp\/v2\/tags?post=766470"}],"curies":[{"name":"wp","href":"https:\/\/api.w.org\/{rel}","templated":true}]}}