{"id":766516,"date":"2026-02-02T16:16:30","date_gmt":"2026-02-02T16:16:30","guid":{"rendered":"https:\/\/www.europesays.com\/de\/766516\/"},"modified":"2026-02-02T16:16:30","modified_gmt":"2026-02-02T16:16:30","slug":"chappell-roan-mit-nackt-dress-bei-den-grammys-ist-das-noch-ein-kleid-unterhaltung","status":"publish","type":"post","link":"https:\/\/www.europesays.com\/de\/766516\/","title":{"rendered":"Chappell Roan mit Nackt-Dress bei den Grammys: Ist das noch ein Kleid? | Unterhaltung"},"content":{"rendered":"<p><a class=\"skip-content skip-content--link\" href=\"#in-content-skip-link-target-v-0-0\">TTS-Player \u00fcberspringen\u21b5<\/a><a id=\"in-content-skip-link-target-v-0-0\" class=\"skip-content--target-link-hidden skip-content skip-content--target-link\" href=\"#in-content-skip-link-target-v-0-0\">Artikel weiterlesen<\/a><\/p>\n<p>Los Angeles (USA) \u2013 <b>Es war die Nacht der Nackig-Kleider. Bei den diesj\u00e4hrigen Grammy Awards zeigten sich die Stars \u2013 von Sabrina Carpenter (26) bis Heidi Klum (52) \u2013 au\u00dfergew\u00f6hnlich k\u00f6rperbetont und freiz\u00fcgig.<\/b><\/p>\n<p>Die zweifach nominierte US-S\u00e4ngerin Chappell Roan (27, f\u00fcr die Auszeichnung \u201eRecord of the Year\u201c und \u201ePop Solo Performance\u201c f\u00fcr \u201eThe Subway\u201c) aber hob den \u201eNaked Dress\u201c-Look in einer zarten Durchsichtig-Robe auf ein vollkommen neues Level. Der Clou: Auf den ersten Blick wirkte es, als sei der Hauch von Nichts nur an ihren Nippel-Piercings befestigt. <\/p>\n<p><img decoding=\"async\" width=\"992\" height=\"624\" alt=\"Roan geh\u00f6rte nicht zuletzt dank ihrer Outfit-Wahl zu den wohl meistfotografierten Stars der Grammys-Nacht\" src=\"https:\/\/www.europesays.com\/de\/wp-content\/uploads\/2026\/02\/eaaaacaf8e7ca0d060199242b81d3d03,83fee9a9.jpeg\"   class=\"dynamic\" loading=\"lazy\"\/><\/p>\n<p class=\"fig__caption__text\">Roan geh\u00f6rte nicht zuletzt dank ihrer Outfit-Wahl zu den wohl meistfotografierten Stars der Grammys-Nacht<\/p>\n<p>Foto: Mario Anzuoni\/REUTERS<\/p>\n<p>Roan erschien auf dem <a href=\"https:\/\/www.bild.de\/unterhaltung\/stars-und-leute\/68-grammys-justin-bieber-in-boxershorts-heidi-klum-fast-nackig-697fdf31f0e62064809e174e\" class=\"text-link\" rel=\"nofollow noopener\" target=\"_blank\">roten Teppich der Grammys 2026<\/a> in einem bordeauxroten Chiffonkleid mit passendem Cape, entworfen von Miguel Castro Freitas f\u00fcr Mugler. Das Cape legte die S\u00e4ngerin schlie\u00dflich ab und entbl\u00f6\u00dfte damit ihr mehr als gewagtes Dekollet\u00e9. <\/p>\n<p><img decoding=\"async\" width=\"992\" height=\"653\" alt=\"Mittelalter-Vibes treffen auf Haute Couture: Chappell Roan in Mugler-Robe\" src=\"https:\/\/www.europesays.com\/de\/wp-content\/uploads\/2026\/02\/2348613492293b8bf78611b97f7f2a58,ed29c912.jpeg\"   class=\"dynamic\" loading=\"lazy\"\/><\/p>\n<p class=\"fig__caption__text\">Mittelalter-Vibes treffen auf Haute Couture: Chappell Roan in Mugler-Robe<\/p>\n<p>Foto: Mario Anzuoni\/REUTERS<\/p>\n<p><img decoding=\"async\" width=\"992\" height=\"690\" alt=\"Die S\u00e4ngerin zeigte sich gut gelaunt. Eine Stylistin sorgte indes f\u00fcr den perfekten Sitz des gewagten Dresses\" src=\"https:\/\/www.europesays.com\/de\/wp-content\/uploads\/2026\/02\/81b67e313fe6ebc9f02e08dd3e3e84c1,4448ea6.jpeg\"   class=\"dynamic\" loading=\"lazy\"\/><\/p>\n<p class=\"fig__caption__text\">Die S\u00e4ngerin hatte ihren Spa\u00df. Eine Stylistin sorgte indes f\u00fcr den perfekten Sitz des gewagten Dresses<\/p>\n<p>Foto: Mario Anzuoni\/REUTERS<\/p>\n<p>Hing das Kleid wirklich an Chappell Roans Nippeln?<\/p>\n<p>Aber war die Robe denn nun tats\u00e4chlich an Roans Br\u00fcsten befestigt? Ja, das Chiffonkleid hing an zwei Brustwarzenpiercings. Bei n\u00e4herem Hinsehen entpuppten sich diese jedoch als Prothesen auf Roans Brust. Im Gespr\u00e4ch mit dem Fashion-Magazin \u201e<a href=\"https:\/\/www.marieclaire.com\/beauty\/makeup\/chappell-roan-2026-grammys-beauty-tattoos\/\" target=\"_blank\" rel=\"nofollow noopener\" class=\"text-link--external text-link\">Marie Claire<\/a>\u201c verriet Roans Stylist Andrew Dahling, dass es sich um Fake-Nippel handelte.<\/p>\n<p>Mehr zum Thema<\/p>\n<p>Das Kleid ist eine moderne Interpretation eines Haute-Couture-Ensembles. Designer Castro Freitas (45) hatte es 1998 f\u00fcr Thierry Muglers Label auf dem Laufsteg pr\u00e4sentiert. Damals hing das Seidenkleid an den echten Brustwarzenpiercings der Models. <\/p>\n<p> An dieser Stelle findest du Inhalte aus Instagram <\/p>\n<p> Um mit Inhalten aus Instagram und anderen sozialen Netzwerken zu interagieren oder diese darzustellen, brauchen wir deine Zustimmung. <\/p>\n<p> soziale Netzwerke aktivieren  Um eingebettete Inhalte anzuzeigen, ist Ihre jederzeit widerrufliche Einwilligung (\u00fcber den Schalter oder \u00fcber &#8220; <a class=\"embed-placeholder__text-link\" href=\"#\" rel=\"noopener noreferrer\" title=\"Tracking widerrufen\"> Widerruf Tracking und Cookies<\/a> &#8220; am Seitenende) zur Verarbeitung personenbezogener Daten n\u00f6tig.  Dabei k\u00f6nnen Daten in Drittl\u00e4nder wie die USA \u00fcbermittelt werden (Art. 49 Abs. 1 lit. a DSGVO). Mit dem Aktivieren des Inhalts stimmen Sie zu. Weitere Infos finden Sie <a class=\"embed-placeholder__text-link\" href=\"#\" rel=\"noopener noreferrer\" title=\"Zu den Privatsph\u00e4re Einstellungen\"> hier<\/a>. Brustwarzen-Piercings und Tattoos waren Fake<\/p>\n<p>Ein weiterer Hingucker waren die aufwendigen T\u00e4towierungen, die Roans K\u00f6rper bedeckten. Dabei handelte es sich jedoch nur um Fake-Tattoos. Stylist Andrew Dahling: \u201eWir begannen mit diesem sehr authentischen, nat\u00fcrlichen Look. Sobald die Tattoos ins Spiel kamen, wurde alles mittelalterlich, aber auf eine realistische Art. Es ist immer noch Fantasy und etwas \u00dcberirdisches, aber dennoch bodenst\u00e4ndig.\u201c<\/p>\n<p><img decoding=\"async\" width=\"992\" height=\"661\" alt=\"Hat sich die S\u00e4ngerin vor den Grammys noch fix t\u00e4towieren lassen? Nein, verriet Roans Stylist Andrew Dahling. Alles Fake\" src=\"https:\/\/www.europesays.com\/de\/wp-content\/uploads\/2026\/02\/745bf1a8f679b8c096ecce9698f975f8,fbe5c4a6.jpeg\"   class=\"dynamic\" loading=\"lazy\"\/><\/p>\n<p class=\"fig__caption__text\">Hat sich die S\u00e4ngerin vor den Grammys noch fix t\u00e4towieren lassen? Nein, verriet Roans Stylist Andrew Dahling<\/p>\n<p>Foto: picture alliance \/ Jordan Strauss\/Invision\/AP<\/p>\n<p>Roan, die im vergangenen Jahr den Preis als beste Nachwuchsk\u00fcnstlerin gewann und ihn bei der diesj\u00e4hrigen Verleihung an Olivia Dean (26) \u00fcberreichte, wechselte ihr Outfit \u00fcbrigens f\u00fcr ihren Auftritt auf der B\u00fchne. Vermutlich lag das daran, dass ihr Look auf dem roten Teppich zwar wunderbar exzentrisch und raffiniert, aber alles andere als fernsehtauglich war.<\/p>\n<p><img decoding=\"async\" width=\"992\" height=\"661\" alt=\"F\u00fcr die B\u00fchne w\u00e4hlte Roan ein Kleid, das etwas mehr bedeckte\" src=\"https:\/\/www.europesays.com\/de\/wp-content\/uploads\/2026\/02\/7403cd9486e8bd6e2ff80a52066f7df9,a14ad4bd.jpeg\"   class=\"dynamic\" loading=\"lazy\"\/><\/p>\n<p class=\"fig__caption__text\">F\u00fcr die B\u00fchne w\u00e4hlte Roan ein Kleid, das etwas mehr bedeckte<\/p>\n<p>Foto: John Salangsang\/Shutterstock<\/p>\n<p><img decoding=\"async\" width=\"992\" height=\"700\" alt=\"Chart-Prinzessin Chappell Roan (r.) posiert in einem weiteren Outfit an der Seite von Pop-Queen Lady Gaga (39)\" src=\"https:\/\/www.europesays.com\/de\/wp-content\/uploads\/2026\/02\/d539712c2029e1c2f501f4b50480d69a,7d52c1e9.jpeg\"   class=\"dynamic\" loading=\"lazy\"\/><\/p>\n<p class=\"fig__caption__text\">Chart-Prinzessin Chappell Roan (27, r.) posiert in einem weiteren Outfit an der Seite von Pop-Queen Lady Gaga (39)<\/p>\n<p>Foto: Getty Images for The Recording Academy<\/p>\n<p>Auch sie zeigten sich freiz\u00fcgig<img decoding=\"async\" width=\"992\" height=\"663\" alt=\"Justin Bieber (31) performte nur in Unterhose, Socken und mit freiem Oberk\u00f6rper auf der Grammys-B\u00fchne. Ob er mit dem Halb-Nackig-Auftritt Verletzlichkeit demonstrieren oder einfach nur seinen durchtrainierten Body pr\u00e4sentieren wollte, bleibt wohl Biebs\u2018 Geheimnis\" src=\"https:\/\/www.europesays.com\/de\/wp-content\/uploads\/2026\/02\/007ba1ead8308831f97fc444d75af058,2bcdb0d1.jpeg\"   class=\"dynamic\" loading=\"lazy\"\/><\/p>\n<p class=\"fig__caption__text\">Justin Bieber (31) performte nur in Unterhose, Socken und mit freiem Oberk\u00f6rper auf der Grammys-B\u00fchne. Ob er mit dem Halb-nackig-Auftritt Verletzlichkeit demonstrieren oder einfach nur seinen durchtrainierten Body pr\u00e4sentieren wollte, bleibt sein Geheimnis<\/p>\n<p>Foto: picture alliance \/ Chris Pizzello\/Invision\/AP<\/p>\n<p><img decoding=\"async\" width=\"992\" height=\"1488\" alt=\"Sabrina Carpenter (26) strahlte in einer halbtransparenten Valentino-Robe\" src=\"https:\/\/www.europesays.com\/de\/wp-content\/uploads\/2026\/02\/b5cb96f3c3ee6a7d2d47bed3c1f94637,fd7b028.jpeg\"   class=\"dynamic\" loading=\"lazy\"\/><\/p>\n<p class=\"fig__caption__text\">Sabrina Carpenter (26) strahlte in einer halbtransparenten Valentino-Robe<\/p>\n<p>Foto: ddp\/ZUMA<\/p>\n<p><img decoding=\"async\" width=\"992\" height=\"661\" alt=\"Heidi Klum (52) kam in einem Hauteng-Design von Marina Hoermanseder\" src=\"https:\/\/www.europesays.com\/de\/wp-content\/uploads\/2026\/02\/34aad5860a85d59c7085c3c0d1d79fbf,965f9dc4.jpeg\"   class=\"dynamic\" loading=\"lazy\"\/><\/p>\n<p class=\"fig__caption__text\">Heidi Klum (52) kam in einem steifen Hauteng-Design von Marina Hoermanseder<\/p>\n<p>Foto: picture alliance \/ Jordan Strauss\/Invision\/AP<\/p>\n<p><img decoding=\"async\" width=\"992\" height=\"1488\" alt=\"S\u00e4ngerin Addison Rae (25): Vorne hui \u2026\" src=\"https:\/\/www.europesays.com\/de\/wp-content\/uploads\/2026\/02\/cf7b90880cef47ea8f6a726f46673a7f,87c08665.jpeg\"   class=\"dynamic\" loading=\"lazy\"\/><\/p>\n<p class=\"fig__caption__text\">S\u00e4ngerin Addison Rae (25): Vorne hui \u2026<\/p>\n<p>Foto: picture alliance \/ ZUMAPRESS.com<\/p>\n<p><img decoding=\"async\" width=\"992\" height=\"672\" alt=\"\u2026 hinten uiuiui!\" src=\"https:\/\/www.europesays.com\/de\/wp-content\/uploads\/2026\/02\/8af03dfbe9615e9d839d40ed9b92dc32,66c3a9cf.jpeg\"   class=\"dynamic\" loading=\"lazy\"\/><\/p>\n<p class=\"fig__caption__text\">\u2026 hinten uiuiui!<\/p>\n<p>Foto: Mario Anzuoni\/REUTERS<\/p>\n","protected":false},"excerpt":{"rendered":"TTS-Player \u00fcberspringen\u21b5Artikel weiterlesen Los Angeles (USA) \u2013 Es war die Nacht der Nackig-Kleider. Bei den diesj\u00e4hrigen Grammy Awards&hellip;\n","protected":false},"author":2,"featured_media":766517,"comment_status":"","ping_status":"","sticky":false,"template":"","format":"standard","meta":{"footnotes":"","_share_on_mastodon":"0"},"categories":[1776],"tags":[1801,29,214,30,350,3583,42723,19648,1802,74244,138370,45,215],"class_list":["post-766516","post","type-post","status-publish","format-standard","has-post-thumbnail","category-prominente","tag-celebrities","tag-deutschland","tag-entertainment","tag-germany","tag-mode","tag-oscar","tag-oscar-nominierung","tag-oscarpreistraeger","tag-prominente","tag-styling","tag-team-first","tag-texttospeech","tag-unterhaltung"],"share_on_mastodon":{"url":"https:\/\/pubeurope.com\/@de\/116001937416910150","error":""},"_links":{"self":[{"href":"https:\/\/www.europesays.com\/de\/wp-json\/wp\/v2\/posts\/766516","targetHints":{"allow":["GET"]}}],"collection":[{"href":"https:\/\/www.europesays.com\/de\/wp-json\/wp\/v2\/posts"}],"about":[{"href":"https:\/\/www.europesays.com\/de\/wp-json\/wp\/v2\/types\/post"}],"author":[{"embeddable":true,"href":"https:\/\/www.europesays.com\/de\/wp-json\/wp\/v2\/users\/2"}],"replies":[{"embeddable":true,"href":"https:\/\/www.europesays.com\/de\/wp-json\/wp\/v2\/comments?post=766516"}],"version-history":[{"count":0,"href":"https:\/\/www.europesays.com\/de\/wp-json\/wp\/v2\/posts\/766516\/revisions"}],"wp:featuredmedia":[{"embeddable":true,"href":"https:\/\/www.europesays.com\/de\/wp-json\/wp\/v2\/media\/766517"}],"wp:attachment":[{"href":"https:\/\/www.europesays.com\/de\/wp-json\/wp\/v2\/media?parent=766516"}],"wp:term":[{"taxonomy":"category","embeddable":true,"href":"https:\/\/www.europesays.com\/de\/wp-json\/wp\/v2\/categories?post=766516"},{"taxonomy":"post_tag","embeddable":true,"href":"https:\/\/www.europesays.com\/de\/wp-json\/wp\/v2\/tags?post=766516"}],"curies":[{"name":"wp","href":"https:\/\/api.w.org\/{rel}","templated":true}]}}