{"id":766691,"date":"2026-02-02T17:52:25","date_gmt":"2026-02-02T17:52:25","guid":{"rendered":"https:\/\/www.europesays.com\/de\/766691\/"},"modified":"2026-02-02T17:52:25","modified_gmt":"2026-02-02T17:52:25","slug":"cylib-im-chempark-dormagen-zertifizierung-fuer-recycling-material","status":"publish","type":"post","link":"https:\/\/www.europesays.com\/de\/766691\/","title":{"rendered":"Cylib im Chempark Dormagen: Zertifizierung f\u00fcr Recycling-Material"},"content":{"rendered":"<p class=\"text_ohne_einzug richtext text-em-55 !leading-serif mx-6 desktop:mx-0\">  Produktionsstart soll 2027 sein \u2013 an diesem Ziel h\u00e4lt Cylib, eine Neuansiedlung im Chempark nach wie vor fest. Im Dezember war bekanntgeworden, dass das Unternehmen, welches sich auf das Recycling von Batterien spezialisiert hat, eine Millionenf\u00f6rderung erh\u00e4lt. 63,4 Millionen Euro kommen vom Bund, Cylib entschied, den Standort in Dormagen doppelt so gro\u00df zu bauen, wie angedacht. Jetzt darf sich das Unternehmen auch noch \u00fcber eine weitere Nachricht freuen: Ein internationaler Batterieproduzent hat von Cylib recyceltes Material zertifiziert. Das Material wird k\u00fcnftig f\u00fcr die Produktion neuer E-Auto-Batterien verwendet. Das teilt das Unternehmen jetzt mit. Wer genau der Partner ist, wollte das Unternehmen nicht verraten, Grund seien, in der Automobilindustrie \u00fcbliche, Vertraulichkeitsvereinbarungen.<\/p>\n","protected":false},"excerpt":{"rendered":"Produktionsstart soll 2027 sein \u2013 an diesem Ziel h\u00e4lt Cylib, eine Neuansiedlung im Chempark nach wie vor fest.&hellip;\n","protected":false},"author":2,"featured_media":766692,"comment_status":"","ping_status":"","sticky":false,"template":"","format":"standard","meta":{"footnotes":"","_share_on_mastodon":"0"},"categories":[1853],"tags":[4453,1424,174273,513,582,47917,158762,158763,3364,29,39716,548,663,3934,30,13,174274,19109,48711,14,15,1209,842,38710,1269,174275,1279,158767,174271,174272,12],"class_list":["post-766691","post","type-post","status-publish","format-standard","has-post-thumbnail","category-aachen","tag-4453","tag-aachen","tag-altbatterien","tag-auto","tag-automobilindustrie","tag-batterien","tag-chempark","tag-cylib","tag-de","tag-deutschland","tag-dormagen","tag-eu","tag-europa","tag-europe","tag-germany","tag-headlines","tag-ionen","tag-material","tag-millionenfoerderung","tag-nachrichten","tag-news","tag-nordrhein-westfalen","tag-produktion","tag-produktionsstart","tag-prozess","tag-qualifikationen","tag-recycling","tag-recyclinglinie","tag-recyclingmaterial","tag-recyclingprozess","tag-schlagzeilen"],"share_on_mastodon":{"url":"https:\/\/pubeurope.com\/@de\/116002314340658900","error":""},"_links":{"self":[{"href":"https:\/\/www.europesays.com\/de\/wp-json\/wp\/v2\/posts\/766691","targetHints":{"allow":["GET"]}}],"collection":[{"href":"https:\/\/www.europesays.com\/de\/wp-json\/wp\/v2\/posts"}],"about":[{"href":"https:\/\/www.europesays.com\/de\/wp-json\/wp\/v2\/types\/post"}],"author":[{"embeddable":true,"href":"https:\/\/www.europesays.com\/de\/wp-json\/wp\/v2\/users\/2"}],"replies":[{"embeddable":true,"href":"https:\/\/www.europesays.com\/de\/wp-json\/wp\/v2\/comments?post=766691"}],"version-history":[{"count":0,"href":"https:\/\/www.europesays.com\/de\/wp-json\/wp\/v2\/posts\/766691\/revisions"}],"wp:featuredmedia":[{"embeddable":true,"href":"https:\/\/www.europesays.com\/de\/wp-json\/wp\/v2\/media\/766692"}],"wp:attachment":[{"href":"https:\/\/www.europesays.com\/de\/wp-json\/wp\/v2\/media?parent=766691"}],"wp:term":[{"taxonomy":"category","embeddable":true,"href":"https:\/\/www.europesays.com\/de\/wp-json\/wp\/v2\/categories?post=766691"},{"taxonomy":"post_tag","embeddable":true,"href":"https:\/\/www.europesays.com\/de\/wp-json\/wp\/v2\/tags?post=766691"}],"curies":[{"name":"wp","href":"https:\/\/api.w.org\/{rel}","templated":true}]}}