{"id":766710,"date":"2026-02-02T18:06:12","date_gmt":"2026-02-02T18:06:12","guid":{"rendered":"https:\/\/www.europesays.com\/de\/766710\/"},"modified":"2026-02-02T18:06:12","modified_gmt":"2026-02-02T18:06:12","slug":"karlsruhe-messerangriff-in-innenstadt-polizei-nimmt-tatverdaechtigen-fest","status":"publish","type":"post","link":"https:\/\/www.europesays.com\/de\/766710\/","title":{"rendered":"Karlsruhe Messerangriff in Innenstadt: Polizei nimmt Tatverd\u00e4chtigen fest"},"content":{"rendered":"<p class=\"mb-6 text-xs md:text-m lg:text-l font-serif group-[.font-sans]:font-sans \">\n    Nach Angaben der Polizei soll ein 31-j\u00e4hriger Mann am Freitagabend, 30 Januar, in der Karlsruher Innenstadt zwei M\u00e4nner im Alter von 35 und 32 Jahren mit einem Messer bedroht haben. Der Tatverd\u00e4chtige befindet sich mittlerweile in Untersuchungshaft. Die Staatsanwaltschaft Karlsruhe und das Polizeipr\u00e4sidium Karlsruhe gaben eine gemeinsame Pressemitteilung heraus.\n  <\/p>\n<p>            Vorfall in der Adlerstra\u00dfe in Karlsruhe<\/p>\n<p class=\"mb-6 text-xs md:text-m lg:text-l font-serif group-[.font-sans]:font-sans \">\n    Nach aktuellem Stand der Ermittlungen war der Beschuldigte gegen 18.20 Uhr im Bereich der Adlerstra\u00dfe unterwegs. Er soll dort mehrere Passanten in aggressiver Stimmung angesprochen haben. Im weiteren Verlauf begab sich der Mann in ein Ladengesch\u00e4ft und geriet dort mit den sp\u00e4teren Gesch\u00e4digten in einen verbalen Streit. Der Aggressor zog offenbar ein Messer und bedrohte die beiden M\u00e4nner. Den Gesch\u00e4digten gelang es zun\u00e4chst, den Angreifer zu entwaffnen und ihn aus dem Gesch\u00e4ft zu dr\u00e4ngen.\n  <\/p>\n<p class=\"mb-6 text-xs md:text-m lg:text-l font-serif group-[.font-sans]:font-sans \">\n    Der Mann begab sich jedoch zu seiner unweit abgestellten Tasche und entnahm aus dieser ein weiteres Messer. Mit dem Messer n\u00e4herte er sich erneut in bedrohlicher Weise den beiden Gesch\u00e4digten. Beim Eintreffen der alarmierten Streifenbesatzungen lie\u00df der Beschuldigte von den M\u00e4nnern ab und warf das Messer zwischen mehrere M\u00fclltonnen. Die eingesetzten Beamten nahmen den 31-J\u00e4hrigen anschlie\u00dfend vorl\u00e4ufig fest.\n  <\/p>\n<p class=\"mb-6 text-xs md:text-m lg:text-l font-serif group-[.font-sans]:font-sans \">\n    Die Staatsanwaltschaft Karlsruhe stellte am Samstag einen Antrag beim Amtsgericht Karlsruhe. Der Tatverd\u00e4chtige wurde einem Haftrichter vorgef\u00fchrt. Dieser erlie\u00df Haftbefehl gegen den Beschuldigten und ordnete den Vollzug der Untersuchungshaft an.\n  <\/p>\n<p class=\"mb-6 text-xs md:text-m lg:text-l font-serif group-[.font-sans]:font-sans \">\n    <br \/>Quelle: <a href=\"https:\/\/www.presseportal.de\/blaulicht\/pm\/110972\/6209038\" rel=\"nofollow noopener\" target=\"_blank\" class=\"underline \">Polizeipr\u00e4sidium Karlsruhe.<\/a> Hinweis: Diese Meldung wurde unterst\u00fctzt von KI erstellt.<\/p>\n<ul data-module-id=\"DragDropModule\" class=\"flex flex-wrap justify-start group-[.no-bookmarks]:hidden\">\n<li class=\"mb-3 mr-3\">\n    Karlsruhe<\/p>\n<p>      Icon Haken im Kreis gesetzt<\/p>\n<p>      Icon Plus im Kreis<\/p>\n<\/li>\n<li class=\"mb-3 mr-3\">\n    Innenstadt<\/p>\n<p>      Icon Haken im Kreis gesetzt<\/p>\n<p>      Icon Plus im Kreis<\/p>\n<\/li>\n<li class=\"mb-3 mr-3\">\n    Polizei<\/p>\n<p>      Icon Haken im Kreis gesetzt<\/p>\n<p>      Icon Plus im Kreis<\/p>\n<\/li>\n<\/ul>\n","protected":false},"excerpt":{"rendered":"Nach Angaben der Polizei soll ein 31-j\u00e4hriger Mann am Freitagabend, 30 Januar, in der Karlsruher Innenstadt zwei M\u00e4nner&hellip;\n","protected":false},"author":2,"featured_media":657871,"comment_status":"","ping_status":"","sticky":false,"template":"","format":"standard","meta":{"footnotes":"","_share_on_mastodon":"0"},"categories":[1844],"tags":[1601,1634,3364,29,30,2065,8903,1256,121,136634],"class_list":["post-766710","post","type-post","status-publish","format-standard","has-post-thumbnail","category-karlsruhe","tag-amtsgericht","tag-baden-wuerttemberg","tag-de","tag-deutschland","tag-germany","tag-innenstadt","tag-karlsruhe","tag-kuenstliche-intelligenz","tag-polizei","tag-staatsanwaltschaft-karlsruhe"],"share_on_mastodon":{"url":"https:\/\/pubeurope.com\/@de\/116002369419392188","error":""},"_links":{"self":[{"href":"https:\/\/www.europesays.com\/de\/wp-json\/wp\/v2\/posts\/766710","targetHints":{"allow":["GET"]}}],"collection":[{"href":"https:\/\/www.europesays.com\/de\/wp-json\/wp\/v2\/posts"}],"about":[{"href":"https:\/\/www.europesays.com\/de\/wp-json\/wp\/v2\/types\/post"}],"author":[{"embeddable":true,"href":"https:\/\/www.europesays.com\/de\/wp-json\/wp\/v2\/users\/2"}],"replies":[{"embeddable":true,"href":"https:\/\/www.europesays.com\/de\/wp-json\/wp\/v2\/comments?post=766710"}],"version-history":[{"count":0,"href":"https:\/\/www.europesays.com\/de\/wp-json\/wp\/v2\/posts\/766710\/revisions"}],"wp:featuredmedia":[{"embeddable":true,"href":"https:\/\/www.europesays.com\/de\/wp-json\/wp\/v2\/media\/657871"}],"wp:attachment":[{"href":"https:\/\/www.europesays.com\/de\/wp-json\/wp\/v2\/media?parent=766710"}],"wp:term":[{"taxonomy":"category","embeddable":true,"href":"https:\/\/www.europesays.com\/de\/wp-json\/wp\/v2\/categories?post=766710"},{"taxonomy":"post_tag","embeddable":true,"href":"https:\/\/www.europesays.com\/de\/wp-json\/wp\/v2\/tags?post=766710"}],"curies":[{"name":"wp","href":"https:\/\/api.w.org\/{rel}","templated":true}]}}