{"id":766745,"date":"2026-02-02T18:25:11","date_gmt":"2026-02-02T18:25:11","guid":{"rendered":"https:\/\/www.europesays.com\/de\/766745\/"},"modified":"2026-02-02T18:25:11","modified_gmt":"2026-02-02T18:25:11","slug":"koenigswinter-und-bad-honnef-auf-die-rheinfaehre-mit-dem-deutschlandticket","status":"publish","type":"post","link":"https:\/\/www.europesays.com\/de\/766745\/","title":{"rendered":"K\u00f6nigswinter und Bad Honnef: Auf die Rheinf\u00e4hre mit dem Deutschlandticket"},"content":{"rendered":"<p class=\"small date article__date\">Ver\u00f6ffentlicht:\u00a0Montag, 02.02.2026 19:08<\/p>\n<p>Das Deutschlandticket f\u00fcr Bus und Bahn soll k\u00fcnftig auch auf den Rheinf\u00e4hren gelten, und zwar in Bad Honnef und K\u00f6nigswinter. Das meldet der CDU-Landtagsabgeordnete aus dem Rhein-Sieg-Kreis Jonathan Grunwald.<\/p>\n<p><img decoding=\"async\" alt=\"\" src=\"https:\/\/www.europesays.com\/de\/wp-content\/uploads\/2026\/02\/koenigswinter-panorama-drachenfels.jpg&#038;crop=0x93x4592x2870&#038;resize=1280x800&#038;dt=201901311146090.jpeg\" data-size=\"1280x800\"\/>\u00a9 Foto: Daniel D\u00e4hling<\/p>\n<p>Damit schaffe man w\u00e4hrend der gro\u00dfen monatelangen Bahnsperrung zwischen Unkel und Trioisdorf in der zweiten Jahresh\u00e4lfte eine echte Alternative, hei\u00dft es. Wer also mit Bus, Bahn oder zu Fu\u00df zum F\u00e4hranleger komme, k\u00f6nne in Zukunft ohne zus\u00e4tzliches Ticket linksrheinisch in die Bahn Richtung K\u00f6ln oder Koblenz steigen. Das entlaste den Verkehr, verk\u00fcrze die Wege und st\u00e4rke den \u00d6PNV &#8211; und zwar auf der Stra\u00dfe, der Schiene und auf dem Wasser, meint Grunwald. Die Gespr\u00e4che aller Beteiligten dazu st\u00fcnden kurz vor dem Abschluss.\u00a0<\/p>\n","protected":false},"excerpt":{"rendered":"Ver\u00f6ffentlicht:\u00a0Montag, 02.02.2026 19:08 Das Deutschlandticket f\u00fcr Bus und Bahn soll k\u00fcnftig auch auf den Rheinf\u00e4hren gelten, und zwar&hellip;\n","protected":false},"author":2,"featured_media":766746,"comment_status":"","ping_status":"","sticky":false,"template":"","format":"standard","meta":{"footnotes":"","_share_on_mastodon":"0"},"categories":[1842],"tags":[17628,21722,1741,3364,29,1054,30,1209],"class_list":["post-766745","post","type-post","status-publish","format-standard","has-post-thumbnail","category-bonn","tag-knigswinter","tag-bad-honnef","tag-bonn","tag-de","tag-deutschland","tag-deutschlandticket","tag-germany","tag-nordrhein-westfalen"],"share_on_mastodon":{"url":"https:\/\/pubeurope.com\/@de\/116002444105679682","error":""},"_links":{"self":[{"href":"https:\/\/www.europesays.com\/de\/wp-json\/wp\/v2\/posts\/766745","targetHints":{"allow":["GET"]}}],"collection":[{"href":"https:\/\/www.europesays.com\/de\/wp-json\/wp\/v2\/posts"}],"about":[{"href":"https:\/\/www.europesays.com\/de\/wp-json\/wp\/v2\/types\/post"}],"author":[{"embeddable":true,"href":"https:\/\/www.europesays.com\/de\/wp-json\/wp\/v2\/users\/2"}],"replies":[{"embeddable":true,"href":"https:\/\/www.europesays.com\/de\/wp-json\/wp\/v2\/comments?post=766745"}],"version-history":[{"count":0,"href":"https:\/\/www.europesays.com\/de\/wp-json\/wp\/v2\/posts\/766745\/revisions"}],"wp:featuredmedia":[{"embeddable":true,"href":"https:\/\/www.europesays.com\/de\/wp-json\/wp\/v2\/media\/766746"}],"wp:attachment":[{"href":"https:\/\/www.europesays.com\/de\/wp-json\/wp\/v2\/media?parent=766745"}],"wp:term":[{"taxonomy":"category","embeddable":true,"href":"https:\/\/www.europesays.com\/de\/wp-json\/wp\/v2\/categories?post=766745"},{"taxonomy":"post_tag","embeddable":true,"href":"https:\/\/www.europesays.com\/de\/wp-json\/wp\/v2\/tags?post=766745"}],"curies":[{"name":"wp","href":"https:\/\/api.w.org\/{rel}","templated":true}]}}