{"id":766789,"date":"2026-02-02T18:49:12","date_gmt":"2026-02-02T18:49:12","guid":{"rendered":"https:\/\/www.europesays.com\/de\/766789\/"},"modified":"2026-02-02T18:49:12","modified_gmt":"2026-02-02T18:49:12","slug":"apache-207-kuendigt-zwei-zusatzshows-in-der-lanxess-arena-an","status":"publish","type":"post","link":"https:\/\/www.europesays.com\/de\/766789\/","title":{"rendered":"Apache 207 k\u00fcndigt zwei Zusatzshows in der Lanxess Arena an"},"content":{"rendered":"<p>Nach f\u00fcnf ausverkauften Shows <\/p>\n<p>Apache 207 kommt zur\u00fcck nach K\u00f6ln<\/p>\n<p>02.02.2026 &#8211; 17:05 UhrLesedauer: 1 Min.<\/p>\n<p><a href=\"#focus-0\" class=\"transition-colors duration-200 block text-current relative\" data-sctrack=\"FocusGalleryImage.Reference\"><img fetchpriority=\"high\" data-testid=\"Opener.Image\" style=\"--lqipURL:url('https:\/\/images.t-online.de\/2026\/02\/74ucRN9OukYv\/1245x229:1200x675\/fit-in\/150x0\/filters:blur(25)\/rudolf-weber-arene-in-oberhausen-nur-fuer-redaktionelle-zwecke-editorial-use-only-p-ein-konzert-des-deutschen-musikers-apache-207-findet-am-donnerstag-04-12-2025-in-der-ausverkauften-rudolf-weber-arena-in-oberhausen-statt-deutschland-oberhausen-copyright-gerdxwallhorn-rudolf-weber-arene-in-oberhausen-for-editorial-purposes-only-editorial-use-only-p-a-concert-by-german-musician-apache-207-will-take-place-on-thursday-04-12-2025-at-the-sold-out-rudolf-weber-arena-in-oberhausen-germany-oberhausen.jpg')\"   loading=\"eager\" src=\"https:\/\/www.europesays.com\/de\/wp-content\/uploads\/2026\/02\/rudolf-weber-arene-in-oberhausen-nur-fuer-redaktionelle-zwecke-editorial-use-only-p-ein-konzert-des-.jpeg\" alt=\"imago842167838\" title=\"imago842167838\" width=\"1200\" height=\"675\" class=\"bg-[url:var(--lqipURL)] bg-cover bg-center flex h-full w-full max-w-full\" decoding=\"async\"\/><img style=\"--width:32;--height:32\" loading=\"lazy\" src=\"https:\/\/koeln.t-online.de\/s\/paper\/_next\/static\/media\/zoom-in.f7dae02f.svg\" alt=\"Vergr\u00f6\u00dfern des Bildes\" title=\"Vergr\u00f6\u00dfern des Bildes\" class=\"block h-[calc(var(--height)_\/_16_*_1rem)] w-[calc(var(--width)_\/_16_*_1rem)] max-w-none absolute bottom-8 right-8 rounded-4 bg-snow p-8\" decoding=\"async\"\/><\/a><\/p>\n<p>Apache 207: Der Rapper hat in K\u00f6ln f\u00fcnfmal vor ausverkaufter Halle gespielt. (Quelle: Gerd Wallhorn\/imago)<\/p>\n<p class=\"font-bold text-18 leading-17\">Nach f\u00fcnf ausverkauften Konzerten kehrt Apache 207 im Oktober zur\u00fcck in die K\u00f6lner Lanxess Arena. Der Vorverkauf beginnt am Freitag.<\/p>\n<p class=\"text-18 leading-17\">Erst vor Kurzem hatte Apache 207 die K\u00f6lner Lanxess Arena zum Beben gebracht. Im Januar spielte der Rapper f\u00fcnf Konzerte in Deutschlands gr\u00f6\u00dfter Halle und allesamt waren ausverkauft. Doch damit nicht genug, wie am Montag (2. Februar) bekannt wurde.<\/p>\n<p class=\"text-18 leading-17\">Apache 207, der mit b\u00fcrgerlichem Namen Volkan Yaman hei\u00dft, k\u00fcndigte zwei Zusatzshows in K\u00f6ln an. Am 5. und 6. Oktober wird der Rapper dann also erneut in der Lanxess Arena zu Gast sein. Der Vorverkauf f\u00fcr die beiden Konzerte beginnt am Freitag, 6. Februar, um 15 Uhr, unter anderem \u00fcber die Plattform Eventim.<\/p>\n<p class=\"text-18 leading-17\">Apache 207 schaffte seinen Durchbruch im Jahr 2019 mit dem Song &#8222;Kein Problem&#8220;. Im selben Jahr erschien seine Single &#8222;Roller&#8220;, die zum meistverkauften deutschen Rapsong wurde.<\/p>\n","protected":false},"excerpt":{"rendered":"Nach f\u00fcnf ausverkauften Shows Apache 207 kommt zur\u00fcck nach K\u00f6ln 02.02.2026 &#8211; 17:05 UhrLesedauer: 1 Min. Apache 207:&hellip;\n","protected":false},"author":2,"featured_media":766790,"comment_status":"","ping_status":"","sticky":false,"template":"","format":"standard","meta":{"footnotes":"","_share_on_mastodon":"0"},"categories":[1828],"tags":[49008,29,30,1420,26322,1209,5435],"class_list":["post-766789","post","type-post","status-publish","format-standard","has-post-thumbnail","category-koeln","tag-apache-207","tag-deutschland","tag-germany","tag-koeln","tag-lanxess-arena","tag-nordrhein-westfalen","tag-vorverkauf"],"share_on_mastodon":{"url":"https:\/\/pubeurope.com\/@de\/116002538502478911","error":""},"_links":{"self":[{"href":"https:\/\/www.europesays.com\/de\/wp-json\/wp\/v2\/posts\/766789","targetHints":{"allow":["GET"]}}],"collection":[{"href":"https:\/\/www.europesays.com\/de\/wp-json\/wp\/v2\/posts"}],"about":[{"href":"https:\/\/www.europesays.com\/de\/wp-json\/wp\/v2\/types\/post"}],"author":[{"embeddable":true,"href":"https:\/\/www.europesays.com\/de\/wp-json\/wp\/v2\/users\/2"}],"replies":[{"embeddable":true,"href":"https:\/\/www.europesays.com\/de\/wp-json\/wp\/v2\/comments?post=766789"}],"version-history":[{"count":0,"href":"https:\/\/www.europesays.com\/de\/wp-json\/wp\/v2\/posts\/766789\/revisions"}],"wp:featuredmedia":[{"embeddable":true,"href":"https:\/\/www.europesays.com\/de\/wp-json\/wp\/v2\/media\/766790"}],"wp:attachment":[{"href":"https:\/\/www.europesays.com\/de\/wp-json\/wp\/v2\/media?parent=766789"}],"wp:term":[{"taxonomy":"category","embeddable":true,"href":"https:\/\/www.europesays.com\/de\/wp-json\/wp\/v2\/categories?post=766789"},{"taxonomy":"post_tag","embeddable":true,"href":"https:\/\/www.europesays.com\/de\/wp-json\/wp\/v2\/tags?post=766789"}],"curies":[{"name":"wp","href":"https:\/\/api.w.org\/{rel}","templated":true}]}}