{"id":766817,"date":"2026-02-02T19:04:15","date_gmt":"2026-02-02T19:04:15","guid":{"rendered":"https:\/\/www.europesays.com\/de\/766817\/"},"modified":"2026-02-02T19:04:15","modified_gmt":"2026-02-02T19:04:15","slug":"teaser-trailer-enthuellt-starttermin-der-neuen-animationsserie","status":"publish","type":"post","link":"https:\/\/www.europesays.com\/de\/766817\/","title":{"rendered":"Teaser-Trailer enth\u00fcllt Starttermin der neuen Animationsserie &#8211;"},"content":{"rendered":"<p class=\"intro-text\">Mit \u201eStranger Things: Tales From \u201985\u201c soll eine bisher unerz\u00e4hlte L\u00fccke in der Timeline von Hawkins geschlossen werden. Jetzt steht fest, wann das Animations-Spin-off auf Netflix startet, w\u00e4hrend ein neuer Teaser-Trailer ausf\u00fchrliche Einblicke in das Abenteuer gew\u00e4hrt.<br \/>&#13;\n<\/p>\n<p>Anfang des Jahres wurde das gro\u00dfe Finale von <strong><a href=\"https:\/\/www.play3.de\/tag\/stranger-things\/\" rel=\"nofollow noopener\" target=\"_blank\">\u201eStranger Things\u201c<\/a><\/strong> ver\u00f6ffentlicht und brachte Netflix\u2019 erfolgreiche Sci-Fi-Saga nach fast zehn Jahren zum Abschluss. Doch auch in Zukunft k\u00f6nnen sich Fans auf neue Abenteuer aus Hawkins freuen.<\/p>\n<p>Mit \u201eStranger Things: Tales From \u201985\u201c wurde n\u00e4mlich bereits ein Spin-off im Animationsformat angek\u00fcndigt. Und heute hat <strong><a href=\"https:\/\/www.play3.de\/tag\/netflix\/\" rel=\"nofollow noopener\" target=\"_blank\">Netflix<\/a><\/strong> nicht nur einen neuen Teaser-Trailer ver\u00f6ffentlicht, der einen ersten Vorgeschmack auf die R\u00fcckkehr nach Hawkins liefert, sondern dar\u00fcber hinaus auch den Starttermin enth\u00fcllt.\u00a0<\/p>\n<p>R\u00fcckkehr in den Winter von 1985<\/p>\n<p>Demnach wird \u201eStranger Things: Tales From \u201985\u201c ab dem 23. April 2026 exklusiv bei Netflix zu sehen sein. Zeitlich ist die Serie als \u201eLost Chapter\u201c zwischen der zweiten und dritten Staffel angesiedelt. So geht es im Winter des Jahres 1985 zur\u00fcck nach Hawkins, kurz nach dem Sieg \u00fcber den Mind Player. Doch unter dem Eis lauert bereits ein neues Unheil.<\/p>\n<p>\u201eDie Originalcharaktere m\u00fcssen gegen neue Monster k\u00e4mpfen und ein paranormales Geheimnis entschl\u00fcsseln, das ihre Stadt terrorisiert\u201c, hei\u00dft es laut der offiziellen Inhaltsangabe. Zudem betonte Showrunner Eric Robles, dass die Serie trotz des animierten Looks den ernsten Kern des Franchise sowie die Mischung aus Nostalgie und seichtem Cosmic-Horror beibeh\u00e4lt.<\/p>\n<\/p>\n<p>\u201eEs f\u00e4ngt den Nervenkitzel ein, jung zu sein, ein Kind zu sein und diese aufregenden Abenteuer zu erleben. Aber dann ist da dieser Kern aus echter Gefahr und echtem Risiko\u201c, so Robles, der auch schon mit Marvels \u201eWhat If\u2026?\u201c bei Flying Bark Productions bewiesen hat, dass er ikonische Welten in einen frischen Animationsstil \u00fcbertragen kann.<\/p>\n<p>\u201eMit Animation gibt es wirklich keine Grenzen\u201c<\/p>\n<p>Ein interessantes Detail f\u00fcr Fans: Netflix setzt f\u00fcr \u201eStranger Things: Tales From \u201985\u201c auf einen v\u00f6llig neuen Voice-Cast f\u00fcr die bekannten Charaktere. So sind auch in der deutschen Fassung des Teaser-Trailers bereits neue Stimmen zu h\u00f6ren.<\/p>\n<p>Was die Charaktere betrifft, so stehen jedoch die alten Bekannten im Mittelpunkt: Neben der Clique aus Mike, Lucas, Dustin, Will, Max und nat\u00fcrlich Elf, werden auch Fan-Lieblinge wie Jim Hopper und Steve Harrington zur\u00fcckkehren.<\/p>\n<p>Die Idee f\u00fcr das Spin-off hatten Matt und Ross Duffer, die Sch\u00f6pfer von \u201eStranger Things\u201c, \u00fcbrigens schon sehr fr\u00fch: \u201eAls wir dar\u00fcber sprachen, ob wir noch etwas anderes mit Stranger Things machen wollten, war dies eine unserer ersten Ideen\u201c, verriet Ross.<\/p>\n<p>Zudem zeigten sich die beiden Br\u00fcder, die das Projekt als ausf\u00fchrende Produzenten begleiten, begeistert \u00fcber die visuellen Freiheiten bei einer Animationsserie: \u201eMit Animation gibt es wirklich keine Grenzen. Eric und sein Team k\u00f6nnen einfach v\u00f6llig durchdrehen \u2026 und das haben sie getan.\u201c<\/p>\n<p>In Zukunft k\u00f6nnen sich Fans au\u00dferdem auch auf ein <strong><a href=\"https:\/\/www.play3.de\/2026\/01\/04\/stranger-things-neues-spin-off-bestaetigt-mysterioeses-finale-raetsel-wird-aufgeloest\/\" rel=\"nofollow noopener\" target=\"_blank\">Live-Action-Spin-off<\/a><\/strong> freuen: Wie die Duffer-Br\u00fcder bereits verraten haben, arbeiten sie an einer neuen Serie, die unter anderem das Mysterium um den Aktenkoffer aus dem Finale von \u201eStranger Things\u201c l\u00f6sen soll. <\/p>\n<p>Doch w\u00e4hrend \u201eStranger Things: Tales From \u201985\u201c auf vertraute Orte und Charaktere setzt, soll dieser Ableger einen kompletten Neuanfang in einer v\u00f6llig neuen Welt darstellen.<\/p>\n<p><img fetchpriority=\"high\" decoding=\"async\" width=\"1200\" height=\"1778\" data-wp-class--hide=\"state.isContentHidden\" data-wp-class--show=\"state.isContentVisible\" data-wp-init=\"callbacks.setButtonStyles\" data-wp-on-async--click=\"actions.showLightbox\" data-wp-on-async--load=\"callbacks.setButtonStyles\" data-wp-on-async-window--resize=\"callbacks.setButtonStyles\" src=\"data:image\/svg+xml,%3Csvg%20xmlns=\" http:=\"\" alt=\"\" class=\"wp-image-803402\" data-lazy- data-lazy- data-lazy-src=\"https:\/\/www.europesays.com\/de\/wp-content\/uploads\/2026\/02\/Stranger-Things-Tales-From-85-Poster.jpg\"\/><\/p>\n<p><img decoding=\"async\" class=\"wp-worthy-pixel-img skip-lazy \" src=\"https:\/\/www.europesays.com\/de\/wp-content\/uploads\/2026\/02\/6fd8e41358e1405bb46ec826bf624a30.gif\" loading=\"eager\" data-no-lazy=\"1\" data-skip-lazy=\"1\" alt=\"\"\/>                                <\/p>\n<p>                    <a href=\"https:\/\/www.play3.de\" class=\"home\" rel=\"nofollow noopener\" target=\"_blank\">Startseite<\/a><br \/>\n                    <a href=\"https:\/\/www.play3.de\/forum\/\" class=\"forum\" rel=\"nofollow noopener\" target=\"_blank\">Im Forum diskutieren<\/a><\/p>\n<p> Bei Links zu Amazon, Media Markt, Saturn und einigen anderen H\u00e4ndlern handelt es sich in der Regel um Affiliate-Links. Bei einem Einkauf erhalten wir eine kleine Provision, mit der wir die kostenlos nutzbare Seite finanzieren k\u00f6nnen. Ihr habt dabei keine Nachteile.<\/p>\n","protected":false},"excerpt":{"rendered":"Mit \u201eStranger Things: Tales From \u201985\u201c soll eine bisher unerz\u00e4hlte L\u00fccke in der Timeline von Hawkins geschlossen werden.&hellip;\n","protected":false},"author":2,"featured_media":766818,"comment_status":"","ping_status":"","sticky":false,"template":"","format":"standard","meta":{"footnotes":"","_share_on_mastodon":"0"},"categories":[1773],"tags":[29,214,30,471,1780,81441,215],"class_list":["post-766817","post","type-post","status-publish","format-standard","has-post-thumbnail","category-serien","tag-deutschland","tag-entertainment","tag-germany","tag-serien","tag-series","tag-stranger-things","tag-unterhaltung"],"share_on_mastodon":{"url":"https:\/\/pubeurope.com\/@de\/116002597495452590","error":""},"_links":{"self":[{"href":"https:\/\/www.europesays.com\/de\/wp-json\/wp\/v2\/posts\/766817","targetHints":{"allow":["GET"]}}],"collection":[{"href":"https:\/\/www.europesays.com\/de\/wp-json\/wp\/v2\/posts"}],"about":[{"href":"https:\/\/www.europesays.com\/de\/wp-json\/wp\/v2\/types\/post"}],"author":[{"embeddable":true,"href":"https:\/\/www.europesays.com\/de\/wp-json\/wp\/v2\/users\/2"}],"replies":[{"embeddable":true,"href":"https:\/\/www.europesays.com\/de\/wp-json\/wp\/v2\/comments?post=766817"}],"version-history":[{"count":0,"href":"https:\/\/www.europesays.com\/de\/wp-json\/wp\/v2\/posts\/766817\/revisions"}],"wp:featuredmedia":[{"embeddable":true,"href":"https:\/\/www.europesays.com\/de\/wp-json\/wp\/v2\/media\/766818"}],"wp:attachment":[{"href":"https:\/\/www.europesays.com\/de\/wp-json\/wp\/v2\/media?parent=766817"}],"wp:term":[{"taxonomy":"category","embeddable":true,"href":"https:\/\/www.europesays.com\/de\/wp-json\/wp\/v2\/categories?post=766817"},{"taxonomy":"post_tag","embeddable":true,"href":"https:\/\/www.europesays.com\/de\/wp-json\/wp\/v2\/tags?post=766817"}],"curies":[{"name":"wp","href":"https:\/\/api.w.org\/{rel}","templated":true}]}}