{"id":766970,"date":"2026-02-02T20:28:11","date_gmt":"2026-02-02T20:28:11","guid":{"rendered":"https:\/\/www.europesays.com\/de\/766970\/"},"modified":"2026-02-02T20:28:11","modified_gmt":"2026-02-02T20:28:11","slug":"vfl-wolfsburg-holt-adjetey-vom-fc-basel-groesstes-transferminus-der-liga","status":"publish","type":"post","link":"https:\/\/www.europesays.com\/de\/766970\/","title":{"rendered":"VfL Wolfsburg holt Adjetey vom FC Basel \u2013 Gr\u00f6\u00dftes Transferminus der Liga"},"content":{"rendered":"<p><b>Zitat von <a href=\"https:\/\/www.transfermarkt.de\/rebe92\/index\/profil\/1726332\" rel=\"nofollow noopener\" target=\"_blank\">Rebe92<\/a><\/b> <br \/>\n<b>Zitat von <a href=\"https:\/\/www.transfermarkt.de\/varum\/index\/profil\/1681548\" rel=\"nofollow noopener\" target=\"_blank\">VARum<\/a><\/b> <b>Zitat von <a href=\"https:\/\/www.transfermarkt.de\/inspgadget\/index\/profil\/685315\" rel=\"nofollow noopener\" target=\"_blank\">InspGadget<\/a><\/b> <\/p>\n<p>Jeder normale Club w\u00e4re mit so einer Transferpolitik schon lange pleite gegangen. In der Liga l\u00e4uft es schlecht? Kein Problem, werden im Winter noch mal 25 Millionen verbraten um die Saison noch irgendwie zu retten. <br \/>In der Saison 21\/22 hat man das letzte mal europ\u00e4isch gespielt. In der Saison hat man dann 60 Millionen Transferminus gemacht. Seit der Saison dann nochmal 55 Millionen minus ohne den heutigen Transfer. <br \/>Der einzige Club, der in der Zeit ein gr\u00f6\u00dferes Minus hat ist der FC Bayern M\u00fcnchen, die in der Zeit auch zweimal Meister geworden sind und jedes mal Champions League gespielt hat. Insgesamt haben nur vier Vereine seit 21 mehr ausgegeben, und die anderen f\u00fcnf sind Dauerg\u00e4ste in der Champions League und nehmen auf dem Transfermarkt noch ordentlich was ein. <br \/>Das ist einfach Wettbewerbsverzerrung, sorry.<\/p>\n<p>Die haben da so ein gr\u00f6\u00dferes Unternehmen in der Stadt, das regelt das schon \ud83d\ude09\ud83e\udd2b<\/p>\n<p>Die Frage ist, wie lange noch. Es wundert mich schon, dass VW in Zeiten von Kosteneinsparungen und Effizienzgewinnung immer noch, die Unterst\u00fctzung in derartiger H\u00f6he vornimmt und nicht den Rotstift ansetzt. Denn der Vfl ist doch seit geraumer Zeit, mit den Ambitionen, weder sportlich erfolgreich noch innerhalb Deutschlands bzw. der Region besonders beliebt. Zumindest haben die Anh\u00e4nger wohl etwas besseres zu tun, als die Heimspiele ihres Vfl sich anzuschauen.<\/p>\n<p>Der VfL Wolfsburg ist trotz schlechter Platzierungen &amp; Ergebnisse immer noch ein Aush\u00e4ngeschild vom Autobauer. <br \/>Welche anderen gro\u00dfen Unternehmen k\u00f6nnen von sich behaupten eine relativ kleine Stadt &#8211; von der Einwohnerzahl liegt Wolfsburg nicht in den Top 50 deutschlands &#8211; in die erste Liga ihres Landes gebracht zu haben, in einer Top 5 Liga? <br \/>Au\u00dferdem sind sie Eigent\u00fcmer und nicht nur Sponsor, d.h. ihnen ist noch mehr am Erfolg gelegen und sie werden die Investitionen jetzt nicht einfach einstellen, wenn dann die Gefahr droht, dass der Verein absteigt. <\/p>\n<p>Traurig ist einfach nur, dass sie mit den finanziellen M\u00f6glichkeiten so erfolglos sind. <br \/>Sie spielen seit 1997 in der Bundesliga, also seit fast 30 Jahren und haben &#8222;nur&#8220; exakt einmal die deutsche Meisterschaft und den deutschen Pokal geholt. <\/p>\n<p>Wo k\u00f6nnten sie stehen, wenn sie das Geld sinnvoll investiert h\u00e4tten?<\/p>\n","protected":false},"excerpt":{"rendered":"Zitat von Rebe92 Zitat von VARum Zitat von InspGadget Jeder normale Club w\u00e4re mit so einer Transferpolitik schon&hellip;\n","protected":false},"author":2,"featured_media":766971,"comment_status":"","ping_status":"","sticky":false,"template":"","format":"standard","meta":{"footnotes":"","_share_on_mastodon":"0"},"categories":[136],"tags":[299,29,94772,30,174323,265,64942,931],"class_list":["post-766970","post","type-post","status-publish","format-standard","has-post-thumbnail","category-sport","tag-bundesliga","tag-deutschland","tag-fc-basel-1893","tag-germany","tag-jonas-adjetey","tag-sport","tag-super-league","tag-vfl-wolfsburg"],"share_on_mastodon":{"url":"https:\/\/pubeurope.com\/@de\/116002927701519890","error":""},"_links":{"self":[{"href":"https:\/\/www.europesays.com\/de\/wp-json\/wp\/v2\/posts\/766970","targetHints":{"allow":["GET"]}}],"collection":[{"href":"https:\/\/www.europesays.com\/de\/wp-json\/wp\/v2\/posts"}],"about":[{"href":"https:\/\/www.europesays.com\/de\/wp-json\/wp\/v2\/types\/post"}],"author":[{"embeddable":true,"href":"https:\/\/www.europesays.com\/de\/wp-json\/wp\/v2\/users\/2"}],"replies":[{"embeddable":true,"href":"https:\/\/www.europesays.com\/de\/wp-json\/wp\/v2\/comments?post=766970"}],"version-history":[{"count":0,"href":"https:\/\/www.europesays.com\/de\/wp-json\/wp\/v2\/posts\/766970\/revisions"}],"wp:featuredmedia":[{"embeddable":true,"href":"https:\/\/www.europesays.com\/de\/wp-json\/wp\/v2\/media\/766971"}],"wp:attachment":[{"href":"https:\/\/www.europesays.com\/de\/wp-json\/wp\/v2\/media?parent=766970"}],"wp:term":[{"taxonomy":"category","embeddable":true,"href":"https:\/\/www.europesays.com\/de\/wp-json\/wp\/v2\/categories?post=766970"},{"taxonomy":"post_tag","embeddable":true,"href":"https:\/\/www.europesays.com\/de\/wp-json\/wp\/v2\/tags?post=766970"}],"curies":[{"name":"wp","href":"https:\/\/api.w.org\/{rel}","templated":true}]}}