{"id":767001,"date":"2026-02-02T20:45:08","date_gmt":"2026-02-02T20:45:08","guid":{"rendered":"https:\/\/www.europesays.com\/de\/767001\/"},"modified":"2026-02-02T20:45:08","modified_gmt":"2026-02-02T20:45:08","slug":"liebenswerter-klamauk-abba-gold-dancing-queen-am-hotdog-stand-im-kammertheater-karlsruhe","status":"publish","type":"post","link":"https:\/\/www.europesays.com\/de\/767001\/","title":{"rendered":"Liebenswerter Klamauk: \u201eABBA Gold \u2013 Dancing Queen am Hotdog-Stand\u201c im Kammertheater &#8211; Karlsruhe"},"content":{"rendered":"<p class=\"rhp-dpa-teaser\"><b>Das Kammertheater Karlsruhe lockt bei der Produktion  \u201eABBA Gold \u2013 Dancing Queen am Hotdog-Stand\u201c mit ABBA-Hits und guter Laune.<\/b><\/p>\n<p>Goldfunkelndes Geglitzer \u00fcberall, im Verkaufsraum, den Kost\u00fcmen und sogar auf dem Haar von Inka. Sie leitet die IKEA-Luxus-Filiale und hofft, IKEA-Europe-Chefin zu werden. Leider gibt es ein paar Hindernisse. Aber das ist nur der \u00e4u\u00dfere Rahmen des neuen St\u00fcckes des Kammertheaters<\/p>\n<p class=\"rhp-teaser\"><b>Das Kammertheater Karlsruhe lockt bei der Produktion  \u201eABBA Gold \u2013 Dancing Queen am Hotdog-Stand\u201c mit ABBA-Hits und guter Laune.<\/b><\/p>\n","protected":false},"excerpt":{"rendered":"Das Kammertheater Karlsruhe lockt bei der Produktion \u201eABBA Gold \u2013 Dancing Queen am Hotdog-Stand\u201c mit ABBA-Hits und guter&hellip;\n","protected":false},"author":2,"featured_media":767002,"comment_status":"","ping_status":"","sticky":false,"template":"","format":"standard","meta":{"footnotes":"","_share_on_mastodon":"0"},"categories":[1844],"tags":[6459,1634,3364,29,30,9564,21861,8903,51079,4060,174329,174330,130952],"class_list":["post-767001","post","type-post","status-publish","format-standard","has-post-thumbnail","category-karlsruhe","tag-abba","tag-baden-wuerttemberg","tag-de","tag-deutschland","tag-germany","tag-ikea","tag-kammertheater","tag-karlsruhe","tag-klamauk","tag-lokal","tag-sina-schulz","tag-william-baugh","tag-william-danne"],"share_on_mastodon":{"url":"https:\/\/pubeurope.com\/@de\/116002994529465495","error":""},"_links":{"self":[{"href":"https:\/\/www.europesays.com\/de\/wp-json\/wp\/v2\/posts\/767001","targetHints":{"allow":["GET"]}}],"collection":[{"href":"https:\/\/www.europesays.com\/de\/wp-json\/wp\/v2\/posts"}],"about":[{"href":"https:\/\/www.europesays.com\/de\/wp-json\/wp\/v2\/types\/post"}],"author":[{"embeddable":true,"href":"https:\/\/www.europesays.com\/de\/wp-json\/wp\/v2\/users\/2"}],"replies":[{"embeddable":true,"href":"https:\/\/www.europesays.com\/de\/wp-json\/wp\/v2\/comments?post=767001"}],"version-history":[{"count":0,"href":"https:\/\/www.europesays.com\/de\/wp-json\/wp\/v2\/posts\/767001\/revisions"}],"wp:featuredmedia":[{"embeddable":true,"href":"https:\/\/www.europesays.com\/de\/wp-json\/wp\/v2\/media\/767002"}],"wp:attachment":[{"href":"https:\/\/www.europesays.com\/de\/wp-json\/wp\/v2\/media?parent=767001"}],"wp:term":[{"taxonomy":"category","embeddable":true,"href":"https:\/\/www.europesays.com\/de\/wp-json\/wp\/v2\/categories?post=767001"},{"taxonomy":"post_tag","embeddable":true,"href":"https:\/\/www.europesays.com\/de\/wp-json\/wp\/v2\/tags?post=767001"}],"curies":[{"name":"wp","href":"https:\/\/api.w.org\/{rel}","templated":true}]}}