{"id":767011,"date":"2026-02-02T20:50:34","date_gmt":"2026-02-02T20:50:34","guid":{"rendered":"https:\/\/www.europesays.com\/de\/767011\/"},"modified":"2026-02-02T20:50:34","modified_gmt":"2026-02-02T20:50:34","slug":"neubesetzung-in-der-hno-klinik-univ-prof-dr-claudia-scherl-ist-neue-direktorin-der","status":"publish","type":"post","link":"https:\/\/www.europesays.com\/de\/767011\/","title":{"rendered":"Neubesetzung in der HNO-Klinik: Univ.-Prof. Dr. Claudia Scherl ist neue Direktorin der &#8230;"},"content":{"rendered":"<p class=\"date\">02.02.2026 \u2013 15:45<\/p>\n<p class=\"customer\">\n                        <a class=\"story-customer\" title=\"weiter zum newsroom von Klinikum Bielefeld gem. GmbH\" href=\"https:\/\/www.presseportal.de\/nr\/81981\" rel=\"nofollow noopener\" target=\"_blank\">Klinikum Bielefeld gem. GmbH<\/a>\n                    <\/p>\n<p><a class=\"glightbox event-trigger\" href=\"https:\/\/cache.pressmailing.net\/thumbnail\/story_hires\/00d795b3-a282-4f5a-a281-690724b70280\/260202_KliB_Becker_Scherl_Henkemeier.jpg.jpg\" data-description=\"Der Kanzler der Universit\u00e4t Bielefeld Dr. Stephan Becker (l.) \u00fcbergibt Univ.-Prof. Dr. Claudia Scherl (Mitte) ihre Ernennungsurkunde im Beisein von Bernd Henkemeier, kaufm\u00e4nnischer Direktor des Klinikum Bielefeld (r.). \/ Weiterer Text \u00fcber ots und www.presseportal.de\/nr\/81981 \/ Die Verwendung dieses Bildes f\u00fcr redaktionelle Zwecke ist unter Beachtung aller mitgeteilten Nutzungsbedingungen zul\u00e4ssig und dann auch honorarfrei. Ver\u00f6ffentlichung ausschlie\u00dflich mit Bildrechte-Hinweis.\" data-category=\"medialightbox\" data-action=\"click\" data-label=\"single\" data-value=\"6980b57d270000fd2c9a6337\" rel=\"nofollow noopener\" target=\"_blank\"><img decoding=\"async\" height=\"540\" with=\"720\" src=\"https:\/\/www.europesays.com\/de\/wp-content\/uploads\/2026\/02\/neubesetzung-in-der-hno-klinik-univ-prof-dr-claudia-scherl-ist-neue-direktorin-der-klinik-f-r-hals-n.jpeg\"   alt=\"Neubesetzung in der HNO-Klinik: Univ.-Prof. Dr. Claudia Scherl ist neue Direktorin der Klinik f\u00fcr Hals-Nasen-Ohrenheilkunde am Universit\u00e4tsklinikum OWL Campus Klinikum Bielefeld\" class=\"single\"\/><\/a><\/p>\n<p><a data-category=\"citylink-story-view\" data-action=\"click\" data-label=\"Citylink in Meldungsansicht\" class=\"story-city event-trigger\" href=\"https:\/\/www.presseportal.de\/regional\/Bielefeld\" title=\"News aus Bielefeld \" rel=\"nofollow noopener\" target=\"_blank\">Bielefeld<\/a> (ots)<\/p>\n<p><b>Das Klinikum Bielefeld begr\u00fc\u00dft zum 02. Februar 2026 Univ.-Prof. Dr. med. Claudia Scherl als neue Chef\u00e4rztin der Universit\u00e4tsklinik f\u00fcr Hals-Nasen-Ohrenheilkunde, Kopf- und Halschirurgie. Sie tritt ebenfalls die Professur f\u00fcr Hals-Nasen-Ohrenheilkunde (HNO) an der Medizinischen Fakult\u00e4t am Universit\u00e4tsklinikum OWL an.<\/b><\/p>\n<p> Univ.-Prof. Dr. med. Claudia Scherl (48) ist eine ausgewiesene Expertin f\u00fcr Hals-Nasen-Ohrenheilkunde sowie Kopf- und Halschirurgie (\u00fcber 12.000 Operationen) mit umfassender klinischer und wissenschaftlicher Erfahrung. Mit dieser Personalentscheidung baut das Klinikum Bielefeld seine strategische Ausrichtung auf eine exzellente, forschungsnahe Patientenversorgung aus &#8211; insbesondere in der Kopf-Hals-Onkologie, Otologie und der hochspezialisierten Tumor- und Sch\u00e4delbasischirurgie. Dar\u00fcber hinaus wird das \u00fcberregionale Cochlear-Implantat-Zentrum in der Zukunft gest\u00e4rkt und weiter ausgebaut. <\/p>\n<p><b>St\u00e4rkung der HNO-Medizin in OWL<\/b><\/p>\n<p> Mit der Berufung von Prof. Dr. Claudia Scherl gewinnt der Standort Ostwestfalen-Lippe sowie das UK OWL eine profilpr\u00e4gende Pers\u00f6nlichkeit der deutschen HNO-Medizin. Ihre Expertise in der onkologischen Chirurgie, ihre fachliche Vernetzung und ihre Innovationskraft in Forschung und Lehre werden die Weiterentwicklung der HNO-Klinik am Klinikum Bielefeld sowie der Medizinischen Fakult\u00e4t OWL nachhaltig pr\u00e4gen. &#8222;Es erfreut uns besonders, mit Frau Prof. Scherl eine herausragende Expertin f\u00fcr unsere Klinik gewonnen zu haben. Ihre wissenschaftliche Exzellenz und klinische Erfahrung werden die Behandlungsm\u00f6glichkeiten f\u00fcr unsere Patientinnen und Patienten nachhaltig erweitern&#8220;, so Michael Ackermann, Gesch\u00e4ftsf\u00fchrer des Klinikums Bielefeld. &#8222;Die Universit\u00e4tsklinik f\u00fcr Hals-Nasen-Ohrenheilkunde, Kopf- und Halschirurgie gewinnt eine exzellente und hochqualifizierte Chef\u00e4rztin. Wir danken besonders Dr. med. Lars-Uwe Scholtz f\u00fcr seine hervorragende Arbeit als kommissarische Leitung der Klinik in den letzten zwei Jahren.&#8220; <\/p>\n<p><b>Forschungsschwerpunkte: Onkologische Pr\u00e4zision und digitale Innovation<\/b><\/p>\n<p> Prof. Scherls Forschung konzentriert sich auf die Kopf-Hals-Onkologie mit einem besonderen Fokus auf Prognosefaktoren, Immuntherapie und adjuvante Therapiekonzepte. In ihrer Rolle als Leiterin mehrerer Forschungsgruppen hat sie die Weiterentwicklung innovativer Behandlungsstrategien entscheidend mitgepr\u00e4gt. <\/p>\n<p> Ein Alleinstellungsmerkmal ihrer Arbeit ist die Verbindung von HNO-Chirurgie mit digitalen Zukunftstechnologien. Prof. Scherl leitet Forschungsprojekte zu intraoperativer Bildgebung, k\u00fcnstlicher Intelligenz und Augmented Reality. Ziel ist es, die operative Pr\u00e4zision weiter zu verbessern und damit die medizinische Ergebnisqualit\u00e4t nachhaltig zu erh\u00f6hen. Sie leitet seit Jahren drittmittelgef\u00f6rderte Forschungsprojekte und arbeitete in Forschungsclustern, wie dem AI-Health Innovation Cluster der Heidelberg-Mannheim Health and Life Science Alliance. <\/p>\n<p><b>F\u00fchrungsst\u00e4rke, universit\u00e4re Lehre und klinischer Gestaltungswille<\/b><\/p>\n<p> Neben ihrer wissenschaftlichen Exzellenz verf\u00fcgt Prof. Scherl \u00fcber umfangreiche Erfahrung in der klinischen Leitung und Organisation universit\u00e4tsmedizinischer Strukturen. Sie verantwortete unter anderem den OP-Bereich, onkologische Tumorzentren, interdisziplin\u00e4re Boards sowie die strategische Weiterentwicklung von Hochschulambulanzen und Spezialzentren, wie dem H\u00f6rzentrum. <\/p>\n<p> In der Lehre setzt sie auf moderne, kompetenzorientierte Ausbildungskonzepte und innovative Simulations- und Digitall\u00f6sungen. &#8222;Die F\u00f6rderung des wissenschaftlichen Nachwuchses, strukturierte Facharztweiterbildung und interdisziplin\u00e4re Zusammenarbeit bilden zentrale S\u00e4ulen meines akademischen Selbstverst\u00e4ndnisses&#8220;, so Prof. Scherl. &#8222;Meine Vision f\u00fcr die HNO-Klinik in Bielefeld ist eine international sichtbare Forschung in enger Verzahnung mit klinischer Praxis sowie eine universit\u00e4re Spitzenversorgung f\u00fcr unsere Patientinnen und Patienten.&#8220; <\/p>\n<p><b>Zur Person<\/b><\/p>\n<p> Prof. Dr. Claudia Scherl ist eine international renommierte HNO-\u00c4rztin mit umfassender Erfahrung in Forschung und klinischer T\u00e4tigkeit, insbesondere in der Onkologie sowie der Sch\u00e4delbasis- und Ohrchirurgie. Sie erlangte ihre Facharztausbildung f\u00fcr Hals-Nasen-Ohrenheilkunde am Universit\u00e4tsklinikum Erlangen, nachdem sie an den Universit\u00e4ten Berlin, Erlangen und Pretoria (S\u00fcdafrika) Medizin studierte. Internationale klinische und wissenschaftliche Erfahrung sammelte sie unter anderem als Clinical and Research Fellow im Bereich Head and Neck Oncology an der Medical University of South Carolina (USA). Sie war als Ober\u00e4rztin an den HNO-Universit\u00e4ten Erlangen und Mannheim t\u00e4tig, an letztgenannter Stelle als leitende Ober\u00e4rztin und stellvertretende Klinikdirektorin. 2023 verlieh ihr die Universit\u00e4t Heidelberg eine au\u00dferplanm\u00e4\u00dfige Professur. Professorin Scherl ist verheiratet und hat eine Tochter. <\/p>\n<p class=\"contact-headline\">Pressekontakt:<\/p>\n<p class=\"contact-text\">Nadja J\u00fcstel<br \/>Leiterin Unternehmenskommunikation<br \/>Klinikum Bielefeld<br \/>Unternehmenskommunikation<br \/>Teutoburger Stra\u00dfe 50, 33604 Bielefeld<br \/>E-Mail: <a href=\"https:\/\/www.presseportal.de\/pm\/81981\/mailto: nadja.juestel@klinikumbielefeld.de\" class=\"uri-mailto\" rel=\"nofollow noopener\" target=\"_blank\"> nadja.juestel@klinikumbielefeld.de<\/a><br \/>Telefon: +49 05 21. 5 81 &#8211; 20 83<br \/>Mobil: +49 01 72. 2 69 7429<br \/>Internet: <a target=\"_blank\" class=\"uri-ext outbound\" rel=\"noopener nofollow\" href=\"https:\/\/www.klinikumbielefeld.de\">www.klinikumbielefeld.de<\/a><\/p>\n<p class=\"originator\">Original-Content von: Klinikum Bielefeld gem. GmbH, \u00fcbermittelt durch news aktuell<\/p>\n","protected":false},"excerpt":{"rendered":"02.02.2026 \u2013 15:45 Klinikum Bielefeld gem. GmbH Bielefeld (ots) Das Klinikum Bielefeld begr\u00fc\u00dft zum 02. Februar 2026 Univ.-Prof.&hellip;\n","protected":false},"author":2,"featured_media":767012,"comment_status":"","ping_status":"","sticky":false,"template":"","format":"standard","meta":{"footnotes":"","_share_on_mastodon":"0"},"categories":[1841],"tags":[19041,1605,3477,174331,3364,29,30,3263,837,1209,13564,178,180,179,181],"class_list":["post-767011","post","type-post","status-publish","format-standard","has-post-thumbnail","category-bielefeld","tag-rzte","tag-bielefeld","tag-bild","tag-claudia-scherl","tag-de","tag-deutschland","tag-germany","tag-krankenhaus","tag-medizin","tag-nordrhein-westfalen","tag-personalie","tag-presse","tag-pressemeldung","tag-pressemitteilung","tag-pressemitteilungen"],"share_on_mastodon":{"url":"https:\/\/pubeurope.com\/@de\/116003014259490262","error":""},"_links":{"self":[{"href":"https:\/\/www.europesays.com\/de\/wp-json\/wp\/v2\/posts\/767011","targetHints":{"allow":["GET"]}}],"collection":[{"href":"https:\/\/www.europesays.com\/de\/wp-json\/wp\/v2\/posts"}],"about":[{"href":"https:\/\/www.europesays.com\/de\/wp-json\/wp\/v2\/types\/post"}],"author":[{"embeddable":true,"href":"https:\/\/www.europesays.com\/de\/wp-json\/wp\/v2\/users\/2"}],"replies":[{"embeddable":true,"href":"https:\/\/www.europesays.com\/de\/wp-json\/wp\/v2\/comments?post=767011"}],"version-history":[{"count":0,"href":"https:\/\/www.europesays.com\/de\/wp-json\/wp\/v2\/posts\/767011\/revisions"}],"wp:featuredmedia":[{"embeddable":true,"href":"https:\/\/www.europesays.com\/de\/wp-json\/wp\/v2\/media\/767012"}],"wp:attachment":[{"href":"https:\/\/www.europesays.com\/de\/wp-json\/wp\/v2\/media?parent=767011"}],"wp:term":[{"taxonomy":"category","embeddable":true,"href":"https:\/\/www.europesays.com\/de\/wp-json\/wp\/v2\/categories?post=767011"},{"taxonomy":"post_tag","embeddable":true,"href":"https:\/\/www.europesays.com\/de\/wp-json\/wp\/v2\/tags?post=767011"}],"curies":[{"name":"wp","href":"https:\/\/api.w.org\/{rel}","templated":true}]}}