{"id":767024,"date":"2026-02-02T20:57:12","date_gmt":"2026-02-02T20:57:12","guid":{"rendered":"https:\/\/www.europesays.com\/de\/767024\/"},"modified":"2026-02-02T20:57:12","modified_gmt":"2026-02-02T20:57:12","slug":"trump-regierung-wegen-aussetzung-der-bearbeitung-von-einwanderungsvisa-verklagt","status":"publish","type":"post","link":"https:\/\/www.europesays.com\/de\/767024\/","title":{"rendered":"Trump-Regierung wegen Aussetzung der Bearbeitung von Einwanderungsvisa verklagt"},"content":{"rendered":"<p>                    Eine Gruppe von B\u00fcrgerrechtsorganisationen hat am Montag das US-Au\u00dfenministerium wegen seiner j\u00fcngsten Aussetzung der Bearbeitung von Einwanderungsvisa f\u00fcr Staatsangeh\u00f6rige aus 75 L\u00e4ndern verklagt. Sie argumentieren, dass die Politik &#8222;jahrzehntelang gefestigtes Einwanderungsrecht ausgeh\u00f6hlt&#8220; habe.<\/p>\n<p>Die in einem Bundesgericht in Manhattan eingereichte Klage fordert einen richterlichen Beschluss zur Blockierung der Richtlinie, die am 21. Januar in Kraft getreten ist.<\/p>\n<p>In der Klageschrift wird behauptet, dass die Politik des Au\u00dfenministeriums &#8222;auf einer unbegr\u00fcndeten und nachweislich falschen Behauptung basiert, dass Staatsangeh\u00f6rige der betroffenen L\u00e4nder in die Vereinigten Staaten einwandern, um unrechtm\u00e4\u00dfig auf Sozialleistungen zur\u00fcckzugreifen, und wahrscheinlich zu &#8218;\u00f6ffentlichen Lasten&#8216; werden.&#8220;<\/p>\n<p>Das Au\u00dfenministerium reagierte zun\u00e4chst nicht auf eine Bitte um Stellungnahme.<\/p>\n<p>Die Klage wurde vom National Immigration Law Center und weiteren Gruppen im Namen einer breiten Gruppe von Kl\u00e4gern eingereicht, darunter US-B\u00fcrger, die angeben, aufgrund der Richtlinie von Familienmitgliedern getrennt worden zu sein.<\/p>\n<p>Ein weiterer Kl\u00e4ger ist ein Endokrinologe aus Kolumbien, der zwar ein arbeitsplatzbasiertes Visum genehmigt bekam, dieses jedoch nicht erhalten kann, da Kolumbien zu den von der Richtlinie betroffenen L\u00e4ndern geh\u00f6rt.<\/p>\n<p>Die Aussetzung betrifft Antragsteller aus lateinamerikanischen L\u00e4ndern wie Brasilien, Kolumbien und Uruguay, Balkanstaaten wie Bosnien und Albanien, s\u00fcdasische L\u00e4nder wie Pakistan und Bangladesch sowie viele Nationen in Afrika, dem Nahen Osten und der Karibik.\u00a0\u00a0<\/p>\n<p>Die Richtlinie des Au\u00dfenministeriums betrifft keine US-Besuchervisa, die angesichts der Tatsache, dass die Vereinigten Staaten die Fu\u00dfball-Weltmeisterschaft 2026 und die Olympischen Spiele 2028 austragen, im Fokus stehen.<\/p>\n<p>Ein vom Au\u00dfenministerium versandtes und von Reuters eingesehenes internes Schreiben erkl\u00e4rt, das Ministerium unterziehe alle Richtlinien, Vorschriften und Leitlinien einer &#8222;umfassenden \u00dcberpr\u00fcfung&#8220;, um das &#8222;h\u00f6chste Ma\u00df an Pr\u00fcfung und \u00dcberpr\u00fcfung&#8220; f\u00fcr alle US-Visumantragsteller zu gew\u00e4hrleisten.<\/p>\n<p>In dem an US-Vertretungen gesendeten Schreiben hei\u00dft es, Antragsteller aus den 75 betroffenen L\u00e4ndern &#8222;haben ein hohes Risiko, eine \u00f6ffentliche Last zu werden und auf lokale, bundesstaatliche und bundesweite Ressourcen der Vereinigten Staaten zur\u00fcckzugreifen.&#8220;<\/p>\n","protected":false},"excerpt":{"rendered":"Eine Gruppe von B\u00fcrgerrechtsorganisationen hat am Montag das US-Au\u00dfenministerium wegen seiner j\u00fcngsten Aussetzung der Bearbeitung von Einwanderungsvisa f\u00fcr&hellip;\n","protected":false},"author":2,"featured_media":718647,"comment_status":"","ping_status":"","sticky":false,"template":"","format":"standard","meta":{"footnotes":"","_share_on_mastodon":"0"},"categories":[3977],"tags":[331,332,665,13,14,15,12,4017,4018,4016,64,4019,4020],"class_list":["post-767024","post","type-post","status-publish","format-standard","has-post-thumbnail","category-usa","tag-aktuelle-nachrichten","tag-aktuelle-news","tag-boerse","tag-headlines","tag-nachrichten","tag-news","tag-schlagzeilen","tag-united-states","tag-united-states-of-america","tag-us","tag-usa","tag-vereinigte-staaten","tag-vereinigte-staaten-von-amerika"],"share_on_mastodon":{"url":"https:\/\/pubeurope.com\/@de\/116003041725731555","error":""},"_links":{"self":[{"href":"https:\/\/www.europesays.com\/de\/wp-json\/wp\/v2\/posts\/767024","targetHints":{"allow":["GET"]}}],"collection":[{"href":"https:\/\/www.europesays.com\/de\/wp-json\/wp\/v2\/posts"}],"about":[{"href":"https:\/\/www.europesays.com\/de\/wp-json\/wp\/v2\/types\/post"}],"author":[{"embeddable":true,"href":"https:\/\/www.europesays.com\/de\/wp-json\/wp\/v2\/users\/2"}],"replies":[{"embeddable":true,"href":"https:\/\/www.europesays.com\/de\/wp-json\/wp\/v2\/comments?post=767024"}],"version-history":[{"count":0,"href":"https:\/\/www.europesays.com\/de\/wp-json\/wp\/v2\/posts\/767024\/revisions"}],"wp:featuredmedia":[{"embeddable":true,"href":"https:\/\/www.europesays.com\/de\/wp-json\/wp\/v2\/media\/718647"}],"wp:attachment":[{"href":"https:\/\/www.europesays.com\/de\/wp-json\/wp\/v2\/media?parent=767024"}],"wp:term":[{"taxonomy":"category","embeddable":true,"href":"https:\/\/www.europesays.com\/de\/wp-json\/wp\/v2\/categories?post=767024"},{"taxonomy":"post_tag","embeddable":true,"href":"https:\/\/www.europesays.com\/de\/wp-json\/wp\/v2\/tags?post=767024"}],"curies":[{"name":"wp","href":"https:\/\/api.w.org\/{rel}","templated":true}]}}