{"id":767246,"date":"2026-02-02T23:00:13","date_gmt":"2026-02-02T23:00:13","guid":{"rendered":"https:\/\/www.europesays.com\/de\/767246\/"},"modified":"2026-02-02T23:00:13","modified_gmt":"2026-02-02T23:00:13","slug":"baerck-concept-dialogue-mit-nadine-sahm-und-buki-akomolafe","status":"publish","type":"post","link":"https:\/\/www.europesays.com\/de\/767246\/","title":{"rendered":"BAERCK Concept Dialogue mit Nadine Sahm und Buki Akomolafe"},"content":{"rendered":"<p style=\"text-align: justify;\">Vom 30. Januar 2026 bis zum 2. Februar 2026 pr\u00e4sentierten die Slow Fashion Designerinnen Nadine Sahm und Buki Akomolafe ausgew\u00e4hlte Designs aus ihren Arbeiten der letzten Jahre im Rahmen des Events \u201eBAERCK Store \u2014 Archive, Craft &amp; Dialogue with Designers BUKI AKOMOLAFE and Nadine Sahm EIGENE\u201c zur Berlin Fashion Week Autumn Winter 2026. Fashionstreet Berlin gibt Einblicke in die wertvolle Arbeit und Visionen der in Berlin ans\u00e4ssigen Designerinnen aus dem BAERCK Concept Dialogue.<\/p>\n<p>BAERCK Concept Store Berlin \u2013 Visionary Slow Fashion<\/p>\n<p style=\"text-align: justify;\">Seit mehr als 20 Jahren ist der BAERCK Concept Store (2006) in Berlin eine <a href=\"http:\/\/www.baerck.net\" target=\"_blank\" rel=\"noopener nofollow\">Plattform<\/a> f\u00fcr Designer und Designerinnen mit dem Ziel, bewusste, nachhaltige, moderne und zugleich zeitlich bleibende Mode \u2013 abseits von immer schneller rotierenden Kollektionszyklen der Fast Fashion Welt \u2013 unter einem Dach zusammen zu bringen. In einer diversen Gesellschaft gemeinsam, verantwortungsvoll und synergetisch zu agieren, miteinander statt gegeneinander \u2013 das sind Werte, die Menschen hier in Verbindung bringen.<\/p>\n<p>Im Future Fashion Diskurs mit Nadine Sahm und Buki Akomolafe<\/p>\n<p style=\"text-align: justify;\">Nachdem Nadine Sahm ihren Abschluss im Design Department der Akademie f\u00fcr Mode und Kommunikation in D\u00fcsseldorf 2014 erwarb, begann sie als freie Designerin f\u00fcr verschiedene Labels wie Kaviar Gauche, Dumitrascu und Buki Akomolafe zu arbeiten. Zugleich ist sie seitdem auch in Film, Performance und Kunst Projekten involviert.<\/p>\n<p style=\"text-align: justify;\">Im Rahmen ihres Projektes EIGENE setzt sie ganz bewusst auf einzigartige, von Hand gefertigte, langlebige und sich der Bewegung des menschlichen K\u00f6rpers anpassende <a href=\"http:\/\/www.instagram.com\/nadine.v.sahm\" target=\"_blank\" rel=\"noopener nofollow\">Design<\/a>s, die sie im BAERCK Concept Dialogue pers\u00f6nlich pr\u00e4sentierte.<\/p>\n<p><img loading=\"lazy\" data-recalc-dims=\"1\" decoding=\"async\" data-attachment-id=\"345385\" data-permalink=\"https:\/\/www.fashionstreet-berlin.de\/baerck-concept-dialogue-mit-nadine-sahm-und-buki-akomolafe\/345383\/nadine-sahm-red\/\" data-orig-file=\"https:\/\/i0.wp.com\/www.fashionstreet-berlin.de\/wp-content\/uploads\/2026\/02\/Nadine-Sahm-red.jpg?fit=1840%2C2444&amp;ssl=1\" data-orig-size=\"1840,2444\" data-comments-opened=\"0\" data-image-meta=\"{&quot;aperture&quot;:&quot;0&quot;,&quot;credit&quot;:&quot;&quot;,&quot;camera&quot;:&quot;&quot;,&quot;caption&quot;:&quot;&quot;,&quot;created_timestamp&quot;:&quot;1769775788&quot;,&quot;copyright&quot;:&quot;&quot;,&quot;focal_length&quot;:&quot;0&quot;,&quot;iso&quot;:&quot;0&quot;,&quot;shutter_speed&quot;:&quot;0&quot;,&quot;title&quot;:&quot;&quot;,&quot;orientation&quot;:&quot;1&quot;}\" data-image-title=\"\" data-image-description=\"\" data-image-caption=\"\" data-medium-file=\"https:\/\/i0.wp.com\/www.fashionstreet-berlin.de\/wp-content\/uploads\/2026\/02\/Nadine-Sahm-red.jpg?fit=226%2C300&amp;ssl=1\" data-large-file=\"https:\/\/i0.wp.com\/www.fashionstreet-berlin.de\/wp-content\/uploads\/2026\/02\/Nadine-Sahm-red.jpg?fit=618%2C821&amp;ssl=1\" class=\"lazyload wp-image-345385 size-full\" src=\"https:\/\/www.europesays.com\/de\/wp-content\/uploads\/2026\/02\/Nadine-Sahm-red.jpg\" alt=\"EIGENE\" width=\"618\" height=\"821\"\/>EIGENE Design<\/p>\n<p style=\"text-align: justify;\">Gemeinsam mit Arabella Romen schuf Nadine Sahm das Textillabor ashes.LAB, in dem sie nach einem zum Patent angemeldeten Kristallisationsverfahren aus Wasser, Salz und Zeit Kristalle auf <a href=\"http:\/\/www.asheslab.com\" target=\"_blank\" rel=\"noopener nofollow\">Textilien<\/a> erwachsen lassen, die im Gegensatz zu Pailletten oder Glasperlen einen nachhaltigen kristallinen Weg m\u00f6glich machen. Diese Kristalle waren bereits in Kollektionen von Lou de Betoly und SF1OG im Rahmen der Berlin Fashion Week Autumn Winter 2025 zu sehen.<\/p>\n<p style=\"text-align: justify;\">Buki Akomolafe studierte Modedesign an der Hochschule f\u00fcr Technik und Wirtschaft in Berlin. Nach Abschluss ihres Bachelor of Arts wurde sie selbst zur Unternehmerin ihres Slow Fashion Labels, das ihren Namen tr\u00e4gt. Seitdem schafft sie von Hand gefertigte und nachhaltige <a href=\"https:\/\/www.fashionstreet-berlin.de\/neonyt-fashion-show-herbst-winter-2019-mbfw-berlin-the-art-of-assembling\/223770\/\" target=\"_blank\" rel=\"noopener nofollow\">Mode<\/a>, in deren Designs sowohl ihre deutschen als auch nigerianischen Wurzeln sichtbar einflie\u00dfen. Abseits von g\u00e4ngigen Fast Fashion Kollektionszyklen setzt die Designerin auf Mode, die in Androgynit\u00e4t und Zeitlosigkeit \u00fcberzeugt. Dies zeigte sie im BAERCK Concept Dialogue auf beeindruckende Weise anhand eines aktuellen Relaunches, einer Weste aus ihrer ersten Kollektion, die schnell zum Bestseller aufstieg. Weitere Designs aus den letzten 10 Jahren waren ebenso zu sehen.<\/p>\n<p><img loading=\"lazy\" data-recalc-dims=\"1\" decoding=\"async\" data-attachment-id=\"345388\" data-permalink=\"https:\/\/www.fashionstreet-berlin.de\/baerck-concept-dialogue-mit-nadine-sahm-und-buki-akomolafe\/345383\/buki-red\/\" data-orig-file=\"https:\/\/i0.wp.com\/www.fashionstreet-berlin.de\/wp-content\/uploads\/2026\/02\/Buki-red.jpg?fit=2486%2C1732&amp;ssl=1\" data-orig-size=\"2486,1732\" data-comments-opened=\"0\" data-image-meta=\"{&quot;aperture&quot;:&quot;0&quot;,&quot;credit&quot;:&quot;&quot;,&quot;camera&quot;:&quot;&quot;,&quot;caption&quot;:&quot;&quot;,&quot;created_timestamp&quot;:&quot;1769776005&quot;,&quot;copyright&quot;:&quot;&quot;,&quot;focal_length&quot;:&quot;0&quot;,&quot;iso&quot;:&quot;0&quot;,&quot;shutter_speed&quot;:&quot;0&quot;,&quot;title&quot;:&quot;&quot;,&quot;orientation&quot;:&quot;1&quot;}\" data-image-title=\"\" data-image-description=\"\" data-image-caption=\"\" data-medium-file=\"https:\/\/i0.wp.com\/www.fashionstreet-berlin.de\/wp-content\/uploads\/2026\/02\/Buki-red.jpg?fit=300%2C209&amp;ssl=1\" data-large-file=\"https:\/\/i0.wp.com\/www.fashionstreet-berlin.de\/wp-content\/uploads\/2026\/02\/Buki-red.jpg?fit=618%2C431&amp;ssl=1\" class=\"lazyload alignnone size-full wp-image-345388\" src=\"https:\/\/www.europesays.com\/de\/wp-content\/uploads\/2026\/02\/Buki-red.jpg\" alt=\"Buki Akomolafe\" width=\"618\" height=\"431\"\/><\/p>\n<p style=\"text-align: justify;\">Die beiden Designerinnen zeigen gemeinsam auf beeindruckende Weise das Empowerment, dass es heute und k\u00fcnftig in einer Slow Fashion Welt brauchen wird, um ein l\u00e4ngst \u00fcberholtes Fast Fashion System abl\u00f6sen zu k\u00f6nnen.<\/p>\n<p style=\"text-align: justify;\">Auch weiterhin sind Designs von Nadine Sahm und Buki Akomolafe im Baerck Concept Store erh\u00e4ltlich.<\/p>\n<p style=\"text-align: justify;\">Autor: Sophie von Streben (SvS) \u2013 Fotos: FSB (Cover; 1; 4); PR ashes.LAB (2;3)<\/p>\n<p><script async src=\"\/\/www.instagram.com\/embed.js\"><\/script><\/p>\n","protected":false},"excerpt":{"rendered":"Vom 30. Januar 2026 bis zum 2. Februar 2026 pr\u00e4sentierten die Slow Fashion Designerinnen Nadine Sahm und Buki&hellip;\n","protected":false},"author":2,"featured_media":767247,"comment_status":"","ping_status":"","sticky":false,"template":"","format":"standard","meta":{"footnotes":"","_share_on_mastodon":"0"},"categories":[1825],"tags":[174379,174380,296,174381,29,30,174382],"class_list":["post-767246","post","type-post","status-publish","format-standard","has-post-thumbnail","category-berlin","tag-ashes-lab","tag-baerck-concept-store","tag-berlin","tag-buki-akomolafe","tag-deutschland","tag-germany","tag-nadine-sahm"],"share_on_mastodon":{"url":"https:\/\/pubeurope.com\/@de\/116003525464455373","error":""},"_links":{"self":[{"href":"https:\/\/www.europesays.com\/de\/wp-json\/wp\/v2\/posts\/767246","targetHints":{"allow":["GET"]}}],"collection":[{"href":"https:\/\/www.europesays.com\/de\/wp-json\/wp\/v2\/posts"}],"about":[{"href":"https:\/\/www.europesays.com\/de\/wp-json\/wp\/v2\/types\/post"}],"author":[{"embeddable":true,"href":"https:\/\/www.europesays.com\/de\/wp-json\/wp\/v2\/users\/2"}],"replies":[{"embeddable":true,"href":"https:\/\/www.europesays.com\/de\/wp-json\/wp\/v2\/comments?post=767246"}],"version-history":[{"count":0,"href":"https:\/\/www.europesays.com\/de\/wp-json\/wp\/v2\/posts\/767246\/revisions"}],"wp:featuredmedia":[{"embeddable":true,"href":"https:\/\/www.europesays.com\/de\/wp-json\/wp\/v2\/media\/767247"}],"wp:attachment":[{"href":"https:\/\/www.europesays.com\/de\/wp-json\/wp\/v2\/media?parent=767246"}],"wp:term":[{"taxonomy":"category","embeddable":true,"href":"https:\/\/www.europesays.com\/de\/wp-json\/wp\/v2\/categories?post=767246"},{"taxonomy":"post_tag","embeddable":true,"href":"https:\/\/www.europesays.com\/de\/wp-json\/wp\/v2\/tags?post=767246"}],"curies":[{"name":"wp","href":"https:\/\/api.w.org\/{rel}","templated":true}]}}