{"id":767453,"date":"2026-02-03T01:00:21","date_gmt":"2026-02-03T01:00:21","guid":{"rendered":"https:\/\/www.europesays.com\/de\/767453\/"},"modified":"2026-02-03T01:00:21","modified_gmt":"2026-02-03T01:00:21","slug":"2-fussball-bundesliga-routinier-felix-passlack-verlaesst-bochum","status":"publish","type":"post","link":"https:\/\/www.europesays.com\/de\/767453\/","title":{"rendered":"2. Fu\u00dfball-Bundesliga: Routinier Felix Passlack verl\u00e4sst Bochum"},"content":{"rendered":"<p class=\"paragraph article__item\">Der VfL Bochum hat einen Wechsel auf der Rechtsverteidiger-Position vollzogen: Felix Passlack verl\u00e4sst nach zweieinhalb Jahren den\u00a0Fu\u00dfball-Zweitligisten, daf\u00fcr wurde am Montag Oliver Olsen verpflichtet. Olsen wechselt vom d\u00e4nischen Erstligisten Randers FC und unterschrieb in <a class=\"rtr-entity\" href=\"https:\/\/www.zeit.de\/thema\/bochum\" rel=\"nofollow noopener\" target=\"_blank\">Bochum<\/a> einen Vertrag bis 2030.\n<\/p>\n<p>Aktuelles<\/p>\n<p>                <a href=\"https:\/\/www.zeit.de\/sport\/2026-01\/primera-division-marc-andre-ter-stegen-fc-barcelona-girona\" data-ct-label=\"Primera Divisi\u00f3n: Marc-Andr\u00e9 ter Stegen verl\u00e4sst den FC Barcelona\" data-uuid=\"cb56b9bb-2718-4ac3-a899-00e5ee14657f\" rel=\"nofollow noopener\" target=\"_blank\"><\/p>\n<p>                        Primera Divisi\u00f3n:<br \/>\n                        Marc-Andr\u00e9 ter Stegen verl\u00e4sst den FC Barcelona<\/p>\n<p>                <\/a><\/p>\n<p>                <a href=\"https:\/\/www.zeit.de\/sport\/2026-01\/leon-goretzka-fc-bayern-wechsel-gxe\" data-ct-label=\"Fu\u00dfball: Leon Goretzka bleibt bis zum Sommer beim FC Bayern\" data-uuid=\"e09e54f8-4551-4e62-842a-5b41145a7e20\" rel=\"nofollow noopener\" target=\"_blank\"><\/p>\n<p>                        Fu\u00dfball:<br \/>\n                        Leon Goretzka bleibt bis zum Sommer beim FC Bayern<\/p>\n<p>                <\/a><\/p>\n<p>                <a href=\"https:\/\/www.zeit.de\/sport\/2026-01\/fussball-bundesliga-19-spieltag-samstag\" data-ct-label=\"Bundesliga, 19. Spieltag \u2013 Samstag: Erste Saisonniederlage f\u00fcr Bayern, Dortmund gewinnt gegen Union\" data-uuid=\"6239a187-57d5-4950-a3ce-57aedb9edc0c\" rel=\"nofollow noopener\" target=\"_blank\"><\/p>\n<p>                        Bundesliga, 19. Spieltag \u2013 Samstag:<br \/>\n                        Erste Saisonniederlage f\u00fcr Bayern, Dortmund gewinnt gegen Union<\/p>\n<p>                <\/a><\/p>\n<p class=\"paragraph article__item\">VfL-Trainer Uwe R\u00f6sler nannte den Transfer einen \u00abVorgriff auf die neue Saison\u00bb, lobte Olsen aber zugleich als \u00abphysisch sehr gut aufgestellt, robust, zweikampfstark und belastbar.\u00bb Der 25-J\u00e4hrige werden die Konkurrenzsituation \u00abim Kader weiter anheben\u00bb, sagte R\u00f6sler.\n<\/p>\n<p class=\"paragraph article__item\">Passlack unterdessen, der vor seinem Wechsel nach Bochum im Sommer 2023 bereits drei Jahre f\u00fcr Borussia Dortmund in der Bundesliga spielte, unterschrieb einen dreieinhalb Jahresvertrag beim schottischen Erstligisten\u00a0Hibernian Edinburgh. In Bochum kam der 27-J\u00e4hrige in dieser Saison nicht mehr \u00fcber Kurzeins\u00e4tze hinaus, sein Vertrag w\u00e4re im Sommer ausgelaufen.\n<\/p>\n<p class=\"paragraph article__item\">\u00a9 dpa-infocom, dpa:260202-930-632896\/1<\/p>\n","protected":false},"excerpt":{"rendered":"Der VfL Bochum hat einen Wechsel auf der Rechtsverteidiger-Position vollzogen: Felix Passlack verl\u00e4sst nach zweieinhalb Jahren den\u00a0Fu\u00dfball-Zweitligisten, daf\u00fcr&hellip;\n","protected":false},"author":2,"featured_media":767454,"comment_status":"","ping_status":"","sticky":false,"template":"","format":"standard","meta":{"footnotes":"","_share_on_mastodon":"0"},"categories":[1839],"tags":[8559,7507,299,3364,29,17195,485,30,15,1209,174334,119008,8173],"class_list":["post-767453","post","type-post","status-publish","format-standard","has-post-thumbnail","category-bochum","tag-2-fussball-bundesliga","tag-bochum","tag-bundesliga","tag-de","tag-deutschland","tag-felix-passlack","tag-fussball-bundesliga","tag-germany","tag-news","tag-nordrhein-westfalen","tag-oliver-olsen","tag-uwe-roesler","tag-vfl-bochum"],"share_on_mastodon":{"url":"https:\/\/pubeurope.com\/@de\/116003997540267835","error":""},"_links":{"self":[{"href":"https:\/\/www.europesays.com\/de\/wp-json\/wp\/v2\/posts\/767453","targetHints":{"allow":["GET"]}}],"collection":[{"href":"https:\/\/www.europesays.com\/de\/wp-json\/wp\/v2\/posts"}],"about":[{"href":"https:\/\/www.europesays.com\/de\/wp-json\/wp\/v2\/types\/post"}],"author":[{"embeddable":true,"href":"https:\/\/www.europesays.com\/de\/wp-json\/wp\/v2\/users\/2"}],"replies":[{"embeddable":true,"href":"https:\/\/www.europesays.com\/de\/wp-json\/wp\/v2\/comments?post=767453"}],"version-history":[{"count":0,"href":"https:\/\/www.europesays.com\/de\/wp-json\/wp\/v2\/posts\/767453\/revisions"}],"wp:featuredmedia":[{"embeddable":true,"href":"https:\/\/www.europesays.com\/de\/wp-json\/wp\/v2\/media\/767454"}],"wp:attachment":[{"href":"https:\/\/www.europesays.com\/de\/wp-json\/wp\/v2\/media?parent=767453"}],"wp:term":[{"taxonomy":"category","embeddable":true,"href":"https:\/\/www.europesays.com\/de\/wp-json\/wp\/v2\/categories?post=767453"},{"taxonomy":"post_tag","embeddable":true,"href":"https:\/\/www.europesays.com\/de\/wp-json\/wp\/v2\/tags?post=767453"}],"curies":[{"name":"wp","href":"https:\/\/api.w.org\/{rel}","templated":true}]}}