{"id":767543,"date":"2026-02-03T01:55:21","date_gmt":"2026-02-03T01:55:21","guid":{"rendered":"https:\/\/www.europesays.com\/de\/767543\/"},"modified":"2026-02-03T01:55:21","modified_gmt":"2026-02-03T01:55:21","slug":"braunschweig-holt-hoti-aus-magdeburg-winter-zugang-der-loewen","status":"publish","type":"post","link":"https:\/\/www.europesays.com\/de\/767543\/","title":{"rendered":"Braunschweig holt Hoti aus Magdeburg \u2013 Winter-Zugang der L\u00f6wen"},"content":{"rendered":"<p>Kaufoption f\u00fcr Bayer-Talent\u00a0<\/p>\n<p>                                    <img decoding=\"async\" src=\"https:\/\/www.europesays.com\/de\/wp-content\/uploads\/2026\/02\/andi-hoti-1-fc-magdeburg-2025-1768142358-186903.jpg\" title=\"Braunschweig holt Hoti aus Magdeburg \u2013 Winter-Zugang der L\u00f6wen\" alt=\"Braunschweig holt Hoti aus Magdeburg \u2013 Winter-Zugang der L\u00f6wen\"\/><\/p>\n<p>\n                                       \u00a9IMAGO\n                                    <\/p>\n<p><a title=\"Andi Hoti\" href=\"https:\/\/www.transfermarkt.de\/andi-hoti\/profil\/spieler\/656095\" target=\"_blank\" rel=\"nofollow noopener\">Andi Hoti<\/a> wechselt vom <a title=\"1.FC Magdeburg\" href=\"https:\/\/www.transfermarkt.de\/1fc-magdeburg\/startseite\/verein\/187\" target=\"_blank\" rel=\"nofollow noopener\">1. FC Magdeburg<\/a> zu <a title=\"Eintracht Braunschweig\" href=\"https:\/\/www.transfermarkt.de\/eintracht-braunschweig\/startseite\/verein\/23\" target=\"_blank\" rel=\"nofollow noopener\">Eintracht Braunschweig<\/a>. Der BTSV hat die Verpflichtung des 22 Jahre alten Innenverteidigers kurz vor Ende des Winter-Transferfensters bekannt gegeben, bevor kurz darauf auch die Leihe von <a title=\"Bayer 04 Leverkusen\" href=\"https:\/\/www.transfermarkt.de\/bayer-04-leverkusen\/startseite\/verein\/15\" target=\"_blank\" rel=\"nofollow noopener\">Bayer Leverkusens<\/a> Offensivtalent <a title=\"Ken Izekor\" href=\"https:\/\/www.transfermarkt.de\/ken-izekor\/profil\/spieler\/929912\" target=\"_blank\" rel=\"nofollow noopener\">Ken Izekor<\/a> (18) verk\u00fcndet wurde.<\/p>\n<p><\/p>\n<p>Der in der Schweiz geborene Hoti erh\u00e4lt einen bis 2028 g\u00fcltigen Vertrag. Mittelst\u00fcrmer Izekor kann sich zun\u00e4chst bis Saisonende bei der Eintracht zeigen. Anschlie\u00dfend haben die Braunschweiger nach eigener Aussage eine Kaufoption. Mit dem Nationalspieler Kosovos Hoti und dem ehemaligen DFB-U17-Nationalspieler Izekor haben die L\u00f6wen nun <a href=\"https:\/\/www.transfermarkt.de\/eintracht-braunschweig\/transfers\/verein\/23\/plus\/?saison_id=2025&amp;pos=&amp;detailpos=&amp;w_s=w\" target=\"_blank\" rel=\"nofollow noopener\">f\u00fcnf Winter-Zug\u00e4nge in diesem Jahr<\/a> dazu geholt.<\/p>\n<p><\/p>\n<p>\u201eAndi verf\u00fcgt \u00fcber ein sehr gutes vertikales Passspiel und bringt vieles von dem mit, was einen modernen Innenverteidiger ausmacht\u201c, sagte Braunschweigs Sport-Gesch\u00e4ftsf\u00fchrer Benjamin Kessel \u00fcber den letzte Saison an Dynamo Dresden verliehene Hoti, der seit Mitte September kein Pflichtspiel mehr f\u00fcr die erste Mannschaft des FCM absolviert hatte. \u201eDank seiner Gr\u00f6\u00dfe besitzt er zudem viel Qualit\u00e4t im Luftzweikampf und wir sehen in ihm noch weiteres Entwicklungspotenzial. Andi ist sofort spielf\u00e4hig, hungrig auf die Aufgabe und hat gro\u00dfe Lust auf die Eintracht \u2013 damit verst\u00e4rkt er unsere Abwehr und erweitert unsere Optionen in der Defensive.\u201c<\/p>\n<p><a href=\"https:\/\/www.transfermarkt.de\/aktuell\/transfermarktticker\" target=\"_blank\" rel=\"nofollow noopener\"><br \/>\n    <img loading=\"lazy\" decoding=\"async\" class=\"innews\" src=\"https:\/\/www.europesays.com\/de\/wp-content\/uploads\/2026\/02\/transferticker-banner-winter-2026-1770045666-188629.jpg\" alt=\"Zum Transferticker von Transfermarkt\" width=\"503\" height=\"148\"\/><\/p>\n<p><\/a><\/p>\n<p>In einer Klubmitteilung der Magdeburger sagte Sport-Gesch\u00e4ftsf\u00fchrer Otmar Schork: \u201eNach der Freistellung von Andi Hoti Anfang des Jahres konnten wir nun seinem Wunsch nach einem Vereinswechsel entsprechen. Mit Eintracht Braunschweig haben wir eine einvernehmliche L\u00f6sung gefunden. Andi w\u00fcnschen wir f\u00fcr die Zukunft alles Gute.\u201c Ger\u00fcchteweise war Hoti zuletzt auch mit einer R\u00fcckkehr nach Dresden in Verbindung gebracht worden. Fr\u00fcher in diesem Monat wurde zudem Hannover 96 mit Ex-Magdeburg-Trainer Christian Titz als m\u00f6glicher n\u00e4chster Klub Hotis genannt.<\/p>\n<p>\u00dcber den in Aachen geborenen Izekor sagte Braunschweigs Kessel: \u201eKen ist ein gro\u00dfes Talent, das den n\u00e4chsten Schritt in seiner Karriere gehen will. Obwohl er noch f\u00fcr die Altersklasse U19 spielberechtigt ist, verf\u00fcgt er bereits \u00fcber hervorragende Athletik, ist k\u00f6rperlich robust und bringt Tempo, Tiefgang und Zug zum Tor mit. In Leverkusen durfte er sich \u00fcber einen l\u00e4ngeren Zeitraum immer wieder bei den Profis zeigen. Ken erweitert unsere M\u00f6glichkeiten im Angriff, und wir wollen ihn dabei unterst\u00fctzen, den Sprung vom Jugend- zum Herrenspieler zu schaffen.\u201c<\/p>\n<p><\/p>\n<p>Bei Bayer 04 verbuchte Izekor schon Ende 2023 in der Europa League seinen ersten Profieinsatz. Weitere folgten bei der Werkself daraufhin nicht mehr.<\/p>\n","protected":false},"excerpt":{"rendered":"Kaufoption f\u00fcr Bayer-Talent\u00a0 \u00a9IMAGO Andi Hoti wechselt vom 1. FC Magdeburg zu Eintracht Braunschweig. Der BTSV hat die&hellip;\n","protected":false},"author":2,"featured_media":767544,"comment_status":"","ping_status":"","sticky":false,"template":"","format":"standard","meta":{"footnotes":"","_share_on_mastodon":"0"},"categories":[136],"tags":[7973,621,91031,29,8704,30,265],"class_list":["post-767543","post","type-post","status-publish","format-standard","has-post-thumbnail","category-sport","tag-1-fc-magdeburg","tag-2-bundesliga","tag-andi-hoti","tag-deutschland","tag-eintracht-braunschweig","tag-germany","tag-sport"],"share_on_mastodon":{"url":"https:\/\/pubeurope.com\/@de\/116004213777129712","error":""},"_links":{"self":[{"href":"https:\/\/www.europesays.com\/de\/wp-json\/wp\/v2\/posts\/767543","targetHints":{"allow":["GET"]}}],"collection":[{"href":"https:\/\/www.europesays.com\/de\/wp-json\/wp\/v2\/posts"}],"about":[{"href":"https:\/\/www.europesays.com\/de\/wp-json\/wp\/v2\/types\/post"}],"author":[{"embeddable":true,"href":"https:\/\/www.europesays.com\/de\/wp-json\/wp\/v2\/users\/2"}],"replies":[{"embeddable":true,"href":"https:\/\/www.europesays.com\/de\/wp-json\/wp\/v2\/comments?post=767543"}],"version-history":[{"count":0,"href":"https:\/\/www.europesays.com\/de\/wp-json\/wp\/v2\/posts\/767543\/revisions"}],"wp:featuredmedia":[{"embeddable":true,"href":"https:\/\/www.europesays.com\/de\/wp-json\/wp\/v2\/media\/767544"}],"wp:attachment":[{"href":"https:\/\/www.europesays.com\/de\/wp-json\/wp\/v2\/media?parent=767543"}],"wp:term":[{"taxonomy":"category","embeddable":true,"href":"https:\/\/www.europesays.com\/de\/wp-json\/wp\/v2\/categories?post=767543"},{"taxonomy":"post_tag","embeddable":true,"href":"https:\/\/www.europesays.com\/de\/wp-json\/wp\/v2\/tags?post=767543"}],"curies":[{"name":"wp","href":"https:\/\/api.w.org\/{rel}","templated":true}]}}