{"id":767565,"date":"2026-02-03T02:07:19","date_gmt":"2026-02-03T02:07:19","guid":{"rendered":"https:\/\/www.europesays.com\/de\/767565\/"},"modified":"2026-02-03T02:07:19","modified_gmt":"2026-02-03T02:07:19","slug":"transfers-duesseldorf-holt-ein-talent-aus-moenchengladbach-2","status":"publish","type":"post","link":"https:\/\/www.europesays.com\/de\/767565\/","title":{"rendered":"Transfers: D\u00fcsseldorf holt ein Talent aus M\u00f6nchengladbach"},"content":{"rendered":"<p>        2. Februar 2026, 20:02 Uhr<br \/>\n    Quelle: dpa Nordrhein-Westfalen\n<\/p>\n<p>        Hinweis<\/p>\n<p class=\"article-notice__text\">DIE ZEIT hat diese Meldung redaktionell nicht bearbeitet. Sie wurde automatisch von der Deutschen Presse-Agentur (dpa) \u00fcbernommen.<\/p>\n<p>            <img decoding=\"async\" class=\"article__media-item\" src=\"https:\/\/www.europesays.com\/de\/wp-content\/uploads\/2026\/02\/1770084439_537_wide__660x371.jpeg\" alt=\"Transfers: Kurz vor Transferschluss holte Sven Mislintat noch einen Offensivspieler. (Archivbild)\"\/><\/p>\n<p>                    Kurz vor Transferschluss holte Sven Mislintat noch einen Offensivspieler. (Archivbild)<br \/>\n            \u00a9\u00a0Anke Waelischmiller\/\u200bdpa<\/p>\n<p class=\"paragraph article__item\">Fortuna D\u00fcsseldorf hat am letzten Transfertag Kilian Sauck verpflichtet. Der 18 Jahre alte Offensivspieler kommt von Borussia <a class=\"rtr-entity\" href=\"https:\/\/www.zeit.de\/thema\/moenchengladbach\" rel=\"nofollow noopener\" target=\"_blank\">M\u00f6nchengladbach<\/a> und unterschrieb beim Fu\u00dfball-Zweitligisten einen Vertrag bis zum Sommer 2029.\n<\/p>\n<p>Aktuelles<\/p>\n<p>                <a href=\"https:\/\/www.zeit.de\/sport\/2026-01\/bundesliga-stuttgart-moenchengladbach-freiburg-koeln\" data-ct-label=\"Bundesliga, 19. Spieltag \u2013 Sonntag: Freiburg schl\u00e4gt K\u00f6ln, Stuttgart gewinnt in M\u00f6nchengladbach\" data-uuid=\"f1902d35-a679-4932-8e12-ba98ef4d3354\" rel=\"nofollow noopener\" target=\"_blank\"><\/p>\n<p>                        Bundesliga, 19. Spieltag \u2013 Sonntag:<br \/>\n                        Freiburg schl\u00e4gt K\u00f6ln, Stuttgart gewinnt in M\u00f6nchengladbach<\/p>\n<p>                <\/a><\/p>\n<p>                <a href=\"https:\/\/www.zeit.de\/sport\/2026-01\/fussball-bundesliga-17-spieltag-mittwoch\" data-ct-label=\"Fu\u00dfballbundesliga, 17. Spieltag \u2013 Mittwoch: Bayern M\u00fcnchen stellt neuen Rekord auf, RB Leipzig behauptet sich\" data-uuid=\"924cedd0-4547-45e9-af12-03bc384cf560\" rel=\"nofollow noopener\" target=\"_blank\"><\/p>\n<p>                        Fu\u00dfballbundesliga, 17. Spieltag \u2013 Mittwoch:<br \/>\n                        Bayern M\u00fcnchen stellt neuen Rekord auf, RB Leipzig behauptet sich<\/p>\n<p>                <\/a><\/p>\n<p>                <a href=\"https:\/\/www.zeit.de\/politik\/deutschland\/2026-01\/budapest-komplex-prozessauftakt-antifa-ost-olg-duesseldorf\" data-ct-label=\"Prozessauftakt im Budapest-Komplex: Unter lautem Beifall betreten die Angeklagten den Saal \" data-uuid=\"c833149d-7cb6-4494-839f-a1e9328442f3\" rel=\"nofollow noopener\" target=\"_blank\"><\/p>\n<p>                        Prozessauftakt im Budapest-Komplex:<br \/>\n                        Unter lautem Beifall betreten die Angeklagten den Saal <\/p>\n<p>                <\/a><\/p>\n<p class=\"paragraph article__item\">\u00abEr ist mutig mit dem Ball am Fu\u00df, verf\u00fcgt \u00fcber ein gutes Tempodribbling und kann mit seinen Qualit\u00e4ten Chancen im letzten Drittel kreieren\u00bb, lobte Fortunas Sportvorstand Sven Mislintat den U19-Nationalspieler, der bei den Gladbachern f\u00fcr die U23-Mannschaft spielte.\n<\/p>\n<p class=\"paragraph article__item\">\u00a9 dpa-infocom, dpa:260202-930-633165\/1<\/p>\n","protected":false},"excerpt":{"rendered":"2. Februar 2026, 20:02 Uhr Quelle: dpa Nordrhein-Westfalen Hinweis DIE ZEIT hat diese Meldung redaktionell nicht bearbeitet. Sie&hellip;\n","protected":false},"author":2,"featured_media":767566,"comment_status":"","ping_status":"","sticky":false,"template":"","format":"standard","meta":{"footnotes":"","_share_on_mastodon":"0"},"categories":[1849],"tags":[3364,29,3405,548,663,3934,30,13,4455,14,15,1209,12,1288,105361],"class_list":["post-767565","post","type-post","status-publish","format-standard","has-post-thumbnail","category-moenchengladbach","tag-de","tag-deutschland","tag-duesseldorf","tag-eu","tag-europa","tag-europe","tag-germany","tag-headlines","tag-moenchengladbach","tag-nachrichten","tag-news","tag-nordrhein-westfalen","tag-schlagzeilen","tag-transfers","tag-transfertag"],"share_on_mastodon":{"url":"https:\/\/pubeurope.com\/@de\/116004260836629103","error":""},"_links":{"self":[{"href":"https:\/\/www.europesays.com\/de\/wp-json\/wp\/v2\/posts\/767565","targetHints":{"allow":["GET"]}}],"collection":[{"href":"https:\/\/www.europesays.com\/de\/wp-json\/wp\/v2\/posts"}],"about":[{"href":"https:\/\/www.europesays.com\/de\/wp-json\/wp\/v2\/types\/post"}],"author":[{"embeddable":true,"href":"https:\/\/www.europesays.com\/de\/wp-json\/wp\/v2\/users\/2"}],"replies":[{"embeddable":true,"href":"https:\/\/www.europesays.com\/de\/wp-json\/wp\/v2\/comments?post=767565"}],"version-history":[{"count":0,"href":"https:\/\/www.europesays.com\/de\/wp-json\/wp\/v2\/posts\/767565\/revisions"}],"wp:featuredmedia":[{"embeddable":true,"href":"https:\/\/www.europesays.com\/de\/wp-json\/wp\/v2\/media\/767566"}],"wp:attachment":[{"href":"https:\/\/www.europesays.com\/de\/wp-json\/wp\/v2\/media?parent=767565"}],"wp:term":[{"taxonomy":"category","embeddable":true,"href":"https:\/\/www.europesays.com\/de\/wp-json\/wp\/v2\/categories?post=767565"},{"taxonomy":"post_tag","embeddable":true,"href":"https:\/\/www.europesays.com\/de\/wp-json\/wp\/v2\/tags?post=767565"}],"curies":[{"name":"wp","href":"https:\/\/api.w.org\/{rel}","templated":true}]}}