{"id":767593,"date":"2026-02-03T02:25:15","date_gmt":"2026-02-03T02:25:15","guid":{"rendered":"https:\/\/www.europesays.com\/de\/767593\/"},"modified":"2026-02-03T02:25:15","modified_gmt":"2026-02-03T02:25:15","slug":"eu-verbietet-gas-aus-russland-orban-klagt","status":"publish","type":"post","link":"https:\/\/www.europesays.com\/de\/767593\/","title":{"rendered":"EU verbietet Gas aus Russland \u2013 Orban klagt"},"content":{"rendered":"<p>Newsblog zum Krieg in der Ukraine <\/p>\n<p>Wadephul: &#8222;Billiger Ablenkungsversuch Russlands&#8220;<\/p>\n<p>Aktualisiert am 03.02.2026 &#8211; 01:43 UhrLesedauer: 8 Min.<\/p>\n<p><a href=\"#focus-0\" class=\"transition-colors duration-200 block text-current relative\" data-sctrack=\"FocusGalleryImage.Reference\"><img fetchpriority=\"high\" data-testid=\"Opener.Image\" style=\"--lqipURL:url('https:\/\/images.t-online.de\/2026\/02\/AHFIFyskOYGG\/0x114:2048x1152\/fit-in\/150x0\/filters:blur(25)\/kriegsherr-wladimir-putin-im-kreml-schwere-vorwuerfe-gegen-deutschland.jpg')\"   loading=\"eager\" src=\"https:\/\/www.europesays.com\/de\/wp-content\/uploads\/2026\/02\/kriegsherr-wladimir-putin-im-kreml-schwere-vorwuerfe-gegen-deutschland.jpg\" alt=\"Kriegsherr Wladimir Putin im Kreml: Schwere Vorw\u00fcrfe gegen Deutschland.\" title=\"Kriegsherr Wladimir Putin im Kreml: Schwere Vorw\u00fcrfe gegen Deutschland.\" width=\"2048\" height=\"1152\" class=\"bg-[url:var(--lqipURL)] bg-cover bg-center flex h-full w-full max-w-full\" decoding=\"async\"\/><img style=\"--width:32;--height:32\" loading=\"lazy\" src=\"https:\/\/www.t-online.de\/s\/paper\/_next\/static\/media\/zoom-in.f7dae02f.svg\" alt=\"Vergr\u00f6\u00dfern des Bildes\" title=\"Vergr\u00f6\u00dfern des Bildes\" class=\"block h-[calc(var(--height)_\/_16_*_1rem)] w-[calc(var(--width)_\/_16_*_1rem)] max-w-none absolute bottom-8 right-8 rounded-4 bg-snow p-8\" decoding=\"async\"\/><\/a><\/p>\n<p>Kriegsherr Wladimir Putin im Kreml: Schwere Vorw\u00fcrfe gegen Deutschland. (Quelle: Maxim Shipenkov\/AP)<\/p>\n<p class=\"font-bold text-18 leading-17\">Ungarn reicht Klage beim beim Europ\u00e4ischen Gerichtshof (EuGH) ein. Selenskyj \u00e4u\u00dfert sich zu den Gespr\u00e4chen mit Russland. Alle Entwicklungen im Newsblog.<\/p>\n<p class=\"text-18 leading-17\">Russische Streitkr\u00e4fte greifen die ukrainische Hauptstadt <a class=\"transition-colors duration-200 cursor-pointer text-inherit no-underline text-salemsfur md:hover:text-magenta md:hover:border-magenta md:focus:text-magenta border-current border-b border-solid break-words\" href=\"https:\/\/www.t-online.de\/themen\/kiew\/\" data-sctrack=\"BodyAnchor\" rel=\"nofollow noopener\" target=\"_blank\">Kiew<\/a> und andere <br \/>St\u00e4dte des Landes mit Raketen und Drohnen an. In Kiew werden nach Angaben der Milit\u00e4rverwaltung mehrere Wohnh\u00e4user, eine Bildungseinrichtung und ein Gesch\u00e4ftsgeb\u00e4ude. B\u00fcrgermeister Vitali Klitschko entsendet Rettungskr\u00e4fte in die betroffenen Stadtteile. Auch die Gro\u00dfstadt Charkiw im Nordosten steht unter Beschuss, wie B\u00fcrgermeister Ihor Terechow mitteilt. In der Region Saporischschja ist die Flugabwehr im Einsatz. Eine russische Stellungnahme liegt zun\u00e4chst nicht vor.<\/p>\n<p class=\"text-18 leading-17\">Au\u00dfenminister Johann Wadephul weist Moskauer Revanchismus-Vorw\u00fcrfe im Zusammenhang mit der deutschen Unterst\u00fctzung f\u00fcr die von <a class=\"transition-colors duration-200 cursor-pointer text-inherit no-underline text-salemsfur md:hover:text-magenta md:hover:border-magenta md:focus:text-magenta border-current border-b border-solid break-words\" href=\"https:\/\/www.t-online.de\/themen\/russland\/\" data-sctrack=\"BodyAnchor\" rel=\"nofollow noopener\" target=\"_blank\">Russland<\/a> angegriffene <a class=\"transition-colors duration-200 cursor-pointer text-inherit no-underline text-salemsfur md:hover:text-magenta md:hover:border-magenta md:focus:text-magenta border-current border-b border-solid break-words\" href=\"https:\/\/www.t-online.de\/themen\/ukraine\/\" data-sctrack=\"BodyAnchor\" rel=\"nofollow noopener\" target=\"_blank\">Ukraine<\/a> strikt zur\u00fcck. &#8222;Das ist ein billiger Ablenkungsversuch Russlands&#8220;, sagte der CDU-Politiker bei einem Treffen mit seinem neuseel\u00e4ndischen Amtskollegen Winston Peters in dessen Heimatregion Bay of Islands nahe der Stadt Kerrikerri auf der neuseel\u00e4ndischen Nordinsel. Wadephul f\u00fcgte zugleich hinzu, Deutschland habe &#8222;\u00fcberhaupt keine Probleme damit, die eigene Vergangenheit kritisch zu beleuchten&#8220;.<\/p>\n<p class=\"text-18 leading-17\">&#8222;Wir wissen, dass wir auch mit Opfern der damaligen Sowjetunion \u2013 und das waren dann auch Opfer aus der Ukraine, aber auch von anderen V\u00f6lkern der Sowjetunion \u2013 von der Nazi-Herrschaft befreit worden sind&#8220;, sagte Wadephul. &#8222;Das ist eine historische Wahrheit, die bestehen bleibt und die niemand in Deutschland bestreitet.&#8220; Er erg\u00e4nzte: &#8222;Aber wir lassen es nicht zu, dass uns oder anderen der Mund verboten wird, wenn es darum geht, das verbrecherische Handeln des jetzigen und heutigen Russlands klar zu brandmarken.&#8220;<\/p>\n<p class=\"text-18 leading-17\">Die deutsche Au\u00dfenpolitik in der Ukraine ist nach russischer Darstellung von Rachegel\u00fcsten gepr\u00e4gt. &#8222;Die deutsche Regierung hat aufgeh\u00f6rt, den Fakt zu verstecken, dass sie unserem Land gegen\u00fcber von der Besessenheit getrieben wird, Revanche f\u00fcr fr\u00fchere Niederlagen zu nehmen&#8220;, hei\u00dft es in einer am Montag ver\u00f6ffentlichten schriftlichen Mitteilung des russischen Au\u00dfenministeriums im Nachgang der j\u00e4hrlichen Pressekonferenz von Minister <a class=\"transition-colors duration-200 cursor-pointer text-inherit no-underline text-salemsfur md:hover:text-magenta md:hover:border-magenta md:focus:text-magenta border-current border-b border-solid break-words\" href=\"https:\/\/www.t-online.de\/themen\/sergej-lawrow\/\" data-sctrack=\"BodyAnchor\" rel=\"nofollow noopener\" target=\"_blank\">Sergej Lawrow<\/a> zu Jahresbeginn.<\/p>\n<p class=\"text-18 leading-17\">Teil dieses &#8222;Revanchismus&#8220; sei die uneingeschr\u00e4nkte Unterst\u00fctzung der Ukraine. Dort k\u00e4men 80 Jahre nach Ende des Zweiten Weltkriegs erneut massenhaft deutsche Waffen gegen russisches Gebiet zum Einsatz, kritisierte das Au\u00dfenamt in <a class=\"transition-colors duration-200 cursor-pointer text-inherit no-underline text-salemsfur md:hover:text-magenta md:hover:border-magenta md:focus:text-magenta border-current border-b border-solid break-words\" href=\"https:\/\/www.t-online.de\/themen\/moskau\/\" data-sctrack=\"BodyAnchor\" rel=\"nofollow noopener\" target=\"_blank\">Moskau<\/a>. In <a class=\"transition-colors duration-200 cursor-pointer text-inherit no-underline text-salemsfur md:hover:text-magenta md:hover:border-magenta md:focus:text-magenta border-current border-b border-solid break-words\" href=\"https:\/\/www.t-online.de\/themen\/litauen\/\" data-sctrack=\"BodyAnchor\" rel=\"nofollow noopener\" target=\"_blank\">Litauen<\/a> sei die Bundeswehr bereits stationiert. Sollte <a class=\"transition-colors duration-200 cursor-pointer text-inherit no-underline text-salemsfur md:hover:text-magenta md:hover:border-magenta md:focus:text-magenta border-current border-b border-solid break-words\" href=\"https:\/\/berlin.t-online.de\/region\/berlin\/\" data-sctrack=\"BodyAnchor\" rel=\"nofollow noopener\" target=\"_blank\">Berlin<\/a> dieses aber in der Ukraine versuchen, w\u00fcrden die Soldaten &#8211; wie andere ausl\u00e4ndische Truppen auch &#8211; als &#8222;legitime Ziele&#8220; bek\u00e4mpft werden, hei\u00dft es zur Diskussion um die Beteiligung Deutschlands an einer internationalen Sicherheitstruppe nach einem Ende des Ukraine-Kriegs.<\/p>\n","protected":false},"excerpt":{"rendered":"Newsblog zum Krieg in der Ukraine Wadephul: &#8222;Billiger Ablenkungsversuch Russlands&#8220; Aktualisiert am 03.02.2026 &#8211; 01:43 UhrLesedauer: 8 Min.&hellip;\n","protected":false},"author":2,"featured_media":767594,"comment_status":"","ping_status":"","sticky":false,"template":"","format":"standard","meta":{"footnotes":"","_share_on_mastodon":"0"},"categories":[4013],"tags":[1217,326,6079,58920,12780,331,332,296,685,31,29,1478,548,30963,13,6072,148451,12937,23542,1211,174447,5793,5020,812,308,14,15,3129,98748,3917,4043,4044,850,307,25102,12,14189,7376,4958,317,312,501,64,500,8329,174446,306,107,2657],"class_list":["post-767593","post","type-post","status-publish","format-standard","has-post-thumbnail","category-russland","tag-1217","tag-326","tag-6079","tag-ablenkungsversuch","tag-abu-dhabi","tag-aktuelle-nachrichten","tag-aktuelle-news","tag-berlin","tag-bundeswehr","tag-cdu","tag-deutschland","tag-drohne","tag-eu","tag-eugh","tag-headlines","tag-ihor-terechow","tag-importstopp","tag-island","tag-jeffrey-epstein","tag-johann-wadephul","tag-kerrikerri","tag-kiew","tag-kreml","tag-litauen","tag-moskau","tag-nachrichten","tag-news","tag-newsblog","tag-peter-szijjarto","tag-polen","tag-russia","tag-russian-federation","tag-russische-foederation","tag-russland","tag-saporischschja","tag-schlagzeilen","tag-sergej-lawrow","tag-slowakei","tag-sowjetunion","tag-ukraine","tag-ukrainekrieg","tag-ungarn","tag-usa","tag-viktor-orban","tag-vitali-klitschko","tag-winston-peters","tag-wladimir-putin","tag-wolodymyr-selenskyj","tag-zweiter-weltkrieg"],"share_on_mastodon":{"url":"","error":"Validation failed: Text character limit of 500 exceeded"},"_links":{"self":[{"href":"https:\/\/www.europesays.com\/de\/wp-json\/wp\/v2\/posts\/767593","targetHints":{"allow":["GET"]}}],"collection":[{"href":"https:\/\/www.europesays.com\/de\/wp-json\/wp\/v2\/posts"}],"about":[{"href":"https:\/\/www.europesays.com\/de\/wp-json\/wp\/v2\/types\/post"}],"author":[{"embeddable":true,"href":"https:\/\/www.europesays.com\/de\/wp-json\/wp\/v2\/users\/2"}],"replies":[{"embeddable":true,"href":"https:\/\/www.europesays.com\/de\/wp-json\/wp\/v2\/comments?post=767593"}],"version-history":[{"count":0,"href":"https:\/\/www.europesays.com\/de\/wp-json\/wp\/v2\/posts\/767593\/revisions"}],"wp:featuredmedia":[{"embeddable":true,"href":"https:\/\/www.europesays.com\/de\/wp-json\/wp\/v2\/media\/767594"}],"wp:attachment":[{"href":"https:\/\/www.europesays.com\/de\/wp-json\/wp\/v2\/media?parent=767593"}],"wp:term":[{"taxonomy":"category","embeddable":true,"href":"https:\/\/www.europesays.com\/de\/wp-json\/wp\/v2\/categories?post=767593"},{"taxonomy":"post_tag","embeddable":true,"href":"https:\/\/www.europesays.com\/de\/wp-json\/wp\/v2\/tags?post=767593"}],"curies":[{"name":"wp","href":"https:\/\/api.w.org\/{rel}","templated":true}]}}