{"id":767603,"date":"2026-02-03T02:31:31","date_gmt":"2026-02-03T02:31:31","guid":{"rendered":"https:\/\/www.europesays.com\/de\/767603\/"},"modified":"2026-02-03T02:31:31","modified_gmt":"2026-02-03T02:31:31","slug":"europa-muss-dringend-eigenstaendiger-werden-2","status":"publish","type":"post","link":"https:\/\/www.europesays.com\/de\/767603\/","title":{"rendered":"Europa muss dringend eigenst\u00e4ndiger werden"},"content":{"rendered":"<p>    &#13;<br \/>\n      02.02.2026, 19:55 \/ Lesedauer: ca. 2min Globale Umbr\u00fcche <\/p>\n<p class=\"intro\">Der Kanzler fordert die Europ\u00e4er auf, angesichts neuer Machtspiele und Unsicherheiten eigene St\u00e4rke zu zeigen. Was er konkret f\u00fcr Wirtschaft, Verteidigung und Technologie verlangt. <\/p>\n<p>      &#13;<br \/>\n        <img decoding=\"async\"   src=\"https:\/\/www.europesays.com\/de\/wp-content\/uploads\/2026\/02\/vor-dem-termin-in-eschborn-besuchte-merz-das-unternehmen-1166104.jpg\" title=\"Merz: Europa muss dringend eigenst\u00e4ndiger werden \" alt=\"Vor dem Termin in Eschborn besuchte Merz das Unternehmen Niedax Infrastructure in Neustadt (Wied). Foto: Martin Meissner\/POOL AP\/dpa\" class=\"img-responsive\"\/>&#13;<\/p>\n<p class=\"image-credit\">&#13;<br \/>\n\t\t\t\t\t\u00a9 Martin Meissner\/POOL AP\/dpa<\/p>\n<p>&#13;<br \/>\n        &#13;<br \/>\n        &#13;<\/p>\n<p>Vor dem Termin in Eschborn besuchte Merz das Unternehmen Niedax Infrastructure in Neustadt (Wied). Foto: Martin Meissner\/POOL AP\/dpa <\/p>\n<p>&#13;<\/p>\n<p class=\"image-credit\">&#13;<br \/>\n\t\t\t\t\t\t\t\u00a9 Martin Meissner\/POOL AP\/dpa<\/p>\n<p>&#13;<br \/>\n        &#13;<\/p>\n<p class=\"author\">&#13;<br \/>\n      Von dpa<\/p>\n","protected":false},"excerpt":{"rendered":"&#13; 02.02.2026, 19:55 \/ Lesedauer: ca. 2min Globale Umbr\u00fcche Der Kanzler fordert die Europ\u00e4er auf, angesichts neuer Machtspiele&hellip;\n","protected":false},"author":2,"featured_media":767604,"comment_status":"","ping_status":"","sticky":false,"template":"","format":"standard","meta":{"footnotes":"","_share_on_mastodon":"0"},"categories":[3933],"tags":[331,332,1173,29,548,663,158,3934,3935,13,14,15,12,5225,14572],"class_list":["post-767603","post","type-post","status-publish","format-standard","has-post-thumbnail","category-eu","tag-aktuelle-nachrichten","tag-aktuelle-news","tag-bundesregierung","tag-deutschland","tag-eu","tag-europa","tag-europaeische-union","tag-europe","tag-european-union","tag-headlines","tag-nachrichten","tag-news","tag-schlagzeilen","tag-welthandel","tag-weltwirtschaft"],"share_on_mastodon":{"url":"https:\/\/pubeurope.com\/@de\/116004355020283667","error":""},"_links":{"self":[{"href":"https:\/\/www.europesays.com\/de\/wp-json\/wp\/v2\/posts\/767603","targetHints":{"allow":["GET"]}}],"collection":[{"href":"https:\/\/www.europesays.com\/de\/wp-json\/wp\/v2\/posts"}],"about":[{"href":"https:\/\/www.europesays.com\/de\/wp-json\/wp\/v2\/types\/post"}],"author":[{"embeddable":true,"href":"https:\/\/www.europesays.com\/de\/wp-json\/wp\/v2\/users\/2"}],"replies":[{"embeddable":true,"href":"https:\/\/www.europesays.com\/de\/wp-json\/wp\/v2\/comments?post=767603"}],"version-history":[{"count":0,"href":"https:\/\/www.europesays.com\/de\/wp-json\/wp\/v2\/posts\/767603\/revisions"}],"wp:featuredmedia":[{"embeddable":true,"href":"https:\/\/www.europesays.com\/de\/wp-json\/wp\/v2\/media\/767604"}],"wp:attachment":[{"href":"https:\/\/www.europesays.com\/de\/wp-json\/wp\/v2\/media?parent=767603"}],"wp:term":[{"taxonomy":"category","embeddable":true,"href":"https:\/\/www.europesays.com\/de\/wp-json\/wp\/v2\/categories?post=767603"},{"taxonomy":"post_tag","embeddable":true,"href":"https:\/\/www.europesays.com\/de\/wp-json\/wp\/v2\/tags?post=767603"}],"curies":[{"name":"wp","href":"https:\/\/api.w.org\/{rel}","templated":true}]}}