{"id":767833,"date":"2026-02-03T04:43:13","date_gmt":"2026-02-03T04:43:13","guid":{"rendered":"https:\/\/www.europesays.com\/de\/767833\/"},"modified":"2026-02-03T04:43:13","modified_gmt":"2026-02-03T04:43:13","slug":"bei-gil-ofarim-brechen-alle-daemme","status":"publish","type":"post","link":"https:\/\/www.europesays.com\/de\/767833\/","title":{"rendered":"Bei Gil Ofarim brechen alle D\u00e4mme"},"content":{"rendered":"<p>Er weint allein in seinen Hut <\/p>\n<p>Tr\u00e4nen im Dschungelcamp: Bei Gil Ofarim brechen alle D\u00e4mme<\/p>\n<p>02.02.2026 &#8211; 22:56 UhrLesedauer: 2 Min.<\/p>\n<p><a href=\"#focus-0\" class=\"transition-colors duration-200 block text-current relative\" data-sctrack=\"FocusGalleryImage.Reference\"><img fetchpriority=\"high\" data-testid=\"Opener.Image\" style=\"--lqipURL:url('https:\/\/images.t-online.de\/2026\/02\/ZCluvNxiwGmI\/0x67:1741x980\/fit-in\/150x0\/filters:blur(25)\/gil-ofarim-ihm-kamen-an-tag-11-im-dschungelcamp-die-traenen.jpg')\"   loading=\"eager\" src=\"https:\/\/www.europesays.com\/de\/wp-content\/uploads\/2026\/02\/gil-ofarim-ihm-kamen-an-tag-11-im-dschungelcamp-die-traenen.jpg\" alt=\"Gil Ofarim: Ihm kamen an Tag 11 im Dschungelcamp die Tr\u00e4nen.\" title=\"Gil Ofarim: Ihm kamen an Tag 11 im Dschungelcamp die Tr\u00e4nen.\" width=\"1741\" height=\"980\" class=\"bg-[url:var(--lqipURL)] bg-cover bg-center flex h-full w-full max-w-full\" decoding=\"async\"\/><img style=\"--width:32;--height:32\" loading=\"lazy\" src=\"https:\/\/www.t-online.de\/s\/paper\/_next\/static\/media\/zoom-in.f7dae02f.svg\" alt=\"Vergr\u00f6\u00dfern des Bildes\" title=\"Vergr\u00f6\u00dfern des Bildes\" class=\"block h-[calc(var(--height)_\/_16_*_1rem)] w-[calc(var(--width)_\/_16_*_1rem)] max-w-none absolute bottom-8 right-8 rounded-4 bg-snow p-8\" decoding=\"async\"\/><\/a><\/p>\n<p>Gil Ofarim: Ihm kamen an Tag 11 im Dschungelcamp die Tr\u00e4nen. (Quelle: RTL)<\/p>\n<p class=\"font-bold text-18 leading-17\">Am Lagerfeuer erz\u00e4hlt Ariel von ihrer Tochter und deren Halbschwester. \u00dcberraschend spricht ihr Gil Ofarim seinen Respekt aus. Dann zieht er sich zur\u00fcck und die Gef\u00fchle gehen mit ihm durch.<\/p>\n<p class=\"text-18 leading-17\">An Tag elf von &#8222;Ich bin ein Star \u2013 Holt mich hier raus!&#8220; kam Ariel auf die Kitasituation rund um ihre Tochter zu sprechen. Schlie\u00dflich berichtete sie davon, dass ihr damaliger Freund und Vater ihres Kindes w\u00e4hrend ihrer <a class=\"transition-colors duration-200 cursor-pointer text-inherit no-underline text-salemsfur md:hover:text-magenta md:hover:border-magenta md:focus:text-magenta border-current border-b border-solid break-words\" href=\"https:\/\/www.t-online.de\/gesundheit\/schwangerschaft\/id_20672212\/schwangerschaftsanzeichen-bin-ich-schwanger-.html\" data-sctrack=\"BodyAnchor\" rel=\"nofollow noopener\" target=\"_blank\">Schwangerschaft<\/a> erfahren habe, dass er noch eine weitere Tochter hat. W\u00e4hrend <a class=\"transition-colors duration-200 cursor-pointer text-inherit no-underline text-salemsfur md:hover:text-magenta md:hover:border-magenta md:focus:text-magenta border-current border-b border-solid break-words\" href=\"https:\/\/www.t-online.de\/themen\/eva-benetatou\/\" data-sctrack=\"BodyAnchor\" rel=\"nofollow noopener\" target=\"_blank\">Eva Benetatou<\/a> und <a class=\"transition-colors duration-200 cursor-pointer text-inherit no-underline text-salemsfur md:hover:text-magenta md:hover:border-magenta md:focus:text-magenta border-current border-b border-solid break-words\" href=\"https:\/\/www.t-online.de\/themen\/stephen-duerr\/\" data-sctrack=\"BodyAnchor\" rel=\"nofollow noopener\" target=\"_blank\">Stephen D\u00fcrr<\/a> wiederholt Fragen stellten, sa\u00df <a class=\"transition-colors duration-200 cursor-pointer text-inherit no-underline text-salemsfur md:hover:text-magenta md:hover:border-magenta md:focus:text-magenta border-current border-b border-solid break-words\" href=\"https:\/\/www.t-online.de\/themen\/gil-ofarim\/\" data-sctrack=\"BodyAnchor\" rel=\"nofollow noopener\" target=\"_blank\">Gil Ofarim<\/a> da und h\u00f6rte einfach zu. Im Verlauf kam es dann aber zu einer \u00fcberraschenden Situation \u2013 und sp\u00e4ter zu Tr\u00e4nen bei dem Musiker.<\/p>\n<p class=\"text-18 leading-17\">Die Tochter von Ariels heutigem Ex-Partner Giuliano Hediger wurde nach der Geburt von ihrer Mutter im Krankenhaus zur\u00fcckgelassen. Ariel erz\u00e4hlte: &#8222;Ich durfte sie besuchen gehen und sie war wirklich so toll und so s\u00fc\u00df. Ich w\u00e4re bereit dazu gewesen, auf einmal zwei Kinder zu haben.&#8220; Sie habe schon Schnullerketten mit dem Namen des M\u00e4dchens gebastelt und sagte: &#8222;Ich h\u00e4tte sie sogar adoptiert.&#8220; Am Ende kam es doch anders. Doch Ariel sagte: &#8222;Ich w\u00fcnsche mir f\u00fcr sie, dass sie die sch\u00f6nste Familie, die tollsten Eltern hat.&#8220;<\/p>\n<p class=\"text-18 leading-17\">Ganz pl\u00f6tzlich meldete sich schlie\u00dflich Gil Ofarim zu Wort. Er stand auf, sch\u00fcttelte Ariel, <a class=\"transition-colors duration-200 cursor-pointer text-inherit no-underline text-salemsfur md:hover:text-magenta md:hover:border-magenta md:focus:text-magenta border-current border-b border-solid break-words\" href=\"https:\/\/www.t-online.de\/unterhaltung\/tv\/dschungelcamp\/id_101110780\/dschungelcamp-2026-gil-und-ariel-im-dauerzoff-eine-tragoedie.html\" data-sctrack=\"BodyAnchor\" rel=\"nofollow noopener\" target=\"_blank\">die ihn immer wieder auf seinen Davidsternskandal anspricht<\/a>, die Hand und sagte: &#8222;Es gibt wenige Frauen, die so was machen w\u00fcrden.&#8220; Er sprach ihr seinen Respekt aus und sagte, das sei &#8222;Wahnsinn&#8220;. Ofarim sagte dann, dass er durch diese Unterhaltung sehr an seine Frau und seine Kinder denken m\u00fcsse. Er bedankte sich bei ihnen, sagte sehr ber\u00fchrt: &#8222;Ohne sie w\u00fcrde ich hier heute nicht mehr sitzen.&#8220; Danach brach er allein vor dem Dschungeltelefon in Tr\u00e4nen aus und weinte auf dem Boden hockend, deutlich h\u00f6rbar in seinen Hut.<\/p>\n","protected":false},"excerpt":{"rendered":"Er weint allein in seinen Hut Tr\u00e4nen im Dschungelcamp: Bei Gil Ofarim brechen alle D\u00e4mme 02.02.2026 &#8211; 22:56&hellip;\n","protected":false},"author":2,"featured_media":767834,"comment_status":"","ping_status":"","sticky":false,"template":"","format":"standard","meta":{"footnotes":"","_share_on_mastodon":"0"},"categories":[155],"tags":[166130,29,214,30,21125,174494,12196,70521,640,39102,215],"class_list":["post-767833","post","type-post","status-publish","format-standard","has-post-thumbnail","category-unterhaltung","tag-ariel","tag-deutschland","tag-entertainment","tag-germany","tag-gil-ofarim","tag-giuliano-hediger","tag-ich-bin-ein-star-holt-mich-hier-raus","tag-lagerfeuer","tag-rtl","tag-stephen-duerr","tag-unterhaltung"],"share_on_mastodon":{"url":"https:\/\/pubeurope.com\/@de\/116004874185386416","error":""},"_links":{"self":[{"href":"https:\/\/www.europesays.com\/de\/wp-json\/wp\/v2\/posts\/767833","targetHints":{"allow":["GET"]}}],"collection":[{"href":"https:\/\/www.europesays.com\/de\/wp-json\/wp\/v2\/posts"}],"about":[{"href":"https:\/\/www.europesays.com\/de\/wp-json\/wp\/v2\/types\/post"}],"author":[{"embeddable":true,"href":"https:\/\/www.europesays.com\/de\/wp-json\/wp\/v2\/users\/2"}],"replies":[{"embeddable":true,"href":"https:\/\/www.europesays.com\/de\/wp-json\/wp\/v2\/comments?post=767833"}],"version-history":[{"count":0,"href":"https:\/\/www.europesays.com\/de\/wp-json\/wp\/v2\/posts\/767833\/revisions"}],"wp:featuredmedia":[{"embeddable":true,"href":"https:\/\/www.europesays.com\/de\/wp-json\/wp\/v2\/media\/767834"}],"wp:attachment":[{"href":"https:\/\/www.europesays.com\/de\/wp-json\/wp\/v2\/media?parent=767833"}],"wp:term":[{"taxonomy":"category","embeddable":true,"href":"https:\/\/www.europesays.com\/de\/wp-json\/wp\/v2\/categories?post=767833"},{"taxonomy":"post_tag","embeddable":true,"href":"https:\/\/www.europesays.com\/de\/wp-json\/wp\/v2\/tags?post=767833"}],"curies":[{"name":"wp","href":"https:\/\/api.w.org\/{rel}","templated":true}]}}