{"id":767895,"date":"2026-02-03T05:18:15","date_gmt":"2026-02-03T05:18:15","guid":{"rendered":"https:\/\/www.europesays.com\/de\/767895\/"},"modified":"2026-02-03T05:18:15","modified_gmt":"2026-02-03T05:18:15","slug":"handball-em-gislason-wehrt-sich-gegen-kritiker-selbstdarsteller-wollen-uns-ans-bein-pinkeln-sport","status":"publish","type":"post","link":"https:\/\/www.europesays.com\/de\/767895\/","title":{"rendered":"Handball-EM: G\u00edslason wehrt sich gegen Kritiker! \u201eSelbstdarsteller wollen uns ans Bein pinkeln\u201c | Sport"},"content":{"rendered":"<p><b>Alfred G\u00edslason (66) steht nach dem<\/b><a href=\"https:\/\/www.bild.de\/sport\/mehr-sport\/handball-em-was-bundeskanzler-merz-unseren-handball-helden-in-der-kabine-sagte-697fb7b7fa531953d5218658\" class=\"text-link\" rel=\"nofollow noopener\" target=\"_blank\"><b> verlorenen EM-Finale gegen D\u00e4nemark (27:34)<\/b><\/a><b> da \u2013 entt\u00e4uscht, aber auch voller Stolz. Silber in der Tasche, Gold knapp verpasst. Der Bundestrainer h\u00e4lt kurz inne und beginnt dann von seiner Mannschaft zu schw\u00e4rmen. Von einem Team, das gewachsen und gereift sei. F\u00fcr G\u00edslason \u00fcberwiegt nicht der Schmerz \u00fcber das verlorene Endspiel, sondern die Entwicklung seiner Jungs. Nach Olympia 2024 war es bereits das zweite gro\u00dfe Finale f\u00fcr diese junge Mannschaft (Durchschnittsalter 26,5 Jahre). Ein Signal f\u00fcr Zukunft: \u201eDie Entwicklung der Mannschaft ist das, was mich extrem freut. Es freut mich noch mehr als die Silbermedaille. Und die Entwicklung ist noch nicht vorbei.\u201c<\/b><\/p>\n<p>G\u00edslason weiter: \u201eNat\u00fcrlich ist es sehr schade, dass es nicht geklappt hat. Aber ich bin sehr stolz auf die Mannschaft, wie sie sich hier im Turnier pr\u00e4sentiert hat. Wenn man die Entwicklung dieser Mannschaft betrachtet, ist sie ph\u00e4nomenal. Sie ist sehr jung, bis auf drei Leute vielleicht. Sie ist jung und w\u00e4chst sehr, sehr zusammen. Ich glaube, wir waren irgendwie von der Rangliste, wenn man die Ergebnisse sieht, vor vier Jahren auf Platz sechs oder sieben. Nach diesem Turnier ist die Mannschaft auf zwei. Wir haben alle gesagt, diese Hauptrunde war unglaublich schwierig. Und jetzt haben die Jungs Frankreich, Portugal, Norwegen, Kroatien und Spanien alle geschlagen.\u201c<\/p>\n<p><a class=\"article-image__anchor\" href=\"https:\/\/www.dyn.sport\/sport_handball\" target=\"_blank\" rel=\"noopener nofollow\"><img decoding=\"async\" width=\"992\" height=\"84\" alt=\"\" src=\"https:\/\/www.europesays.com\/de\/wp-content\/uploads\/2026\/02\/3253e8ae9dd8a91eef9c8d6730cc6f90,6247abd8.png\"   class=\"dynamic\" loading=\"lazy\"\/><\/a><\/p>\n<p>Foto: BILD<\/p>\n<p>Mit dieser Silbermedaille im Gep\u00e4ck wehrt sich G\u00edslason dann nach Tagen auch gegen die Kritik, die zuletzt auf ihn einprasselte. In den sozialen Netzwerken und in Podcasts \u2013 unter anderem von den Ex-Nationalspielern Stefan Kretzschmar, Pascal Hens und Mimi Kraus im Dyn-Podcast \u201eHarzblut\u201c. G\u00edslason hat lange geschwiegen, stattdessen alle Schuld auf sich genommen und immer vor die Mannschaft gestellt. <\/p>\n<p>Mit Bier in der Kabine: Hier spricht Merz zu unseren EM-Helden<a class=\"anchor video-teaser__anchor\" href=\"https:\/\/www.bild.de\/sport\/mehr-sport\/deutschland-kann-stolz-sein-hier-spricht-maerz-zu-unseren-em-helden-6980989256e922cc80595dba\" rel=\"nofollow noopener\" target=\"_blank\"><img decoding=\"async\" width=\"992\" height=\"558\" alt=\"\" src=\"https:\/\/www.europesays.com\/de\/wp-content\/uploads\/2026\/02\/c809201a8adac410e2dc0442bca40517,33257e53.jpeg\"   class=\"landscape teaser__image\" loading=\"lazy\"\/><\/a><\/p>\n<p>Quelle: DYN02.02.2026<\/p>\n<p>Auf Nachfrage, wie gut ihm der Erfolg schmecken w\u00fcrde, nach den vielen Kritiken, erkl\u00e4rt der Isl\u00e4nder lachend: \u201eWir wissen alle, dass die nicht allzu viel Ahnung haben. Aber das freut mich nat\u00fcrlich sehr, weil, wenn es nur ein klein bisschen ein halbes Dreckspiel ist, dann ist jeder von diesen Selbstdarstellern bereit, uns ans Bein zu pinkeln. Also kann ich in Ruhe weitermachen.\u201c<\/p>\n<p>Mehr zum Thema<\/p>\n<p>Zuvor hatte auch schon <a href=\"https:\/\/www.bild.de\/sport\/sportart\/handball\/handball-alle-infos-76675494.bild.html\" class=\"text-link\" rel=\"nofollow noopener\" target=\"_blank\">Handball<\/a>-Nationaltorwart <a href=\"https:\/\/www.bild.de\/sport\/mehr-sport\/handball-em-andreas-wolff-rechnet-vorm-finale-mit-experten-ab-697e7915f0e62064809e094c\" class=\"text-link\" rel=\"nofollow noopener\" target=\"_blank\">Andreas Wolff<\/a> (34) sein Unverst\u00e4ndnis zum Ausdruck gebracht, als es um den Torwartwechsel mit David Sp\u00e4th (23) im Hauptrundenspiel gegen D\u00e4nemark ging und dieser kritisiert wurde. Wolff: \u201eIch finde es David gegen\u00fcber unfassbar respektlos, wie mit dieser Thematik umgegangen wurde und wird. Das war total despektierlich und regt mich tierisch auf. Es ist schon erstaunlich, dass man so viele Jahre lang Handball spielt und trotzdem so wenig Menschenkenntnis hat. Wir haben vor dem Turnier gesagt, dass wir ein Torh\u00fcter-Duo sind, das durch seine Ausgeglichenheit und die Qualit\u00e4t beider funktioniert. Und dann f\u00e4ngt David in einem Spiel an und die ganze Welt verliert den Kopf. Das finde ich unter aller Sau.\u201c<\/p>\n<p>Wie speziell die Handball-Debatte in <a href=\"https:\/\/www.bild.de\/sport\/mehr-sport\/handball-bundestrainer-hat-nominiert-das-ist-der-kader-fuer-die-handball-em-69419117d8f9059f60ab1f15\" class=\"text-link\" rel=\"nofollow noopener\" target=\"_blank\">Deutschland<\/a> ist, merkte G\u00edslason zuvor bereits im Austausch mit Kollegen aus dem Ausland. Er berichtet von einem Gespr\u00e4ch mit dem spanischen Trainer Jordi Ribera. \u201eEr fragte mich: \u201aSind die alle irre da?\u2018 Er habe dann gedacht: \u201aWei\u00dft du was? Es ist super f\u00fcr euch, wie viel \u00fcber Handball gesprochen wird, wie viel gesendet wird. In Spanien interessiert es kaum einen, es findet fast nichts statt, in der Presse findet sich nichts wieder.\u2019 Und das ist doch auch wundersch\u00f6n und wichtig f\u00fcr uns.\u201c<\/p>\n<p>Leider umsonst!: SOOOO sch\u00f6n fliegt Wolff<a class=\"anchor video-teaser__anchor\" href=\"https:\/\/www.bild.de\/sport\/mehr-sport\/handball-em-deutschland-daenemark-geniales-rueckwaerts-tor-im-drama-finale-697fb9a5f0e62064809e15f6\" rel=\"nofollow noopener\" target=\"_blank\"><img decoding=\"async\" width=\"992\" height=\"558\" alt=\"Handball-EM Deutschland \u2013 D\u00e4nemark: Geniales R\u00fcckw\u00e4rts-Tor im Drama-Finale\" src=\"https:\/\/www.europesays.com\/de\/wp-content\/uploads\/2026\/02\/9433f2782cb4478bf5c253674a99b08c,54864f39.jpeg\"   class=\"landscape teaser__image\" loading=\"lazy\"\/><\/a><\/p>\n<p>Quelle: ZDF01.02.2026<\/p>\n<p>Dann wird G\u00edslason, der die zweite Silbermedaille f\u00fcr den DHB in 18 Monaten holte, deutlicher: \u201eWenn du ein Podcaster bist und du musst eine Stunde die Woche irgendwas erz\u00e4hlen, dann \u2026\u201c G\u00edslason spart sich Kraftausdr\u00fccke. Sagt nur: \u201eKeiner von denen war jemals Trainer. Ich kenne deren taktisches Verst\u00e4ndnis. Und keiner von denen hat damals in der Abwehr gestanden\u00a0&#8230;\u201c<\/p>\n","protected":false},"excerpt":{"rendered":"Alfred G\u00edslason (66) steht nach dem verlorenen EM-Finale gegen D\u00e4nemark (27:34) da \u2013 entt\u00e4uscht, aber auch voller Stolz.&hellip;\n","protected":false},"author":2,"featured_media":767896,"comment_status":"","ping_status":"","sticky":false,"template":"","format":"standard","meta":{"footnotes":"","_share_on_mastodon":"0"},"categories":[5],"tags":[331,332,1263,132876,132872,101712,1160,3364,39208,29,11662,1932,23446,129825,1933,30,39209,78116,60126,1391,1929,164432,37984,161564,125272,38956,132877,5009,13,42623,132879,15308,33851,156954,53038,129826,164431,132873,164429,14,15,11660,9380,9378,12,132878,164430,132875,9949,132874,542,4581,45,7748,23444,15314,17341,101713],"class_list":["post-767895","post","type-post","status-publish","format-standard","has-post-thumbnail","category-nachrichten","tag-aktuelle-nachrichten","tag-aktuelle-news","tag-aufmacher-bereich","tag-boxen-jyske-bank","tag-chatton-benjamin","tag-dahmke-rune","tag-daenemark","tag-de","tag-deutsche-handballnationalmannschaft","tag-deutschland","tag-dhb","tag-dyn-handball","tag-fischer-justus","tag-freihoefer-tim","tag-fuechse-berlin","tag-germany","tag-gislason-alfred","tag-golla-johannes","tag-grgic-marko","tag-handball","tag-handball-ereignisse","tag-handball-euro","tag-handball-em","tag-handball-em-2026","tag-handballnationalmannschaft","tag-hanning-bob","tag-haeseler-mathis","tag-hbl","tag-headlines","tag-herning","tag-kiesler-tom","tag-knorr-juri","tag-koester-julian","tag-langhoff-matthes","tag-lichtlein-nils","tag-ludwig-lasse","tag-meckes-ingo","tag-mertens-lukas","tag-michelmann-andreas","tag-nachrichten","tag-news","tag-rhein-neckar-loewen","tag-sc-dhfk-leipzig","tag-sc-magdeburg","tag-schlagzeilen","tag-schluroff-miro","tag-schober-mark","tag-semper-franz","tag-sg-flensburg-handewitt","tag-spaeth-david","tag-sport-leuchtturm-hamburg","tag-sport-tag-im-ticker","tag-texttospeech","tag-thw-kiel","tag-uscins-renars","tag-weitzmann-dirk","tag-wolff-andreas","tag-zerbe-lukas"],"share_on_mastodon":{"url":"","error":"Validation failed: Text character limit of 500 exceeded"},"_links":{"self":[{"href":"https:\/\/www.europesays.com\/de\/wp-json\/wp\/v2\/posts\/767895","targetHints":{"allow":["GET"]}}],"collection":[{"href":"https:\/\/www.europesays.com\/de\/wp-json\/wp\/v2\/posts"}],"about":[{"href":"https:\/\/www.europesays.com\/de\/wp-json\/wp\/v2\/types\/post"}],"author":[{"embeddable":true,"href":"https:\/\/www.europesays.com\/de\/wp-json\/wp\/v2\/users\/2"}],"replies":[{"embeddable":true,"href":"https:\/\/www.europesays.com\/de\/wp-json\/wp\/v2\/comments?post=767895"}],"version-history":[{"count":0,"href":"https:\/\/www.europesays.com\/de\/wp-json\/wp\/v2\/posts\/767895\/revisions"}],"wp:featuredmedia":[{"embeddable":true,"href":"https:\/\/www.europesays.com\/de\/wp-json\/wp\/v2\/media\/767896"}],"wp:attachment":[{"href":"https:\/\/www.europesays.com\/de\/wp-json\/wp\/v2\/media?parent=767895"}],"wp:term":[{"taxonomy":"category","embeddable":true,"href":"https:\/\/www.europesays.com\/de\/wp-json\/wp\/v2\/categories?post=767895"},{"taxonomy":"post_tag","embeddable":true,"href":"https:\/\/www.europesays.com\/de\/wp-json\/wp\/v2\/tags?post=767895"}],"curies":[{"name":"wp","href":"https:\/\/api.w.org\/{rel}","templated":true}]}}