{"id":767976,"date":"2026-02-03T06:03:12","date_gmt":"2026-02-03T06:03:12","guid":{"rendered":"https:\/\/www.europesays.com\/de\/767976\/"},"modified":"2026-02-03T06:03:12","modified_gmt":"2026-02-03T06:03:12","slug":"rb-leipzig-transfer-ueberraschung-dfb-juwel-brajan-gruda-reiste-mit-dem-auto-aus-england-an-sport","status":"publish","type":"post","link":"https:\/\/www.europesays.com\/de\/767976\/","title":{"rendered":"RB Leipzig: Transfer-\u00dcberraschung! DFB-Juwel Brajan Gruda reiste mit dem Auto aus England an | Sport"},"content":{"rendered":"<p><a class=\"skip-content skip-content--link\" href=\"#in-content-skip-link-target-v-0-0\">TTS-Player \u00fcberspringen\u21b5<\/a><a id=\"in-content-skip-link-target-v-0-0\" class=\"skip-content--target-link-hidden skip-content skip-content--target-link\" href=\"#in-content-skip-link-target-v-0-0\">Artikel weiterlesen<\/a><\/p>\n<p><b>\u201eIch wollte unbedingt zu RB Leipzig wechseln, als klar war, dass f\u00fcr mich ein Winterwechsel m\u00f6glich ist\u201c, sagt Brajan Gruda (21) \u00fcber seine Leihe von Premier-League-Klub Brighton &amp; Hove Albion zur\u00fcck in die Bundesliga. <\/b><\/p>\n<p>Worte, die bei Transfervorstellungen \u00fcblich sind. Doch der fr\u00fchere Mainzer meint es komplett ernst\u00a0\u2013 wie seine verr\u00fcckte Anreise aus England beweist. Statt mit dem Flieger kam der deutsche U21-Nationalspieler nach BILD-Informationen mit dem Auto aus dem S\u00fcden Englands. Ein Elf-Stunden-Ritt \u00fcber 1052 Kilometer! <\/p>\n<p>Mehr zum Thema<\/p>\n<p>Begleitet von zwei Freunden war Leipzigs Transfer-\u00dcberraschung spontan bereits am Samstagabend gestartet und nach der Fahrt durch den Eurotunnel, Frankreich, Belgien und die Niederlande am Sonntagmorgen in Sachsen angekommen. Am Nachmittag folgte der Medizincheck und kurz nach Mitternacht die Vertragsunterschrift.<\/p>\n<p>Gruda brennt f\u00fcr Leipzig<\/p>\n<p>Sportgesch\u00e4ftsf\u00fchrer Marcel Sch\u00e4fer (41): \u201eWir haben ihn schon seit mehreren Jahren auf dem Schirm und h\u00e4tten ihn 2024 gern nach Leipzig geholt. Umso gl\u00fccklicher sind wir jetzt, auch wenn es sich zun\u00e4chst um eine Leihe handelt.\u201c<\/p>\n<p><img decoding=\"async\" width=\"992\" height=\"558\" alt=\"In England hat Gruda (M.) noch Vertrag bis Sommer 2028\" src=\"https:\/\/www.europesays.com\/de\/wp-content\/uploads\/2026\/02\/d4b6c4bf6e21f86480c3c0a7afb02a0c,69fde7e4.jpeg\"   class=\"landscape\" loading=\"lazy\"\/><\/p>\n<p class=\"fig__caption__text\">In England hat Gruda (M.) noch Vertrag bis Sommer 2028<\/p>\n<p>Foto: AP<\/p>\n<p>Gruda war damals f\u00fcr 31,5 Mio. Euro auf die Insel gewechselt und absolvierte seitdem 45 Spiele (vier Tore und acht Vorlagen). Zu wenig, um ins Blickfeld von Bundestrainer Julian Nagelsmann (38) zu kommen. Der vielseitig einsetzbare Offensivmann hofft auf Spielzeit in Leipzig und k\u00f6nnte es so auch noch in den WM-Kader schaffen.<\/p>\n<p>Gruda: \u201eIch f\u00fchle mich topfit, kenne bereits viele meiner neuen Mitspieler aus der Nationalmannschaft sowie der Bundesliga und m\u00f6chte helfen, <a href=\"https:\/\/www.bild.de\/sport\/fussball\/rb-leipzig\/startseite-leipzig-31148870.bild.html\" class=\"text-link\" rel=\"nofollow noopener\" target=\"_blank\">RB Leipzig<\/a> wieder zur\u00fcck nach Europa zu bringen.\u201c<\/p>\n<p>Gelingt das, d\u00fcrfte auch eine feste Verpflichtung Grudas, dessen Vertrag in England noch bis 2028 l\u00e4uft, im Sommer nicht ausgeschlossen sein\u00a0\u2026<\/p>\n","protected":false},"excerpt":{"rendered":"TTS-Player \u00fcberspringen\u21b5Artikel weiterlesen \u201eIch wollte unbedingt zu RB Leipzig wechseln, als klar war, dass f\u00fcr mich ein Winterwechsel&hellip;\n","protected":false},"author":2,"featured_media":767977,"comment_status":"","ping_status":"","sticky":false,"template":"","format":"standard","meta":{"footnotes":"","_share_on_mastodon":"0"},"categories":[136],"tags":[14007,29,538,30,61496,25014,1655,803,265,3460,4581,45,10780,14464],"class_list":["post-767976","post","type-post","status-publish","format-standard","has-post-thumbnail","category-sport","tag-brighton-hove-albion-f-c","tag-deutschland","tag-erste-bundesliga","tag-germany","tag-gruda-brajan","tag-mainz-05","tag-rb-leipzig","tag-spielertransfer","tag-sport","tag-sport-leuchtturm-leipzig","tag-sport-tag-im-ticker","tag-texttospeech","tag-transfercoup","tag-wintertransfer"],"share_on_mastodon":{"url":"https:\/\/pubeurope.com\/@de\/116005188654785371","error":""},"_links":{"self":[{"href":"https:\/\/www.europesays.com\/de\/wp-json\/wp\/v2\/posts\/767976","targetHints":{"allow":["GET"]}}],"collection":[{"href":"https:\/\/www.europesays.com\/de\/wp-json\/wp\/v2\/posts"}],"about":[{"href":"https:\/\/www.europesays.com\/de\/wp-json\/wp\/v2\/types\/post"}],"author":[{"embeddable":true,"href":"https:\/\/www.europesays.com\/de\/wp-json\/wp\/v2\/users\/2"}],"replies":[{"embeddable":true,"href":"https:\/\/www.europesays.com\/de\/wp-json\/wp\/v2\/comments?post=767976"}],"version-history":[{"count":0,"href":"https:\/\/www.europesays.com\/de\/wp-json\/wp\/v2\/posts\/767976\/revisions"}],"wp:featuredmedia":[{"embeddable":true,"href":"https:\/\/www.europesays.com\/de\/wp-json\/wp\/v2\/media\/767977"}],"wp:attachment":[{"href":"https:\/\/www.europesays.com\/de\/wp-json\/wp\/v2\/media?parent=767976"}],"wp:term":[{"taxonomy":"category","embeddable":true,"href":"https:\/\/www.europesays.com\/de\/wp-json\/wp\/v2\/categories?post=767976"},{"taxonomy":"post_tag","embeddable":true,"href":"https:\/\/www.europesays.com\/de\/wp-json\/wp\/v2\/tags?post=767976"}],"curies":[{"name":"wp","href":"https:\/\/api.w.org\/{rel}","templated":true}]}}