{"id":767997,"date":"2026-02-03T06:15:09","date_gmt":"2026-02-03T06:15:09","guid":{"rendered":"https:\/\/www.europesays.com\/de\/767997\/"},"modified":"2026-02-03T06:15:09","modified_gmt":"2026-02-03T06:15:09","slug":"cdu-will-einsatz-von-muellsaugern-in-viersen-pruefen-lassen","status":"publish","type":"post","link":"https:\/\/www.europesays.com\/de\/767997\/","title":{"rendered":"CDU will Einsatz von M\u00fcllsaugern in Viersen pr\u00fcfen lassen"},"content":{"rendered":"<p class=\"text_ohne_einzug richtext text-em-55 !leading-serif mx-6 desktop:mx-0\"> Herumliegender M\u00fcll ist in vielen St\u00e4dten ein Problem. Nicht jeder entsorgt seinen Abfall in den daf\u00fcr vorgesehenen M\u00fclleimern. Einige St\u00e4dte versuchen, diesem Problem mit einem M\u00fcllsauger entgegenzuwirken. Auch in Viersen k\u00f6nnten solche Stadtstaubsauger demn\u00e4chst f\u00fcr mehr Sauberkeit auf den Stra\u00dfen sorgen \u2013 das fordert zumindest die CDU-Stadtfraktion in einem Antrag. Die Partei will den Einsatz von M\u00fcllsaugern zur Stadtreinigung pr\u00fcfen zu lassen.<\/p>\n","protected":false},"excerpt":{"rendered":"Herumliegender M\u00fcll ist in vielen St\u00e4dten ein Problem. Nicht jeder entsorgt seinen Abfall in den daf\u00fcr vorgesehenen M\u00fclleimern.&hellip;\n","protected":false},"author":2,"featured_media":767998,"comment_status":"","ping_status":"","sticky":false,"template":"","format":"standard","meta":{"footnotes":"","_share_on_mastodon":"0"},"categories":[1849],"tags":[3364,29,588,548,663,3934,30,13,7738,4455,174509,14,15,1209,55749,12,174508,18183],"class_list":["post-767997","post","type-post","status-publish","format-standard","has-post-thumbnail","category-moenchengladbach","tag-de","tag-deutschland","tag-einsatz","tag-eu","tag-europa","tag-europe","tag-germany","tag-headlines","tag-kleve","tag-moenchengladbach","tag-muellsaugern","tag-nachrichten","tag-news","tag-nordrhein-westfalen","tag-pruefen","tag-schlagzeilen","tag-stadtsfraktion","tag-viersen"],"share_on_mastodon":{"url":"https:\/\/pubeurope.com\/@de\/116005235804468851","error":""},"_links":{"self":[{"href":"https:\/\/www.europesays.com\/de\/wp-json\/wp\/v2\/posts\/767997","targetHints":{"allow":["GET"]}}],"collection":[{"href":"https:\/\/www.europesays.com\/de\/wp-json\/wp\/v2\/posts"}],"about":[{"href":"https:\/\/www.europesays.com\/de\/wp-json\/wp\/v2\/types\/post"}],"author":[{"embeddable":true,"href":"https:\/\/www.europesays.com\/de\/wp-json\/wp\/v2\/users\/2"}],"replies":[{"embeddable":true,"href":"https:\/\/www.europesays.com\/de\/wp-json\/wp\/v2\/comments?post=767997"}],"version-history":[{"count":0,"href":"https:\/\/www.europesays.com\/de\/wp-json\/wp\/v2\/posts\/767997\/revisions"}],"wp:featuredmedia":[{"embeddable":true,"href":"https:\/\/www.europesays.com\/de\/wp-json\/wp\/v2\/media\/767998"}],"wp:attachment":[{"href":"https:\/\/www.europesays.com\/de\/wp-json\/wp\/v2\/media?parent=767997"}],"wp:term":[{"taxonomy":"category","embeddable":true,"href":"https:\/\/www.europesays.com\/de\/wp-json\/wp\/v2\/categories?post=767997"},{"taxonomy":"post_tag","embeddable":true,"href":"https:\/\/www.europesays.com\/de\/wp-json\/wp\/v2\/tags?post=767997"}],"curies":[{"name":"wp","href":"https:\/\/api.w.org\/{rel}","templated":true}]}}