{"id":768006,"date":"2026-02-03T06:22:10","date_gmt":"2026-02-03T06:22:10","guid":{"rendered":"https:\/\/www.europesays.com\/de\/768006\/"},"modified":"2026-02-03T06:22:10","modified_gmt":"2026-02-03T06:22:10","slug":"oepnv-wegen-mehrerer-linien-ausfaelle-beeintraechtigt","status":"publish","type":"post","link":"https:\/\/www.europesays.com\/de\/768006\/","title":{"rendered":"\u00d6PNV wegen mehrerer Linien-Ausf\u00e4lle beeintr\u00e4chtigt"},"content":{"rendered":"<p>            Dienstag, 3. Februar, 7.15 Uhr: Betriebsbedingte Ausf\u00e4lle am Dienstagmorgen<\/p>\n<p class=\"mb-6 text-xs md:text-m lg:text-l font-serif group-[.font-sans]:font-sans \">\n    <strong class=\"font-bold\">Linie S4:<\/strong><br \/>Auf der Linie <strong class=\"font-bold\">S4<\/strong> kommt es wegen Engp\u00e4ssen beim Fahrpersonal der AVG zu Fahrtausf\u00e4llen. Betroffen ist der Bereich zwischen <strong class=\"font-bold\">Karlsruhe Tullastra\u00dfe\/Alter Schlachthof<\/strong> und <strong class=\"font-bold\">Karlsruhe Albtalbahnhof<\/strong>. Folgende Fahrten fallen aus:\n  <\/p>\n<ul rel=\"\" class=\"[&amp;&gt;li]:relative list-none  [&amp;&gt;li]:pl-[1.2em] [&amp;&gt;li]:marker:text-[0] [&amp;&gt;li]:relative [&amp;&gt;li]:before:absolute [&amp;&gt;li]:before:w-3 [&amp;&gt;li]:before:h-3 [&amp;&gt;li]:before:bg-brand [&amp;&gt;li]:before:left-0 [&amp;&gt;li]:before:top-[8px] [&amp;&gt;li]:before:rounded-full  my-5\">\n<li class=\" mb-3 text-xs md:text-m lg:text-l\">Karlsruhe Tullastra\u00dfe (06:27 Uhr) &#8211; Karlsruhe Albtalbahnhof (06:42 Uhr)<\/li>\n<li class=\" mb-3 text-xs md:text-m lg:text-l\">Karlsruhe Albtalbahnhof (07:55 Uhr) &#8211; Karlsruhe Tullstra\u00dfe (08:10 Uhr)<\/li>\n<li class=\" mb-3 text-xs md:text-m lg:text-l\">Karlsruhe Tullastra\u00dfe (08:07 Uhr) &#8211; Karlsruhe Albtalbahnhof (08:26 Uhr)<\/li>\n<li class=\" mb-3 text-xs md:text-m lg:text-l\">Karlsruhe Albtalbahnhof (10:15 Uhr) &#8211; Karlsruhe Tullastra\u00dfe (10:29 Uhr)<\/li>\n<\/ul>\n<p class=\"mb-6 text-xs md:text-m lg:text-l font-serif group-[.font-sans]:font-sans \">\n    <strong class=\"font-bold\">Linie S5:<\/strong><br \/>Auf der Linie <strong class=\"font-bold\">S5<\/strong> kommt es wegen Engp\u00e4ssen beim Fahrpersonal der AVG zu Fahrtausf\u00e4llen. Betroffen ist der Bereich zwischen <strong class=\"font-bold\">Karlsruhe Albtalbahnhof<\/strong> und <strong class=\"font-bold\">S\u00f6llingen Bahnhof. <\/strong>Folgende Fahrten fallen aus:\n  <\/p>\n<ul rel=\"\" class=\"[&amp;&gt;li]:relative list-none  [&amp;&gt;li]:pl-[1.2em] [&amp;&gt;li]:marker:text-[0] [&amp;&gt;li]:relative [&amp;&gt;li]:before:absolute [&amp;&gt;li]:before:w-3 [&amp;&gt;li]:before:h-3 [&amp;&gt;li]:before:bg-brand [&amp;&gt;li]:before:left-0 [&amp;&gt;li]:before:top-[8px] [&amp;&gt;li]:before:rounded-full  my-5\">\n<li class=\" mb-3 text-xs md:text-m lg:text-l\">Karlsruhe Albtalbahnhof (05:02 Uhr) &#8211; S\u00f6llingen Bahnhof (05:35 Uhr)<\/li>\n<li class=\" mb-3 text-xs md:text-m lg:text-l\">S\u00f6llingen Bahnhof (05:58 Uhr) &#8211; W\u00f6rth Badepark (07:05 Uhr)<\/li>\n<li class=\" mb-3 text-xs md:text-m lg:text-l\">W\u00f6rth Badepark (07:15 Uhr) &#8211; S\u00f6llingen Bahnhof (08:17 Uhr)<\/li>\n<li class=\" mb-3 text-xs md:text-m lg:text-l\">S\u00f6llingen Bahnhof (08:38 Uhr) &#8211; Karlsruhe Marktplatz (09:06 Uhr)<\/li>\n<\/ul>\n<p class=\"mb-6 text-xs md:text-m lg:text-l font-serif group-[.font-sans]:font-sans \">\n    <strong class=\"font-bold\">Linien S7\/S71:<\/strong><br \/>Auf den Linien <strong class=\"font-bold\">S7<\/strong> und <strong class=\"font-bold\">S71<\/strong> kommt es wegen Engp\u00e4ssen beim Fahrpersonal der AVG zu Fahrtausf\u00e4llen. Betroffen ist der Bereich zwischen <strong class=\"font-bold\">Karlsruhe Hauptbahnhof<\/strong> und <strong class=\"font-bold\">Achern Bahnhof<\/strong>. Folgende Fahrten fallen aus:\n  <\/p>\n<ul rel=\"\" class=\"[&amp;&gt;li]:relative list-none  [&amp;&gt;li]:pl-[1.2em] [&amp;&gt;li]:marker:text-[0] [&amp;&gt;li]:relative [&amp;&gt;li]:before:absolute [&amp;&gt;li]:before:w-3 [&amp;&gt;li]:before:h-3 [&amp;&gt;li]:before:bg-brand [&amp;&gt;li]:before:left-0 [&amp;&gt;li]:before:top-[8px] [&amp;&gt;li]:before:rounded-full  my-5\">\n<li class=\" mb-3 text-xs md:text-m lg:text-l\">Karlsruhe Hauptbahnhof (05:16 Uhr) &#8211; Achern (06:08 Uhr)<\/li>\n<li class=\" mb-3 text-xs md:text-m lg:text-l\">Achern (06:17 Uhr) &#8211; Karlsruhe Albtalbahnhof (07:13 Uhr)<\/li>\n<\/ul>\n<p class=\"mb-6 text-xs md:text-m lg:text-l font-serif group-[.font-sans]:font-sans \">\n    <strong class=\"font-bold\">Linie S12:<\/strong><br \/>Auf der Linie <strong class=\"font-bold\">S12<\/strong> kommt es wegen Engp\u00e4ssen beim Fahrpersonal der AVG zu Fahrtausf\u00e4llen. Betroffen ist der Bereich zwischen <strong class=\"font-bold\">Ittersbach Rathaus<\/strong> und <strong class=\"font-bold\">Karlsruhe Rheinhafen. <\/strong>Folgende Fahrten fallen aus:\n  <\/p>\n<ul rel=\"\" class=\"[&amp;&gt;li]:relative list-none  [&amp;&gt;li]:pl-[1.2em] [&amp;&gt;li]:marker:text-[0] [&amp;&gt;li]:relative [&amp;&gt;li]:before:absolute [&amp;&gt;li]:before:w-3 [&amp;&gt;li]:before:h-3 [&amp;&gt;li]:before:bg-brand [&amp;&gt;li]:before:left-0 [&amp;&gt;li]:before:top-[8px] [&amp;&gt;li]:before:rounded-full  my-5\">\n<li class=\" mb-3 text-xs md:text-m lg:text-l\">Ittersbach Rathaus (07:06 Uhr) &#8211; Karlsruhe Rheinhafen (08:06 Uhr)<\/li>\n<\/ul>\n<p>            Montag, 2. Februar, 13:45 Uhr: Warnstreik und zahlreiche Linienausf\u00e4lle<\/p>\n<p class=\"mb-6 text-xs md:text-m lg:text-l font-serif group-[.font-sans]:font-sans \">\n    <a href=\"https:\/\/www.ka-news.de\/karlsruhe\/verkehr\/oepnv-warnstreik-legt-strassenbahnen-in-karlsruhe-lahm-diese-linien-sind-betroffen-3-2-26-113342792\" target=\"_self\" class=\"underline \" rel=\"nofollow noopener\">Neben dem Warnstreik am Montag, 2. Februar,<\/a> kommt es auch zu mehreren betriebsbedingten Fahrtausf\u00e4llen, die den \u00d6PNV belasten.\n  <\/p>\n<p class=\"mb-6 text-xs md:text-m lg:text-l font-serif group-[.font-sans]:font-sans \">\n    <strong class=\"font-bold\">Linie S7:<\/strong><br \/>Auf der Linie<strong class=\"font-bold\"> S7<\/strong> kommt es wegen Engp\u00e4ssen beim Fahrpersonal der AVG zu Fahrtausf\u00e4llen. Betroffen ist der Bereich zwischen <strong class=\"font-bold\">Karlsruhe Albtalbahnhof<\/strong> und <strong class=\"font-bold\">Karlsruhe Tullastra\u00dfe\/Alter Schlachthof<\/strong>. Folgende Fahrten fallen aus:\n  <\/p>\n<ul rel=\"\" class=\"[&amp;&gt;li]:relative list-none  [&amp;&gt;li]:pl-[1.2em] [&amp;&gt;li]:marker:text-[0] [&amp;&gt;li]:relative [&amp;&gt;li]:before:absolute [&amp;&gt;li]:before:w-3 [&amp;&gt;li]:before:h-3 [&amp;&gt;li]:before:bg-brand [&amp;&gt;li]:before:left-0 [&amp;&gt;li]:before:top-[8px] [&amp;&gt;li]:before:rounded-full  my-5\">\n<li class=\" mb-3 text-xs md:text-m lg:text-l\">Albtalbahnhof (13:25 Uhr) bis Tullastra\u00dfe (13:40 Uhr)<\/li>\n<li class=\" mb-3 text-xs md:text-m lg:text-l\">Tullastra\u00dfe (14:17 Uhr) bis Albtalbahnhof (14:32 Uhr)<\/li>\n<\/ul>\n<p class=\"mb-6 text-xs md:text-m lg:text-l font-serif group-[.font-sans]:font-sans \">\n    <strong class=\"font-bold\">Linie S4:<\/strong><br \/>Auf der Linie <strong class=\"font-bold\">S4<\/strong> kommt es wegen Engp\u00e4ssen beim Fahrpersonal der AVG zu Fahrtausf\u00e4llen. Betroffen ist der Bereich zwischen <strong class=\"font-bold\">Eppingen Bahnhof<\/strong> und <strong class=\"font-bold\">Karlsruhe Albtalbahnhof<\/strong>. Folgende Fahrten fallen aus:\n  <\/p>\n<ul rel=\"\" class=\"[&amp;&gt;li]:relative list-none  [&amp;&gt;li]:pl-[1.2em] [&amp;&gt;li]:marker:text-[0] [&amp;&gt;li]:relative [&amp;&gt;li]:before:absolute [&amp;&gt;li]:before:w-3 [&amp;&gt;li]:before:h-3 [&amp;&gt;li]:before:bg-brand [&amp;&gt;li]:before:left-0 [&amp;&gt;li]:before:top-[8px] [&amp;&gt;li]:before:rounded-full  my-5\">\n<li class=\" mb-3 text-xs md:text-m lg:text-l\">Eppingen (11:24 Uhr) bis Albtalbahnhof (12:42 Uhr)<\/li>\n<\/ul>\n<p class=\"mb-6 text-xs md:text-m lg:text-l font-serif group-[.font-sans]:font-sans \">\n    <strong class=\"font-bold\">Linien S5 und S6:<\/strong><br \/>Auf den Linien <strong class=\"font-bold\">S5<\/strong> und <strong class=\"font-bold\">S6<\/strong> kommt es wegen Engp\u00e4ssen beim Fahrpersonal der AVG zu Fahrtausf\u00e4llen. Betroffen ist der Bereich zwischen <strong class=\"font-bold\">W\u00f6rth Badepark<\/strong> und <strong class=\"font-bold\">Bad Wildbad Kurpark<\/strong>. Folgende Fahrten fallen aus:\n  <\/p>\n<ul rel=\"\" class=\"[&amp;&gt;li]:relative list-none  [&amp;&gt;li]:pl-[1.2em] [&amp;&gt;li]:marker:text-[0] [&amp;&gt;li]:relative [&amp;&gt;li]:before:absolute [&amp;&gt;li]:before:w-3 [&amp;&gt;li]:before:h-3 [&amp;&gt;li]:before:bg-brand [&amp;&gt;li]:before:left-0 [&amp;&gt;li]:before:top-[8px] [&amp;&gt;li]:before:rounded-full  my-5\">\n<li class=\" mb-3 text-xs md:text-m lg:text-l\">W\u00f6rth Badepark (11:45) Uhr bis Pforzheim Hbf. (13:10 Uhr)<\/li>\n<li class=\" mb-3 text-xs md:text-m lg:text-l\">Rheinbergstr. (10:52 Uhr) bis S\u00f6llingen Bf. (11:37 Uhr)<\/li>\n<li class=\" mb-3 text-xs md:text-m lg:text-l\">S\u00f6llingen Bf. (11:51 Uhr) bis Tullastra\u00dfe (12:10 Uhr)<\/li>\n<li class=\" mb-3 text-xs md:text-m lg:text-l\">Pforzheim Hbf (20:06 Uhr) bis Rheinbergstra\u00dfe (21:14 Uhr)<\/li>\n<\/ul>\n<p>            9.49 Uhr: Versp\u00e4tungen auch Richtung Bad Herrenalb<\/p>\n<p class=\"mb-6 text-xs md:text-m lg:text-l font-serif group-[.font-sans]:font-sans \">\n    Wie die Albtal-Verkehrs-Gesellschaft in einer Pressemeldung bekannt gibt, kommt es auch im Bereich <strong class=\"font-bold\">zwischen Ettlingen und Bad Herrenalb sowie Ettlingen und Ittersbach<\/strong> wegen einer vereisten Oberleitung in beiden Richtungen zu <strong class=\"font-bold\">Versp\u00e4tungen und Fahrtausf\u00e4llen.<\/strong>\n  <\/p>\n<p class=\"mb-6 text-xs md:text-m lg:text-l font-serif group-[.font-sans]:font-sans \">\n    Ein <strong class=\"font-bold\">SEV<\/strong> ist jeweils zwischen Ettlingen und Ittersbach sowie Ettlingen und Bad Herrenalb eingerichtet. Die AVG-Stadtbahnen <strong class=\"font-bold\">enden in Ettlingen Stadt.<\/strong>\n  <\/p>\n<p>            Freitag, 30. Januar 2026, 7.24 Uhr: St\u00f6rung auf Linie S2<\/p>\n<p class=\"mb-6 text-xs md:text-m lg:text-l font-serif group-[.font-sans]:font-sans \">\n    Am Freitagmorgen kommt es zu einer witterungsbedingten St\u00f6rung im Bereich Stutensee zwischen Sp\u00f6ck, Richard-Hecht-Schule und Karlsruhe Essenweinstra\u00dfe in beiden Richtungen. Laut Verkehrsticker der Verkehrsbetriebe Karlsruhe (VBK) endet die Linie S2 an der Tullastra\u00dfe. Ein SEV ist zwischen Tullastra\u00dfe und Sp\u00f6ck eingerichtet. Die St\u00f6rung soll bis voraussichtlich 9 Uhr behoben werden.\n  <\/p>\n<p>    <img decoding=\"async\" src=\"https:\/\/images.mgpd.de\/img\/113318559\/crop\/c16_9-w100\/635890364\/1870571689\/screenshot-2026-01-30-071727.png\" alt=\"St\u00f6rung S2 Stutensee am 30. Januar 2026.\" title=\"St\u00f6rung S2 Stutensee am 30. Januar 2026.\" loading=\"lazy\" class=\"h-full w-full object-cover\"\/><\/p>\n<p>      Icon vergr\u00f6\u00dfern<\/p>\n<p>    St\u00f6rung S2 Stutensee am 30. Januar 2026.<br \/>\n    Foto: Thomas Riedel<\/p>\n<p>        Schlie\u00dfen <\/p>\n<p>      Icon Schlie\u00dfen<\/p>\n<p>        Icon vergr\u00f6\u00dfern<\/p>\n<p>        Icon verkleinern<\/p>\n<p>      Icon Pfeil bewegen<\/p>\n<p>    St\u00f6rung S2 Stutensee am 30. Januar 2026.<br \/>\n    Foto: Thomas Riedel<\/p>\n<p>            Stromausfall legt Karlsruhe Hbf lahm<\/p>\n<p class=\"mb-6 text-xs md:text-m lg:text-l font-serif group-[.font-sans]:font-sans \">\n    Am Abend zuvor, Donnerstag, 29. Januar, kam es zu einem Stromausfall am Karlsruher Hauptbahnhof. Der Zugverkehr in allen Richtungen wurde massiv beeintr\u00e4chtigt. Ursache war laut Informationen der Deutschen Bahn (db) der Riss eines Tragseils im Gleis Karlsruhe Hbf und Ettlingen West. Die St\u00f6rung trat um 20.10 Uhr auf. Nach Lageerkundung und Eingrenzung der Oberleitungsst\u00f6rung konnte der Verkehr ab 21.20 Uhr von\/nach Karlsruhe Hbf \u00fcber die Gleise 1 bin 6, dem Pf\u00e4lzer Bahnhof und von\/nach Albtalbahnhof wieder aufgenommen werden.\n  <\/p>\n<p class=\"mb-6 text-xs md:text-m lg:text-l font-serif group-[.font-sans]:font-sans \">\n    Insgesamt waren 110 Z\u00fcge (Personenverkehr und auch G\u00fcterverkehr) von der Oberleitungsst\u00f6rung betroffen. Die Oberleitungsst\u00f6rung war um 0.15 Uhr behoben.\n  <\/p>\n<ul data-module-id=\"DragDropModule\" class=\"flex flex-wrap justify-start group-[.no-bookmarks]:hidden\">\n<li class=\"mb-3 mr-3\">\n    Gerrit Lieb<\/p>\n<p>      Icon Haken im Kreis gesetzt<\/p>\n<p>      Icon Plus im Kreis<\/p>\n<\/li>\n<li class=\"mb-3 mr-3\">\n    Karlsruhe<\/p>\n<p>      Icon Haken im Kreis gesetzt<\/p>\n<p>      Icon Plus im Kreis<\/p>\n<\/li>\n<li class=\"mb-3 mr-3\">\n    AVG<\/p>\n<p>      Icon Haken im Kreis gesetzt<\/p>\n<p>      Icon Plus im Kreis<\/p>\n<\/li>\n<\/ul>\n","protected":false},"excerpt":{"rendered":"Dienstag, 3. Februar, 7.15 Uhr: Betriebsbedingte Ausf\u00e4lle am Dienstagmorgen Linie S4:Auf der Linie S4 kommt es wegen Engp\u00e4ssen&hellip;\n","protected":false},"author":2,"featured_media":768007,"comment_status":"","ping_status":"","sticky":false,"template":"","format":"standard","meta":{"footnotes":"","_share_on_mastodon":"0"},"categories":[1844],"tags":[1325,2161,31187,1634,3364,29,31190,129266,144295,30,172826,8903,63083,2523],"class_list":["post-768006","post","type-post","status-publish","format-standard","has-post-thumbnail","category-karlsruhe","tag-ausfall","tag-avg","tag-bad-herrenalb","tag-baden-wuerttemberg","tag-de","tag-deutschland","tag-ettlingen","tag-fahrpersonal","tag-fahrtausfall","tag-germany","tag-ittersbach","tag-karlsruhe","tag-schlachthof","tag-warnstreik"],"share_on_mastodon":{"url":"https:\/\/pubeurope.com\/@de\/116005263752063960","error":""},"_links":{"self":[{"href":"https:\/\/www.europesays.com\/de\/wp-json\/wp\/v2\/posts\/768006","targetHints":{"allow":["GET"]}}],"collection":[{"href":"https:\/\/www.europesays.com\/de\/wp-json\/wp\/v2\/posts"}],"about":[{"href":"https:\/\/www.europesays.com\/de\/wp-json\/wp\/v2\/types\/post"}],"author":[{"embeddable":true,"href":"https:\/\/www.europesays.com\/de\/wp-json\/wp\/v2\/users\/2"}],"replies":[{"embeddable":true,"href":"https:\/\/www.europesays.com\/de\/wp-json\/wp\/v2\/comments?post=768006"}],"version-history":[{"count":0,"href":"https:\/\/www.europesays.com\/de\/wp-json\/wp\/v2\/posts\/768006\/revisions"}],"wp:featuredmedia":[{"embeddable":true,"href":"https:\/\/www.europesays.com\/de\/wp-json\/wp\/v2\/media\/768007"}],"wp:attachment":[{"href":"https:\/\/www.europesays.com\/de\/wp-json\/wp\/v2\/media?parent=768006"}],"wp:term":[{"taxonomy":"category","embeddable":true,"href":"https:\/\/www.europesays.com\/de\/wp-json\/wp\/v2\/categories?post=768006"},{"taxonomy":"post_tag","embeddable":true,"href":"https:\/\/www.europesays.com\/de\/wp-json\/wp\/v2\/tags?post=768006"}],"curies":[{"name":"wp","href":"https:\/\/api.w.org\/{rel}","templated":true}]}}